{"id":4179,"date":"2019-10-21T22:02:38","date_gmt":"2019-10-21T20:02:38","guid":{"rendered":"http:\/\/spazioaldamerini.org\/?p=4179"},"modified":"2019-10-21T22:02:38","modified_gmt":"2019-10-21T20:02:38","slug":"10-11-19-serena-vestene-con-cerco-parole-una-corsa-di-foglie","status":"publish","type":"post","link":"https:\/\/lacasadelleartiste.it\/?p=4179","title":{"rendered":"10 11 19 Serena Vestene con \u00abCerco parole \u2013 una corsa di foglie\u00bb"},"content":{"rendered":"<p><a href=\"https:\/\/auserbo.bitcafe.it\/wp-content\/uploads\/2019\/10\/loc-vestene-web.jpg\"><img loading=\"lazy\" class=\"alignnone size-full wp-image-4181\" src=\"https:\/\/auserbo.bitcafe.it\/wp-content\/uploads\/2019\/10\/loc-vestene-web.jpg\" alt=\"\" width=\"595\" height=\"743\" srcset=\"https:\/\/lacasadelleartiste.it\/wp-content\/uploads\/2019\/10\/loc-vestene-web.jpg 595w, https:\/\/lacasadelleartiste.it\/wp-content\/uploads\/2019\/10\/loc-vestene-web-240x300.jpg 240w\" sizes=\"(max-width: 595px) 100vw, 595px\" \/><\/a><\/p>\n<p>&nbsp;<\/p>\n<p><strong>10 novembre 2019 &#8211; ore 18.00<\/strong><\/p>\n<p>&nbsp;<\/p>\n<h2><strong>Serena Vestene <\/strong><\/h2>\n<p><strong>\u201cCerco parole \u2013 una corsa di foglie\u201d tra recitazione e canzone<\/strong><\/p>\n<p>per la presentazione del suo libro ( edito da Robin)<\/p>\n<h2>\u00abInginocchiata a picco sul cielo\u00bb<\/h2>\n<p>***<\/p>\n<p>un omaggio ad Alda Merini e al cantautore e poeta Mango.<\/p>\n<p>Con <strong>Patrizia Crisalide Mantegazza, Daniela Cattani Rusich e la cantautrice Patrizia Cirulli.<\/strong><\/p>\n<p>Introduce <strong><em>Daniela Gilardoni<\/em><\/strong>.<\/p>\n<p>Ingresso libero.<\/p>\n<p>&nbsp;<\/p>\n<p><strong>Serena Vestene<\/strong> \u00e8 nata e vive a Verona.<br \/>\nNell\u2019aprile del 2013 ha pubblicato la sua prima silloge poetica \u201cAd occhi spenti\u201d (Edizioni Photocity) che \u00e8 stata presentata anche davanti ad illustri circoli letterari.<br \/>\nNel marzo 2016 ha ottenuto l\u2019attestato di merito per la poesia \u201cLa donna e la musica\u201d al premio \u201cPrimavera \u00e8 donna\u201d di Sal\u00f2.<br \/>\n\u201cInginocchiata a picco sul cielo\u201d \u00e8 la sua seconda raccolta di poesie.<br \/>\nAmante dei viaggi e degli scambi culturali, cos\u00ec come appassionata d\u2019arte in ogni sua forma, da qualche anno ha anche iniziato a dipingere su tela.<\/p>\n<p>[&#8230;] \u00e8 nata una nuova voce importante nel caotico universo della poesia attuale italiana. Purtroppo, siamo sempre meno \u201cin ascolto\u201d perch\u00e9 la poesia ci mette in contatto con il nostro vero s\u00e9, la poesia \u00e8 un mondo cui tutti apparteniamo, in modo attivo o passivo, anche semplicemente vivendo. E ci vuole coraggio per affrontarla.<br \/>\nNon rinunciamo a questa esperienza, a questo viaggio immaginifico, all\u2019incanto dei versi di Serena, che ci faranno volare alto.<br \/>\n<em>(dalla Prefazione della poetessa Daniela Cattani Rusich)<\/em><\/p>\n","protected":false},"excerpt":{"rendered":"<p>&nbsp; 10 novembre 2019 &#8211; ore 18.00 &nbsp; Serena Vestene \u201cCerco parole \u2013 una corsa di foglie\u201d tra recitazione e canzone per la presentazione del suo libro ( edito da Robin) \u00abInginocchiata a picco sul cielo\u00bb *** un omaggio ad Alda Merini e al cantautore e poeta Mango. Con Patrizia Crisalide Mantegazza, Daniela Cattani Rusich [&hellip;]<\/p>\n","protected":false},"author":1,"featured_media":4181,"comment_status":"open","ping_status":"open","sticky":false,"template":"","format":"standard","meta":[],"categories":[20],"tags":[30],"_links":{"self":[{"href":"https:\/\/lacasadelleartiste.it\/index.php?rest_route=\/wp\/v2\/posts\/4179"}],"collection":[{"href":"https:\/\/lacasadelleartiste.it\/index.php?rest_route=\/wp\/v2\/posts"}],"about":[{"href":"https:\/\/lacasadelleartiste.it\/index.php?rest_route=\/wp\/v2\/types\/post"}],"author":[{"embeddable":true,"href":"https:\/\/lacasadelleartiste.it\/index.php?rest_route=\/wp\/v2\/users\/1"}],"replies":[{"embeddable":true,"href":"https:\/\/lacasadelleartiste.it\/index.php?rest_route=%2Fwp%2Fv2%2Fcomments&post=4179"}],"version-history":[{"count":0,"href":"https:\/\/lacasadelleartiste.it\/index.php?rest_route=\/wp\/v2\/posts\/4179\/revisions"}],"wp:featuredmedia":[{"embeddable":true,"href":"https:\/\/lacasadelleartiste.it\/index.php?rest_route=\/wp\/v2\/media\/4181"}],"wp:attachment":[{"href":"https:\/\/lacasadelleartiste.it\/index.php?rest_route=%2Fwp%2Fv2%2Fmedia&parent=4179"}],"wp:term":[{"taxonomy":"category","embeddable":true,"href":"https:\/\/lacasadelleartiste.it\/index.php?rest_route=%2Fwp%2Fv2%2Fcategories&post=4179"},{"taxonomy":"post_tag","embeddable":true,"href":"https:\/\/lacasadelleartiste.it\/index.php?rest_route=%2Fwp%2Fv2%2Ftags&post=4179"}],"curies":[{"name":"wp","href":"https:\/\/api.w.org\/{rel}","templated":true}]}}