{"id":4132,"date":"2019-10-15T12:47:54","date_gmt":"2019-10-15T10:47:54","guid":{"rendered":"http:\/\/spazioaldamerini.org\/?p=4132"},"modified":"2019-10-15T12:47:54","modified_gmt":"2019-10-15T10:47:54","slug":"19-10-19-sondrio-la-notte-dei-poeti-sotto-il-segno-di-alda-merini-e-fabrizio-de-andre","status":"publish","type":"post","link":"https:\/\/lacasadelleartiste.it\/?p=4132","title":{"rendered":"19 10 19 Sondrio \u00abLa notte dei poeti sotto il segno di Alda Merini e Fabrizio De Andr\u00e9\u00bb"},"content":{"rendered":"<p><a href=\"https:\/\/auserbo.bitcafe.it\/wp-content\/uploads\/2019\/10\/progetto-alfa-sondrio.png\"><img loading=\"lazy\" class=\"alignnone size-full wp-image-4133\" src=\"https:\/\/auserbo.bitcafe.it\/wp-content\/uploads\/2019\/10\/progetto-alfa-sondrio.png\" alt=\"\" width=\"679\" height=\"960\" srcset=\"https:\/\/lacasadelleartiste.it\/wp-content\/uploads\/2019\/10\/progetto-alfa-sondrio.png 679w, https:\/\/lacasadelleartiste.it\/wp-content\/uploads\/2019\/10\/progetto-alfa-sondrio-212x300.png 212w\" sizes=\"(max-width: 679px) 100vw, 679px\" \/><\/a><\/p>\n<p>Evento promosso da Progetto Alfa, in collaborazione, tra gli altri, con La Casa delle Artiste &#8211; Spazio Alda Merini<\/p>\n<p><span id=\"fbPhotoSnowliftCaption\" class=\"fbPhotosPhotoCaption\"><span class=\"hasCaption\">Siamo lieti di annunciarvi che il prossimo 19 ottobre avverr\u00e0 al <a href=\"https:\/\/www.facebook.com\/teatrosocialedisondrio\/?__tn__=%2CdK%2AF-R&amp;eid=ARAHb3PlHIGvrfUlg3lsxdUhjYovrk_DPu6drmJKdFOTpS52f1_-E1swBXFZs9hsyPDm4uNBRe2853mS\">Teatro Sociale di Sondrio<\/a>, alle ore 21, la premiazione del <a href=\"https:\/\/www.facebook.com\/vipremiogiovannibertacchi\/?__tn__=%2CdK%2AF-R&amp;eid=ARCTp67HP0HgIlMWORBnUo_ly8Lu0Qk_P79WbLNaKivj_Umklfi22CFGBMegAXqDB1Oj1eSOZ0Wo13Wb\">VI Premio internazionale di poesia Giovanni Bertacchi<\/a>, al quale siete invitati a partecipare.<\/p>\n<p>Alla assegnazione dei riconoscimenti far\u00e0 da sottofondo uno spettacolo che racconta una fiaba realmente accaduta, ovvero l\u2019incontro di Fabrizio de Andr\u00e9 ed Alda Merini.<\/p>\n<p>Le parol<span class=\"text_exposed_show\">e, i gesti del quotidiano, la musica e la poesia rivivono all\u2019interno di una cornice che \u00e8 casa, lavoro, strada, vita di tutti i giorni ma non \u00e8 fino in fondo nessuno di questi luoghi. \u201cLa Notte dei Poeti&#8221; (questo \u00e8 il nome della manifestazione) rievocher\u00e0 in maniera viva la voce di Fabrizio De Andr\u00e9 ed Alda Merini attraverso <a href=\"https:\/\/www.facebook.com\/massimobubolaofficial\/?__tn__=%2CdK%2AF-R&amp;eid=ARDvBVJ7D3bPqgQ3dtVJWISdwV7G07uo6sFSf-SYM4Hx1ldbvcnqUy_zJWwOx4Aa_5aT1foiAeh3q9B7\">Massimo Bubola<\/a> (che ha collaborato col cantautore ligure), <a href=\"https:\/\/www.facebook.com\/patrizia.pili.7?__tn__=%2CdK%2AF-R&amp;eid=ARC6L2C7SN93FgoJJK1yZGEFbG5j48RRapLu6XkS3CPgCkYEnDiQZkibmT8BBf3__ZPPTgpXxsDUfqvY\">Patrizia Pili<\/a> <a href=\"https:\/\/www.facebook.com\/tore.locatelli?__tn__=%2CdK%2AF-R&amp;eid=ARCL0FXtUiccxursBL2cd6OsiZoxr6EO-1p6FPS1foAxXXBky3EuiIX98x3FSF49h8L_gJJsp5tel8Bv\">Tore Locatelli<\/a> e Simona Cremonesi (del gruppo Paralleli Latini) che sperimentano un nuovo sound con echi di altri mondi.<\/p>\n<p>Gigliola Amonini incarner\u00e0 la poetessa Alda Merini, in una esibizione che, con le musiche di Ugo Altamore, ci regaler\u00e0 l\u2019emozione di essere al cospetto di questo grande animo poetico dei nostri ultimi tempi.<\/p>\n<p>Serena Longaretti, presidente di Italia Nostra Lombardia, ricorder\u00e0 le battaglie che persegue questa importante associazione e premier\u00e0 la poesia che meglio rappresenta l\u2019Italia dei nostri giorni. <a href=\"https:\/\/www.facebook.com\/ItaliaNostraOnlus\/?__tn__=%2CdK%2AF-R&amp;eid=ARDeFKW-RU-J2XfOxouCi8_fVh9v8Oq-bQkbzMcaL9HnkalPGJ_XulHVD6h2KI74y0wOBSbgeCzMMWRO\">Italia Nostra<\/a> ha concesso il patrocinio a questa manifestazione, in considerazione del fatto che questa iniziativa concorsuale focalizza temi quale la tutela del patrimonio linguistico nonch\u00e9 trasmette valori di attaccamento e preservazione della storia, cultura e tradizioni del territorio in cui viviamo.<\/p>\n<p><a href=\"https:\/\/www.facebook.com\/martina.medde.5?__tn__=%2CdK%2AF-R&amp;eid=ARBnITwSOszaGdAQgapag8nZ11iYScmKXWnDJU_NdXhewNco0U_WyPqCKsBO33wA27XOJMoLOosYJTcx\">Martina Medde<\/a> ingentilir\u00e0 la serata con le sue danze e coreografie. <\/span><\/span><\/span><\/p>\n<p><span id=\"fbPhotoSnowliftCaption\" class=\"fbPhotosPhotoCaption\"><span class=\"hasCaption\"><span class=\"text_exposed_show\"><br \/>\nDiana Battaggia, direttore artistico de &#8220;La Casa delle Artiste&#8221;, associazione che gestisce dal 2014 1a <a href=\"https:\/\/www.facebook.com\/casadelleartispazioaldamerini\/?__tn__=%2CdK%2AF-R&amp;eid=ARBPYmfiaISNVc8C81D67o1vUCXXts9v_olECELnjIfFZzQsi9HeggUGvs6uO0CGe5LhXzIw4a4pGDF4\">Casa delle Arti &#8211; Spazio Alda Merini<\/a>, ora &#8220;Casa Museo Alda Merini&#8221;, illustrer\u00e0 la vera anima di una poetessa che non ha lasciato indifferente nessuno.<\/p>\n<p>Sar\u00e0 presente anche <a href=\"https:\/\/www.facebook.com\/alessandro.dagostini.poeta?__tn__=%2CdK%2AF-R&amp;eid=ARBWZPLYAPtCkcclgAwLr2Vlj64e6VVRJd-L4j8seC6aa-NK8AGqIpQVgbxVpLoCm4jkvgHnMH0dZWUE\">Alessandro D&#8217;Agostini<\/a>, poeta, attore, presentatore eclettico e autore televisivo de &#8220;La Setta dei poeti estinti&#8221; su Rai 2. Come fondatore del &#8220;Movimento Poeti d&#8217;azione&#8221;, che ci incanter\u00e0 con la forza delle parole scritte in versi. La serata sar\u00e0 condotta dal presentatore <a href=\"https:\/\/www.facebook.com\/bruno.ligari?__tn__=%2CdK%2AF-R&amp;eid=ARAGulCUhKYOeKa_9PRh4j4CqTfuukhHGEBjoXDPVAmaifPoaf-oSJCm-prYhUN1eROnUTB5zO7z37rC\">Bruno Ligari<\/a>.<\/span><\/span><\/span><\/p>\n","protected":false},"excerpt":{"rendered":"<p>Evento promosso da Progetto Alfa, in collaborazione, tra gli altri, con La Casa delle Artiste &#8211; Spazio Alda Merini Siamo lieti di annunciarvi che il prossimo 19 ottobre avverr\u00e0 al Teatro Sociale di Sondrio, alle ore 21, la premiazione del VI Premio internazionale di poesia Giovanni Bertacchi, al quale siete invitati a partecipare. Alla assegnazione [&hellip;]<\/p>\n","protected":false},"author":1,"featured_media":4133,"comment_status":"open","ping_status":"open","sticky":false,"template":"","format":"standard","meta":[],"categories":[8],"tags":[30],"_links":{"self":[{"href":"https:\/\/lacasadelleartiste.it\/index.php?rest_route=\/wp\/v2\/posts\/4132"}],"collection":[{"href":"https:\/\/lacasadelleartiste.it\/index.php?rest_route=\/wp\/v2\/posts"}],"about":[{"href":"https:\/\/lacasadelleartiste.it\/index.php?rest_route=\/wp\/v2\/types\/post"}],"author":[{"embeddable":true,"href":"https:\/\/lacasadelleartiste.it\/index.php?rest_route=\/wp\/v2\/users\/1"}],"replies":[{"embeddable":true,"href":"https:\/\/lacasadelleartiste.it\/index.php?rest_route=%2Fwp%2Fv2%2Fcomments&post=4132"}],"version-history":[{"count":0,"href":"https:\/\/lacasadelleartiste.it\/index.php?rest_route=\/wp\/v2\/posts\/4132\/revisions"}],"wp:featuredmedia":[{"embeddable":true,"href":"https:\/\/lacasadelleartiste.it\/index.php?rest_route=\/wp\/v2\/media\/4133"}],"wp:attachment":[{"href":"https:\/\/lacasadelleartiste.it\/index.php?rest_route=%2Fwp%2Fv2%2Fmedia&parent=4132"}],"wp:term":[{"taxonomy":"category","embeddable":true,"href":"https:\/\/lacasadelleartiste.it\/index.php?rest_route=%2Fwp%2Fv2%2Fcategories&post=4132"},{"taxonomy":"post_tag","embeddable":true,"href":"https:\/\/lacasadelleartiste.it\/index.php?rest_route=%2Fwp%2Fv2%2Ftags&post=4132"}],"curies":[{"name":"wp","href":"https:\/\/api.w.org\/{rel}","templated":true}]}}