{"id":4115,"date":"2019-10-04T12:46:26","date_gmt":"2019-10-04T10:46:26","guid":{"rendered":"http:\/\/spazioaldamerini.org\/?p=4115"},"modified":"2019-10-04T12:46:26","modified_gmt":"2019-10-04T10:46:26","slug":"napoli-5-10-19-mare-nostrum-rassegna-int-le-darte-in-collaborazione-con-spazio-alda-merini","status":"publish","type":"post","link":"https:\/\/lacasadelleartiste.it\/?p=4115","title":{"rendered":"Napoli 5 10 19 MARE NOSTRUM rassegna int.le d&#8217;arte in collaborazione con Spazio Alda Merini"},"content":{"rendered":"<p><a href=\"https:\/\/auserbo.bitcafe.it\/wp-content\/uploads\/2019\/10\/marenostrum.jpg\"><img loading=\"lazy\" class=\"alignnone size-full wp-image-4116\" src=\"https:\/\/auserbo.bitcafe.it\/wp-content\/uploads\/2019\/10\/marenostrum.jpg\" alt=\"\" width=\"678\" height=\"960\" srcset=\"https:\/\/lacasadelleartiste.it\/wp-content\/uploads\/2019\/10\/marenostrum.jpg 678w, https:\/\/lacasadelleartiste.it\/wp-content\/uploads\/2019\/10\/marenostrum-212x300.jpg 212w\" sizes=\"(max-width: 678px) 100vw, 678px\" \/><\/a><\/p>\n<p><a href=\"https:\/\/auserbo.bitcafe.it\/wp-content\/uploads\/2019\/10\/mn-2.jpg\"><img loading=\"lazy\" class=\"alignnone size-full wp-image-4118\" src=\"https:\/\/auserbo.bitcafe.it\/wp-content\/uploads\/2019\/10\/mn-2.jpg\" alt=\"\" width=\"640\" height=\"911\" srcset=\"https:\/\/lacasadelleartiste.it\/wp-content\/uploads\/2019\/10\/mn-2.jpg 640w, https:\/\/lacasadelleartiste.it\/wp-content\/uploads\/2019\/10\/mn-2-211x300.jpg 211w\" sizes=\"(max-width: 640px) 100vw, 640px\" \/><\/a><\/p>\n<p>in collaborazione con La Casa delle Artiste &#8211; Spazio Alda Merini<\/p>\n<p>&nbsp;<\/p>\n<div id=\"id_5d9722295abbd3088666478\" class=\"text_exposed_root text_exposed\">COMUNICATO STAMPA<\/p>\n<p>Napoli capitale di \u201cMare Nostrum\u201d<br \/>\nSabato 5 ottobre si inaugura la mostra d\u2019arte internazionale<br \/>\n<span class=\"text_exposed_show\"><br \/>\nA Castel dell\u2019Ovo a Napoli, il 5 ottobre prossimo alle ore 11,00, si terr\u00e0 l\u2019inaugurazione di \u201cMare Nostrum\u201d, la Mostra internazionale d\u2019arte contemporanea promossa dall\u2019Assessorato alla Cultura e al Turismo Del Comune di Napoli, dall\u2019Associazione culturale Arteuropa di Avellino presieduta da Enzo Angiuoni, con la collaborazione dell\u2019artista Luciana Mascia, Vicepresidente UCAI sez. di Napoli.<br \/>\nVengono presentate al pubblico selezionate opere di qualificati artisti italiani e stranieri, invitati, per l\u2019occasione, ad esprimersi nelle pi\u00f9 svariate forme d\u2019arte: dalla pittura alla scultura, dalla fotografia alla grafica, alla poesia visiva per un percorso itinerante con un articolato e fitto calendario che, nel biennio 2019\/2020 toccher\u00e0 numerose regioni d\u2019Italia, oltre a tappe significative anche in Europa.<br \/>\nAd aprire il programma itinerante \u00e8 la Citt\u00e0 Partenopea ove, il 5 ottobre alle ore 11,00, presso le prestigiose sale espositive di Castel dell\u2019Ovo, Lungomare Caracciolo, si terr\u00e0 il vernissage alla presenza dell\u2019Assessore alla Cultura del Comune di Napoli Nino Daniele.<br \/>\nInterverranno altres\u00ec il presidente di Arteuropa Enzo Angiuoni, Luciana Mascia Vicepresidente UCAI, Maria Teresa Di Nardo presidente associazione culturale Semata di Taranto, Luigi Gatto presidente associazione Cilento Cultura in Movimento, Lucia Basile referente critico dell\u2019evento.<br \/>\nLa mostra, visitabile sino al 25 ottobre dar\u00e0 la possibilit\u00e0 a tutti i visitatori di ammirare oltre 100 opere uniche nel loro genere, ispirate tanto dal fascino e dalla bellezza del nostro mare, quanto da tematiche ad esso strettamente connesse, come gli aspetti ambientali o la \u201csatira\u201d legata ai sempre pi\u00f9 frequenti fatti di cronaca. Il mare, quale fonte di vita, \u00e8 oggetto di interessanti installazioni poetiche, nonch\u00e9 soggetto di inusuali scatti fotografici.<\/p>\n<p>Info 333 2589539 \u2013 338 5952356<\/span><\/div>\n<p>&nbsp;<\/p>\n","protected":false},"excerpt":{"rendered":"<p>in collaborazione con La Casa delle Artiste &#8211; Spazio Alda Merini &nbsp; COMUNICATO STAMPA Napoli capitale di \u201cMare Nostrum\u201d Sabato 5 ottobre si inaugura la mostra d\u2019arte internazionale A Castel dell\u2019Ovo a Napoli, il 5 ottobre prossimo alle ore 11,00, si terr\u00e0 l\u2019inaugurazione di \u201cMare Nostrum\u201d, la Mostra internazionale d\u2019arte contemporanea promossa dall\u2019Assessorato alla Cultura [&hellip;]<\/p>\n","protected":false},"author":1,"featured_media":4116,"comment_status":"open","ping_status":"open","sticky":false,"template":"","format":"standard","meta":[],"categories":[8],"tags":[30],"_links":{"self":[{"href":"https:\/\/lacasadelleartiste.it\/index.php?rest_route=\/wp\/v2\/posts\/4115"}],"collection":[{"href":"https:\/\/lacasadelleartiste.it\/index.php?rest_route=\/wp\/v2\/posts"}],"about":[{"href":"https:\/\/lacasadelleartiste.it\/index.php?rest_route=\/wp\/v2\/types\/post"}],"author":[{"embeddable":true,"href":"https:\/\/lacasadelleartiste.it\/index.php?rest_route=\/wp\/v2\/users\/1"}],"replies":[{"embeddable":true,"href":"https:\/\/lacasadelleartiste.it\/index.php?rest_route=%2Fwp%2Fv2%2Fcomments&post=4115"}],"version-history":[{"count":0,"href":"https:\/\/lacasadelleartiste.it\/index.php?rest_route=\/wp\/v2\/posts\/4115\/revisions"}],"wp:featuredmedia":[{"embeddable":true,"href":"https:\/\/lacasadelleartiste.it\/index.php?rest_route=\/wp\/v2\/media\/4116"}],"wp:attachment":[{"href":"https:\/\/lacasadelleartiste.it\/index.php?rest_route=%2Fwp%2Fv2%2Fmedia&parent=4115"}],"wp:term":[{"taxonomy":"category","embeddable":true,"href":"https:\/\/lacasadelleartiste.it\/index.php?rest_route=%2Fwp%2Fv2%2Fcategories&post=4115"},{"taxonomy":"post_tag","embeddable":true,"href":"https:\/\/lacasadelleartiste.it\/index.php?rest_route=%2Fwp%2Fv2%2Ftags&post=4115"}],"curies":[{"name":"wp","href":"https:\/\/api.w.org\/{rel}","templated":true}]}}