{"id":4095,"date":"2019-10-01T15:43:09","date_gmt":"2019-10-01T13:43:09","guid":{"rendered":"http:\/\/spazioaldamerini.org\/?p=4095"},"modified":"2019-10-01T15:43:09","modified_gmt":"2019-10-01T13:43:09","slug":"imola-12-13-ottobre-2019-giornate-fai-dautunno-ex-manicomio-mostra-dedicata-ad-alda-merini","status":"publish","type":"post","link":"https:\/\/lacasadelleartiste.it\/?p=4095","title":{"rendered":"IMOLA 12-13 ottobre 2019 Giornate FAI d&#8217;autunno &#8211; Ex manicomio- Mostra dedicata ad Alda Merini"},"content":{"rendered":"<p>&nbsp;<\/p>\n<p><a href=\"https:\/\/auserbo.bitcafe.it\/wp-content\/uploads\/2019\/10\/2019-09-25-aldamerini-1sm.jpg\"><img loading=\"lazy\" class=\"alignnone size-full wp-image-4100\" src=\"https:\/\/auserbo.bitcafe.it\/wp-content\/uploads\/2019\/10\/2019-09-25-aldamerini-1sm.jpg\" alt=\"\" width=\"563\" height=\"791\" srcset=\"https:\/\/lacasadelleartiste.it\/wp-content\/uploads\/2019\/10\/2019-09-25-aldamerini-1sm.jpg 563w, https:\/\/lacasadelleartiste.it\/wp-content\/uploads\/2019\/10\/2019-09-25-aldamerini-1sm-214x300.jpg 214w\" sizes=\"(max-width: 563px) 100vw, 563px\" \/><\/a><\/p>\n<p>&nbsp;<\/p>\n<p><a href=\"https:\/\/auserbo.bitcafe.it\/wp-content\/uploads\/2019\/10\/gfa2019-locandina-gfa2019.pdf\">scarica qui l&#8217;intero programma<\/a><\/p>\n<p><strong>COMPLESSO DELL\u2019OSSERVANZA EX MANICOMIO<\/strong><\/p>\n<p>Apertura: Sabato 12 Ottobre e Domenica 13 Ottobre dalle 10.00 alle 18.00<\/p>\n<p>La costruzione del Manicomio di Complemento detto \u201cOsservanza\u201d, capace di 500 ricoveri, iniziarono nel 1880 con l\u2019ing.Orsini. Dal punto di vista architettonico, la planimetria rivela una forma della struttura pi\u00f9 schematica, meno complessa e pi\u00f9 rigida, con le costruzioni disposte in fila, gli spazi e i giardini spesso chiusi da mura; gli stessi padiglioni vennero definiti \u201cmodesti\u201d rispetto a quelli dell\u2019altro istituto. Il minor impatto estetico del manicomio di complemento rifletteva l\u2019urgenza di erigere nuove costruzioni in breve tempo per rispettare le convenzioni stipulate con la provincia di Bologna da un lato; dall\u2019altro perch\u00e9 vi erano accolti i casi meno interessanti dal punto di vista scientifico. Pi\u00f9 tardi sar\u00e0 destinata ad accogliere i \u201cfolli\u201d delle province di Forl\u00ec e Ravenna. La sua schematicit\u00e0 \u00e8 tuttavia compensata dallo splendido parco in cui il manicomio \u00e8 immerso, che veniva considerato strumento ed elemento fondamentale per la guarigione dei ricoverati.<\/p>\n<p><strong>Sabato e Domenica sar\u00e0 possibile visitare la mostra dedicata alla poetessa Alda Merini a cura della Dottoressa Arianna Sabbatani. Mostra alla quale collabora anche La Casa delle Artiste con alcune fotografie in esposizione.<\/strong><\/p>\n<p>Sabato 12 Ottobre: Percorso Storico-Artistico Dottor Matteo Banzola \/ Percorso Botanico dottor Loris Pasotti.<br \/>\nContest Fotografico incontro col fotografo imolese Massimo Golfieri.<br \/>\nDomenica 13 Ottobre: Percorso Storico-Artistico Dottor Matteo Banzola \/ Percorso Botanico dottor Pasotti \/ Percorso Poetico-<br \/>\nMusicale con la collaborazione della Fondazione Accademia Internazionale \u201cIncontri col Maestro\u201d e di Gianmaria Beccari<br \/>\n(Passeggiate Filosofiche\u00ae). Il Percorso Poetico-Musicale si svolger\u00e0 alle ore 11:00, 15:00, 16:00 e 17:00<br \/>\nApprendisti Ciceroni Istituto d\u2019Istruzione Superiore Francesco Alberghetti.<\/p>\n","protected":false},"excerpt":{"rendered":"<p>&nbsp; &nbsp; scarica qui l&#8217;intero programma COMPLESSO DELL\u2019OSSERVANZA EX MANICOMIO Apertura: Sabato 12 Ottobre e Domenica 13 Ottobre dalle 10.00 alle 18.00 La costruzione del Manicomio di Complemento detto \u201cOsservanza\u201d, capace di 500 ricoveri, iniziarono nel 1880 con l\u2019ing.Orsini. Dal punto di vista architettonico, la planimetria rivela una forma della struttura pi\u00f9 schematica, meno complessa [&hellip;]<\/p>\n","protected":false},"author":1,"featured_media":4100,"comment_status":"open","ping_status":"open","sticky":false,"template":"","format":"standard","meta":[],"categories":[8,21],"tags":[30],"_links":{"self":[{"href":"https:\/\/lacasadelleartiste.it\/index.php?rest_route=\/wp\/v2\/posts\/4095"}],"collection":[{"href":"https:\/\/lacasadelleartiste.it\/index.php?rest_route=\/wp\/v2\/posts"}],"about":[{"href":"https:\/\/lacasadelleartiste.it\/index.php?rest_route=\/wp\/v2\/types\/post"}],"author":[{"embeddable":true,"href":"https:\/\/lacasadelleartiste.it\/index.php?rest_route=\/wp\/v2\/users\/1"}],"replies":[{"embeddable":true,"href":"https:\/\/lacasadelleartiste.it\/index.php?rest_route=%2Fwp%2Fv2%2Fcomments&post=4095"}],"version-history":[{"count":0,"href":"https:\/\/lacasadelleartiste.it\/index.php?rest_route=\/wp\/v2\/posts\/4095\/revisions"}],"wp:featuredmedia":[{"embeddable":true,"href":"https:\/\/lacasadelleartiste.it\/index.php?rest_route=\/wp\/v2\/media\/4100"}],"wp:attachment":[{"href":"https:\/\/lacasadelleartiste.it\/index.php?rest_route=%2Fwp%2Fv2%2Fmedia&parent=4095"}],"wp:term":[{"taxonomy":"category","embeddable":true,"href":"https:\/\/lacasadelleartiste.it\/index.php?rest_route=%2Fwp%2Fv2%2Fcategories&post=4095"},{"taxonomy":"post_tag","embeddable":true,"href":"https:\/\/lacasadelleartiste.it\/index.php?rest_route=%2Fwp%2Fv2%2Ftags&post=4095"}],"curies":[{"name":"wp","href":"https:\/\/api.w.org\/{rel}","templated":true}]}}