{"id":4018,"date":"2019-09-23T22:36:44","date_gmt":"2019-09-23T20:36:44","guid":{"rendered":"http:\/\/spazioaldamerini.org\/?p=4018"},"modified":"2019-09-23T22:36:44","modified_gmt":"2019-09-23T20:36:44","slug":"18-10-19-amedeo-ricucci-con-cronache-dal-fronte-parole-e-immagini","status":"publish","type":"post","link":"https:\/\/lacasadelleartiste.it\/?p=4018","title":{"rendered":"18 10 19 Amedeo Ricucci con &#8220;Cronache dal fronte &#8211; parole e immagini&#8221;"},"content":{"rendered":"<p><a href=\"https:\/\/auserbo.bitcafe.it\/wp-content\/uploads\/2019\/09\/ricucci-loc.jpg\"><img loading=\"lazy\" class=\"alignnone size-full wp-image-4019\" src=\"https:\/\/auserbo.bitcafe.it\/wp-content\/uploads\/2019\/09\/ricucci-loc.jpg\" alt=\"\" width=\"595\" height=\"842\" srcset=\"https:\/\/lacasadelleartiste.it\/wp-content\/uploads\/2019\/09\/ricucci-loc.jpg 595w, https:\/\/lacasadelleartiste.it\/wp-content\/uploads\/2019\/09\/ricucci-loc-212x300.jpg 212w\" sizes=\"(max-width: 595px) 100vw, 595px\" \/><\/a><\/p>\n<p>&nbsp;<\/p>\n<p><strong>venerd\u00ec 18 ottobre 2019 -ore 18.30<\/strong><\/p>\n<p>Presentazione del libro di<\/p>\n<h3><strong>Amedeo Ricucci<\/strong><\/h3>\n<p>inviato\/giornalista del TG1<\/p>\n<h3>\u201cCronache dal fronte \u2013 Parole e immagini\u201d<\/h3>\n<p>Prefazione di Ennio Remondino.<\/p>\n<p>Castelvecchi editore, 2019<\/p>\n<p><em><strong> Un&#8217;antologia che tocca il cuore.<\/strong> <\/em><\/p>\n<p>Con <strong>Marta Serafini<\/strong>, giornalista Corsera.<\/p>\n<p>&nbsp;<\/p>\n<p>Ingresso libero.<\/p>\n<p>&nbsp;<\/p>\n<p>En fronte\u00a0 che &#8220;salvo rare eccezioni, va dal Nord Africa al Medio Oriente, lungo quella faglia geo politica che si \u00e8 aperta negli ultimi decenni sconvolgendo il mondo cos\u00ec come lo si conosceva prima&#8221;. In genere i libri degli inviati di guerra sono epici e trasudano coraggio. Questo no. Qui si raccontano solo storie, ma con onest\u00e0 e nel rispetto dei fatti, in modo da avvicinarsi il pi\u00f9 possibile alla verit\u00e0 del momento, l&#8217;unica a cui un cronista che consuma la suola delle sue scarpe pu\u00f2 avere accesso. Queste storie sono raccontate sia con parole sia per immagini: due linguaggi diversi, da mettere a confronto, per poterne evidenziare in controluce i rispettivi punti di forza e di debolezza. <em>Prefazione di Ennio Remondino.<\/em><\/p>\n<p>&nbsp;<\/p>\n<p>Amedeo Ricucci \u00e8 giornalista in Rai dal 1993, dove ha seguito come inviato speciale i principali conflitti internazionali degli ultimi 20 anni per <em>Professione reporter<\/em>, <em>Mixer<\/em>, <em>La storia siamo noi <\/em>e infine per il TG1. Attualmente \u00e8 alla redazione Speciali del <a href=\"http:\/\/www.tg1.rai.it\/\">TG1<\/a>.\u00a0Dopo la laurea in Economia e un master in Relazioni Internazionali ha lavorato per quattro anni nell&#8217;Ufficio Stampa dell&#8217;UNICEF, per l&#8217;Africa Occidentale e Centrale, esperienza che metter\u00e0 a frutto collaborando con diverse testate italiane, tra cui Il Manifesto, Avvenimenti, L&#8217;Espresso e Nigrizia. Ha ricevuto riconoscimenti nazionali e internazionali, tra cui il Premio Italia Alpi (2001), il Premio Giornalisti del Mediterraneo (2012) e il Premio La Matita Rossa e Blu (2013). \u00c8 stato inoltre selezionato nel 2013 al Prix Bayeux-Calvados per gli inviati di guerra ed \u00e8 stato pi\u00f9 volte finalista al Festival International des Produits Audiovisuels di Biarritz.<\/p>\n<p>Ha pubblicato <em>La guerra in diretta<\/em> (Pendragon, 2004) e <em>Cronache dal fronte <\/em>(Castelvecchi, 2019).<em><br \/>\n<\/em><\/p>\n","protected":false},"excerpt":{"rendered":"<p>&nbsp; venerd\u00ec 18 ottobre 2019 -ore 18.30 Presentazione del libro di Amedeo Ricucci inviato\/giornalista del TG1 \u201cCronache dal fronte \u2013 Parole e immagini\u201d Prefazione di Ennio Remondino. Castelvecchi editore, 2019 Un&#8217;antologia che tocca il cuore. Con Marta Serafini, giornalista Corsera. &nbsp; Ingresso libero. &nbsp; En fronte\u00a0 che &#8220;salvo rare eccezioni, va dal Nord Africa al [&hellip;]<\/p>\n","protected":false},"author":1,"featured_media":4019,"comment_status":"open","ping_status":"open","sticky":false,"template":"","format":"standard","meta":[],"categories":[20],"tags":[30],"_links":{"self":[{"href":"https:\/\/lacasadelleartiste.it\/index.php?rest_route=\/wp\/v2\/posts\/4018"}],"collection":[{"href":"https:\/\/lacasadelleartiste.it\/index.php?rest_route=\/wp\/v2\/posts"}],"about":[{"href":"https:\/\/lacasadelleartiste.it\/index.php?rest_route=\/wp\/v2\/types\/post"}],"author":[{"embeddable":true,"href":"https:\/\/lacasadelleartiste.it\/index.php?rest_route=\/wp\/v2\/users\/1"}],"replies":[{"embeddable":true,"href":"https:\/\/lacasadelleartiste.it\/index.php?rest_route=%2Fwp%2Fv2%2Fcomments&post=4018"}],"version-history":[{"count":0,"href":"https:\/\/lacasadelleartiste.it\/index.php?rest_route=\/wp\/v2\/posts\/4018\/revisions"}],"wp:featuredmedia":[{"embeddable":true,"href":"https:\/\/lacasadelleartiste.it\/index.php?rest_route=\/wp\/v2\/media\/4019"}],"wp:attachment":[{"href":"https:\/\/lacasadelleartiste.it\/index.php?rest_route=%2Fwp%2Fv2%2Fmedia&parent=4018"}],"wp:term":[{"taxonomy":"category","embeddable":true,"href":"https:\/\/lacasadelleartiste.it\/index.php?rest_route=%2Fwp%2Fv2%2Fcategories&post=4018"},{"taxonomy":"post_tag","embeddable":true,"href":"https:\/\/lacasadelleartiste.it\/index.php?rest_route=%2Fwp%2Fv2%2Ftags&post=4018"}],"curies":[{"name":"wp","href":"https:\/\/api.w.org\/{rel}","templated":true}]}}