{"id":3960,"date":"2019-09-19T14:29:09","date_gmt":"2019-09-19T12:29:09","guid":{"rendered":"http:\/\/spazioaldamerini.org\/?p=3960"},"modified":"2019-09-19T14:29:09","modified_gmt":"2019-09-19T12:29:09","slug":"29-9-19-slam-poetry-a-casa-merini-con-slam-italia","status":"publish","type":"post","link":"https:\/\/lacasadelleartiste.it\/?p=3960","title":{"rendered":"29 9 19 SLAM POETRY a Casa Merini con Slam Italia"},"content":{"rendered":"<p><a href=\"https:\/\/auserbo.bitcafe.it\/wp-content\/uploads\/2019\/09\/slam-sett-19.jpg\"><img loading=\"lazy\" class=\"alignnone size-full wp-image-3961\" src=\"https:\/\/auserbo.bitcafe.it\/wp-content\/uploads\/2019\/09\/slam-sett-19.jpg\" alt=\"\" width=\"595\" height=\"842\" srcset=\"https:\/\/lacasadelleartiste.it\/wp-content\/uploads\/2019\/09\/slam-sett-19.jpg 595w, https:\/\/lacasadelleartiste.it\/wp-content\/uploads\/2019\/09\/slam-sett-19-212x300.jpg 212w\" sizes=\"(max-width: 595px) 100vw, 595px\" \/><\/a><\/p>\n<p>&nbsp;<\/p>\n<p>IN SINTONIA POETICA CON TUTTO IL MONDO!<br \/>\n<a id=\"js_1e0\" class=\"profileLink\" href=\"https:\/\/www.facebook.com\/100ThousandPoetsForChangePage\/?__tn__=K-R&amp;eid=ARCqiNqeyMFdq5QwyS-t_Gvy0_H4TczoGHEzPlkeRYW_dzndGk3pXGUd1NBJlrnsXDdHeUSJgZWxYSky&amp;fref=mentions&amp;__xts__%5B0%5D=68.ARDJNcbkBXFW7ZBWP2G1QyOmC1MYeYjqIE3hkwWb4f7AP2PUtfpctWEKnXtFEBAm3rgZxsxKHPWwhZV-V28Nlwz59Q-Ie5-IPzPFRg4Lpi5-gqCwb37ymw82Bwjrry0PsJhDXrhBsyG4WANmoFpb00iyIpWf_mJljk4qqoK5ZmEIx9Nj4jQ9dwIiv9Kh13UUSEGPUIA3Qo6xiGNpAg\" aria-describedby=\"u_3g_1\" aria-owns=\"\">100 Thousand Poets for Change<\/a><br \/>\n100 TPC &#8211; 100 mila poeti per il cambiamento, la pace, l&#8217;ambiente, la sostenibilit\u00e0. Pi\u00f9 di 500 eventi in pi\u00f9 di 100 paesi. <a class=\"profileLink\" href=\"https:\/\/www.facebook.com\/slamitalia\/?__tn__=K-R&amp;eid=ARAvuCwY_-WwQ0v_ZoxVVXLv70pSGO4xuqo5YHkdkW7s7OXVH2vJ1tv_Ne5aHS0NJePuSayWs729VyXU&amp;fref=mentions&amp;__xts__%5B0%5D=68.ARDJNcbkBXFW7ZBWP2G1QyOmC1MYeYjqIE3hkwWb4f7AP2PUtfpctWEKnXtFEBAm3rgZxsxKHPWwhZV-V28Nlwz59Q-Ie5-IPzPFRg4Lpi5-gqCwb37ymw82Bwjrry0PsJhDXrhBsyG4WANmoFpb00iyIpWf_mJljk4qqoK5ZmEIx9Nj4jQ9dwIiv9Kh13UUSEGPUIA3Qo6xiGNpAg\">Slam Italia<\/a> c&#8217;\u00e8!<\/p>\n<p>25\/9 Padova<span class=\"text_exposed_show\"><br \/>\n28\/9 Volpiano (TO) &#8211; ore 16.00<br \/>\n28\/9 Reggio Calabria &#8211; Megali Ellada &#8211; ore 18.30<br \/>\n<strong>29\/9 Milano &#8211; Casa Merini &#8211; ore 16.00<\/strong><br \/>\n3\/10 Pompei (NA) &#8211; ore 19.30<br \/>\n7\/10 Roma &#8211; Lettere Caff\u00e8 &#8211; ore 21.00<\/span><\/p>\n<div class=\"text_exposed_show\">\n<p>Candidature alla mail slamitaliapoesia@gmail.com<\/p>\n<\/div>\n","protected":false},"excerpt":{"rendered":"<p>&nbsp; IN SINTONIA POETICA CON TUTTO IL MONDO! 100 Thousand Poets for Change 100 TPC &#8211; 100 mila poeti per il cambiamento, la pace, l&#8217;ambiente, la sostenibilit\u00e0. Pi\u00f9 di 500 eventi in pi\u00f9 di 100 paesi. Slam Italia c&#8217;\u00e8! 25\/9 Padova 28\/9 Volpiano (TO) &#8211; ore 16.00 28\/9 Reggio Calabria &#8211; Megali Ellada &#8211; ore [&hellip;]<\/p>\n","protected":false},"author":1,"featured_media":3961,"comment_status":"open","ping_status":"open","sticky":false,"template":"","format":"standard","meta":[],"categories":[7],"tags":[30],"_links":{"self":[{"href":"https:\/\/lacasadelleartiste.it\/index.php?rest_route=\/wp\/v2\/posts\/3960"}],"collection":[{"href":"https:\/\/lacasadelleartiste.it\/index.php?rest_route=\/wp\/v2\/posts"}],"about":[{"href":"https:\/\/lacasadelleartiste.it\/index.php?rest_route=\/wp\/v2\/types\/post"}],"author":[{"embeddable":true,"href":"https:\/\/lacasadelleartiste.it\/index.php?rest_route=\/wp\/v2\/users\/1"}],"replies":[{"embeddable":true,"href":"https:\/\/lacasadelleartiste.it\/index.php?rest_route=%2Fwp%2Fv2%2Fcomments&post=3960"}],"version-history":[{"count":0,"href":"https:\/\/lacasadelleartiste.it\/index.php?rest_route=\/wp\/v2\/posts\/3960\/revisions"}],"wp:featuredmedia":[{"embeddable":true,"href":"https:\/\/lacasadelleartiste.it\/index.php?rest_route=\/wp\/v2\/media\/3961"}],"wp:attachment":[{"href":"https:\/\/lacasadelleartiste.it\/index.php?rest_route=%2Fwp%2Fv2%2Fmedia&parent=3960"}],"wp:term":[{"taxonomy":"category","embeddable":true,"href":"https:\/\/lacasadelleartiste.it\/index.php?rest_route=%2Fwp%2Fv2%2Fcategories&post=3960"},{"taxonomy":"post_tag","embeddable":true,"href":"https:\/\/lacasadelleartiste.it\/index.php?rest_route=%2Fwp%2Fv2%2Ftags&post=3960"}],"curies":[{"name":"wp","href":"https:\/\/api.w.org\/{rel}","templated":true}]}}