{"id":3914,"date":"2019-07-26T23:59:03","date_gmt":"2019-07-26T21:59:03","guid":{"rendered":"http:\/\/spazioaldamerini.org\/?p=3914"},"modified":"2019-07-26T23:59:03","modified_gmt":"2019-07-26T21:59:03","slug":"21-9-19-giornata-mondiale-dellalzheimer-proposta-teatrale-non-ricordo-di-maria-cutugno","status":"publish","type":"post","link":"https:\/\/lacasadelleartiste.it\/?p=3914","title":{"rendered":"21 9 19 Giornata mondiale dell&#8217;Alzheimer, spettacolo \u00abNon ricordo\u00bb di Variamente Teatro Mail\u00f2"},"content":{"rendered":"<p><a href=\"https:\/\/auserbo.bitcafe.it\/wp-content\/uploads\/2019\/07\/locandina_non_ricordo_casamerini-web.jpg\"><img loading=\"lazy\" class=\"alignnone size-large wp-image-3915\" src=\"https:\/\/auserbo.bitcafe.it\/wp-content\/uploads\/2019\/07\/locandina_non_ricordo_casamerini-web.jpg?w=724\" alt=\"\" width=\"724\" height=\"1024\" \/><\/a><\/p>\n<p>In occasione della Giornata mondiale per il malato di Alzheimer<\/p>\n<p><strong>21 settembre 2019 &#8211; ore 20.30<\/strong><\/p>\n<h3>NON RICORDO<\/h3>\n<p><strong>Performance teatrale di Variamente Teatro Mail\u00f2; drammaturgia: Antonella Marrone; regia: Maria Cutugno<\/strong><\/p>\n<p>Info e prenotazioni: 349 7024754 &#8211; Prenotazione consigliata<\/p>\n<p>Contributo all&#8217;ingresso: euro 10,00.<\/p>\n<p>***<\/p>\n<p><em>Cosa faresti se.. ?<\/em><\/p>\n<p><em> Se Lui non sapesse pi\u00fa chi sei, se Lui non riconoscesse pi\u00fa il tuo profumo e soprattutto\u2026 chi l\u2019ha fatto il caff\u00e8?<\/em><\/p>\n<p><em>Questo progetto \u00e8 una passeggiata nella mente di un uomo che non sa pi\u00fa.<\/em><\/p>\n<p><em>Un duro lavoro di memoria emotiva caratterizza il percorso e il processo creativo di questo progetto teatrale.<\/em><\/p>\n<p><em>Da una drammaturgia di Antonella Marrone, intensa e che spazia dal tragicomico al dramma, a una regia dura ma poetica di Maria Cutugno, il lavoro si svolge a doppio filo su una matassa che solo alla fine svela\u2026 chi ha fatto il caff\u00e8?<\/em><\/p>\n<p><strong><u>Sinossi<\/u><\/strong><\/p>\n<p>Lorenzo \u00e8 un uomo con la voglia di scherzare alla vita, nel pieno della sua maturit\u00e0, pieno di fantasia e che a volte sente una voce.<\/p>\n<p>Lorenzo si stupisce, vorrebbe allontanare dalla sua mente il sospetto che quella voce sia il preludio a qualcosa di grave e che teme anche di nominare.<\/p>\n<p>Chiara, la sua compagna, e la giovane figlia Sofia lo accompagnano nel quotidiano fluire verso una malattia subdola e che, dopo essere stata diagnosticata, non lascia scampo alle illusioni perch\u00e9 non esiste nessuna cura.<\/p>\n<p>Lorenzo si preparer\u00e0 agli inconsapevoli deliri, alle voci fantasma, alle notti insonni e alla perdita di ci\u00f2 che tutto per lui \u00e8 quotidiano.<\/p>\n<p>La colpa di tutto ci\u00f2 ha un nome: Alzheimer.<\/p>\n<p><strong>Note di regia di Maria Cutugno:<\/strong><\/p>\n<p>Ad una prima lettura della drammaturgia di \u201cNon ricordo\u201d non ho colto la drammatica verit\u00e0 di ci\u00f2 che il testo mi suggeriva.<\/p>\n<p>Indugiavo nel comprendere se dovessi approcciarmi al duro lavoro della visione scenica pensando di restituire a tutto il progetto una visione comica, drammatica oppure tragica.<\/p>\n<p>Tuttavia, sentivo la necessit\u00e0 di raccontare la storia di Lorenzo e comprendevo che ci\u00f2 che il personaggio mi chiedeva era di restituirgli una dignit\u00e0 quotidiana.<\/p>\n<p>Quindi non ho cercato un unico registro ma, come succede nel quotidiano, la mia visione di regia ha oscillato tra il vivere \u201ctragicomicamente\u201d la realt\u00e0, colori forti e nello stesso tempo riferiti a un tempo non ben definibile, un altrove in bilico tra reale e irreale.<\/p>\n<p>Ho letto e riletto pi\u00f9 volte il testo, ho pesato le parole e ho cercato di far rivivere nella mia memoria prima , nella memoria degli attori coinvolti poi e, infine, in scena il senso di smarrimento, lo sbiadire delle sensazioni, lo sbiadire dei ricordi, lo sbiadire dei colori e lo straniamento che piano piano ha accompagnato lo svolgersi della storia.<\/p>\n<p>Non avrei potuto banalizzare: il rischio era alto perch\u00e9 ci\u00f2 che accade in scena accade a tanti \u201cLorenzo\u201d e tante \u201cChiara\u201d compagna di Lorenzo e tante \u201cSofia\u201d figlie che non accettano la dura presenza dell\u2019Alzheimer che, quando la scopri, ha gi\u00e0 cancellato memoria e ricordi.<\/p>\n<p>La Voce, elemento portante di tutto il racconto, accompagner\u00e0 Lorenzo verso l\u2019oblio .<\/p>\n<p>Con Lorenzo, tutto si sbiadir\u00e0 e finir\u00e0 in una lunga lettera : nero su bianco e nessuno spazio ai colori.<\/p>\n<p>&nbsp;<\/p>\n<p>&nbsp;<\/p>\n","protected":false},"excerpt":{"rendered":"<p>In occasione della Giornata mondiale per il malato di Alzheimer 21 settembre 2019 &#8211; ore 20.30 NON RICORDO Performance teatrale di Variamente Teatro Mail\u00f2; drammaturgia: Antonella Marrone; regia: Maria Cutugno Info e prenotazioni: 349 7024754 &#8211; Prenotazione consigliata Contributo all&#8217;ingresso: euro 10,00. *** Cosa faresti se.. ? Se Lui non sapesse pi\u00fa chi sei, se [&hellip;]<\/p>\n","protected":false},"author":1,"featured_media":3915,"comment_status":"open","ping_status":"open","sticky":false,"template":"","format":"standard","meta":[],"categories":[7],"tags":[30],"_links":{"self":[{"href":"https:\/\/lacasadelleartiste.it\/index.php?rest_route=\/wp\/v2\/posts\/3914"}],"collection":[{"href":"https:\/\/lacasadelleartiste.it\/index.php?rest_route=\/wp\/v2\/posts"}],"about":[{"href":"https:\/\/lacasadelleartiste.it\/index.php?rest_route=\/wp\/v2\/types\/post"}],"author":[{"embeddable":true,"href":"https:\/\/lacasadelleartiste.it\/index.php?rest_route=\/wp\/v2\/users\/1"}],"replies":[{"embeddable":true,"href":"https:\/\/lacasadelleartiste.it\/index.php?rest_route=%2Fwp%2Fv2%2Fcomments&post=3914"}],"version-history":[{"count":0,"href":"https:\/\/lacasadelleartiste.it\/index.php?rest_route=\/wp\/v2\/posts\/3914\/revisions"}],"wp:featuredmedia":[{"embeddable":true,"href":"https:\/\/lacasadelleartiste.it\/index.php?rest_route=\/wp\/v2\/media\/3915"}],"wp:attachment":[{"href":"https:\/\/lacasadelleartiste.it\/index.php?rest_route=%2Fwp%2Fv2%2Fmedia&parent=3914"}],"wp:term":[{"taxonomy":"category","embeddable":true,"href":"https:\/\/lacasadelleartiste.it\/index.php?rest_route=%2Fwp%2Fv2%2Fcategories&post=3914"},{"taxonomy":"post_tag","embeddable":true,"href":"https:\/\/lacasadelleartiste.it\/index.php?rest_route=%2Fwp%2Fv2%2Ftags&post=3914"}],"curies":[{"name":"wp","href":"https:\/\/api.w.org\/{rel}","templated":true}]}}