{"id":3873,"date":"2019-07-26T23:02:31","date_gmt":"2019-07-26T21:02:31","guid":{"rendered":"http:\/\/spazioaldamerini.org\/?p=3873"},"modified":"2019-07-26T23:02:31","modified_gmt":"2019-07-26T21:02:31","slug":"6-9-19-corpo-e-poesia","status":"publish","type":"post","link":"https:\/\/lacasadelleartiste.it\/?p=3873","title":{"rendered":"6 9 19 CORPO E POESIA"},"content":{"rendered":"<p><a href=\"https:\/\/auserbo.bitcafe.it\/wp-content\/uploads\/2019\/07\/corpo-e-poesia-web.jpg\"><img loading=\"lazy\" class=\"alignnone size-full wp-image-3874\" src=\"https:\/\/auserbo.bitcafe.it\/wp-content\/uploads\/2019\/07\/corpo-e-poesia-web.jpg\" alt=\"\" width=\"595\" height=\"842\" srcset=\"https:\/\/lacasadelleartiste.it\/wp-content\/uploads\/2019\/07\/corpo-e-poesia-web.jpg 595w, https:\/\/lacasadelleartiste.it\/wp-content\/uploads\/2019\/07\/corpo-e-poesia-web-212x300.jpg 212w\" sizes=\"(max-width: 595px) 100vw, 595px\" \/><\/a><\/p>\n<p>Nell&#8217;ambito del Festival IL TEMPO DELLE DONNE, ideato da La 27^Ora- Corsera, con tema &#8220;I corpi&#8221;<\/p>\n<p><strong>6 settembre 2019 &#8211; ore 18.00<\/strong><\/p>\n<h2>CORPO E POESIA<\/h2>\n<p>Reading poetico con incursioni psico-sociologici di<\/p>\n<p><strong>Maria Rosa Del Buono e Vincenza Pezzuto.<\/strong><\/p>\n<p>Relatori: <strong>Luigi Cannillo e Loredana Magazzeni.<\/strong><\/p>\n<p>Coordinamento di <strong>Donata Marchesini e Rossana Bacchella.<\/strong><\/p>\n<p>ingresso libero.<\/p>\n<p>&nbsp;<\/p>\n<p>con l\u2019ausilio dei seguenti volumi:<\/p>\n<ul>\n<li><strong>LA POESIA E LA CARNE <\/strong>a cura di Mario Fresa e Tiziano Salari (La Vita Felice, 2009)<\/li>\n<\/ul>\n<p>diciassette poeti s&#8217;interrogano sul rapporto tra poesia e conoscenza a partire dal fatto primario della carne e delle sue affezioni: amore, follia, morte. In questi saggi \u00e8 in gioco qualcosa di pi\u00f9 della poesia intesa come mezzo di consolazione o gioco linguistico, ma qualcosa come una nuova esperienza che obbliga a riformulare i rapporti tra verit\u00e0 e soggetto, verso un sapere di tipo nuovo. Un linguaggio del pensiero che si articoli al di fuori dei saperi costituiti, siano la filosofia, la letteratura o la scienza. Dischiusura di uno spazio di conoscenza esposto all&#8217;urto della nuda vita, luogo aperto di rifondazione di senso e d&#8217;identit\u00e0.<\/p>\n<ul>\n<li><strong>CORPOREA &#8211; Il corpo nella poesia femminile contemporanea di lingua inglese<\/strong>, a cura di Loredana Magazzeni, Fiorenza Mormile, Brenda Porster, Anna Maria Robustelli, con\u00a0 prefazione di Liliana Borghi (Le Voci della Luna Poesia, 2010)<\/li>\n<\/ul>\n<p>Scrivono le curatrici: Abbiamo voluto avvicinarci a tre generazioni di scrittrici di lingua inglese, attraversarle, passando dal postmodernismo alla rivendicazione dei diritti del primo femminismo americano, alla <em>Jouissance<\/em>, la felicit\u00e0 nella differenza, propria del secondo femminismo, fino alle attuali generazioni di poetesse, che hanno oggi trenta o quarant\u2019anni, nelle quali si teorizza una maggiore serenit\u00e0 nel rapporto col proprio corpo e nel rapporto di coppia.<\/p>\n<p>Che l\u2019imperativo della scrittura contemporanea delle donne sia mettere al centro la propria esperienza vitale \u00e8 ormai acquisizione comune, a partire dalle teorie letterarie che fin dagli anni \u201960 e \u201970 le autrici stesse, in specie americane, elaboravano a supporto delle proprie produzioni testuali. Ma non \u00e8 sempre stato cos\u00ec, \u00e8 stato necessario un cambiamento profondo di cultura, un cambiamento del simbolico, avvenuto per ben tre generazioni di scrittrici, appartenenti a tre generazioni di femminismo. Il criterio applicato alla nostra antologia \u00e8 stato quello di preferire autrici viventi, seppure con alcune eccezioni, mentre qualche grande maestra in questi stessi anni \u00e8 venuta a mancare.<\/p>\n<ul>\n<li><strong>IL CORPO SEGRETO. Corpo ed eros nella poesia maschile <\/strong>a cura di Luigi Cannillo (LietoColle, 2008)<\/li>\n<\/ul>\n<p>Il corpo maschile non ricorre nella poesia italiana come tematica esplicita e continuativa.<br \/>\nPer\u00f2, in particolare nel \u2018900, alcuni autori significativi hanno espresso nella loro opera la percezione del corpo proprio e altrui, l\u2019Eros immaginario o agito.[\u2026]<br \/>\nSotto altri aspetti negli ultimi decenni il corpo maschile \u00e8 invece \u00e8 stato sempre sulla scena. Rappresentato dalle arti visive, sempre pi\u00f9 esibito nei messaggi pubblicitari, sostenuto e vezzeggiato dal fitness e dai cosmetici. La sua esposizione mette in primo piano un modello virile funzionale alla prestazione, alla competizione tra corpi, generazioni e merci, verso un\u2019estetica di massa.[\u2026]<br \/>\nEppure il corpo, pure nella complessit\u00e0 che tale parola deve suggerire, lontana da ogni riduzione a un modello superficiale biologico\/fisiologico, \u00e8 l\u2019elemento imprescindibile di esperienza e conoscenza. \u00c8 ricetrasmettitore costante, \u00e8 soggetto e oggetto di percezione. [\u2026]<br \/>\nSono i corpi il dominio di Eros.<br \/>\nIl linguaggio della poesia, quando anticonvenzionale, ben si adatta alla rappresentazione delle sfumature pi\u00f9 sottili della percezione di s\u00e9 e della propria capacit\u00e0 di contatto. Con i sussurri e i brividi, tempi e i ritmi del dinamismo, del mimetismo dell\u2019Eros. [\u2026]<\/p>\n<p>***<\/p>\n<p>In locandina: <em>Livelli,<\/em> opera di Maria Micozzi che ringraziamo per l&#8217;autorizzazione all&#8217;utilizzo.<\/p>\n","protected":false},"excerpt":{"rendered":"<p>Nell&#8217;ambito del Festival IL TEMPO DELLE DONNE, ideato da La 27^Ora- Corsera, con tema &#8220;I corpi&#8221; 6 settembre 2019 &#8211; ore 18.00 CORPO E POESIA Reading poetico con incursioni psico-sociologici di Maria Rosa Del Buono e Vincenza Pezzuto. Relatori: Luigi Cannillo e Loredana Magazzeni. Coordinamento di Donata Marchesini e Rossana Bacchella. ingresso libero. &nbsp; con [&hellip;]<\/p>\n","protected":false},"author":1,"featured_media":3874,"comment_status":"open","ping_status":"open","sticky":false,"template":"","format":"standard","meta":[],"categories":[7,20],"tags":[30],"_links":{"self":[{"href":"https:\/\/lacasadelleartiste.it\/index.php?rest_route=\/wp\/v2\/posts\/3873"}],"collection":[{"href":"https:\/\/lacasadelleartiste.it\/index.php?rest_route=\/wp\/v2\/posts"}],"about":[{"href":"https:\/\/lacasadelleartiste.it\/index.php?rest_route=\/wp\/v2\/types\/post"}],"author":[{"embeddable":true,"href":"https:\/\/lacasadelleartiste.it\/index.php?rest_route=\/wp\/v2\/users\/1"}],"replies":[{"embeddable":true,"href":"https:\/\/lacasadelleartiste.it\/index.php?rest_route=%2Fwp%2Fv2%2Fcomments&post=3873"}],"version-history":[{"count":0,"href":"https:\/\/lacasadelleartiste.it\/index.php?rest_route=\/wp\/v2\/posts\/3873\/revisions"}],"wp:featuredmedia":[{"embeddable":true,"href":"https:\/\/lacasadelleartiste.it\/index.php?rest_route=\/wp\/v2\/media\/3874"}],"wp:attachment":[{"href":"https:\/\/lacasadelleartiste.it\/index.php?rest_route=%2Fwp%2Fv2%2Fmedia&parent=3873"}],"wp:term":[{"taxonomy":"category","embeddable":true,"href":"https:\/\/lacasadelleartiste.it\/index.php?rest_route=%2Fwp%2Fv2%2Fcategories&post=3873"},{"taxonomy":"post_tag","embeddable":true,"href":"https:\/\/lacasadelleartiste.it\/index.php?rest_route=%2Fwp%2Fv2%2Ftags&post=3873"}],"curies":[{"name":"wp","href":"https:\/\/api.w.org\/{rel}","templated":true}]}}