{"id":3748,"date":"2019-05-21T13:28:30","date_gmt":"2019-05-21T11:28:30","guid":{"rendered":"http:\/\/spazioaldamerini.org\/?p=3748"},"modified":"2019-05-21T13:28:30","modified_gmt":"2019-05-21T11:28:30","slug":"7-6-19-premiazione-concorso-naz-poetico-educare-dedicato-ad-alda-merini","status":"publish","type":"post","link":"https:\/\/lacasadelleartiste.it\/?p=3748","title":{"rendered":"7 6 19 Premiazione Concorso Naz. poetico Educare dedicato ad Alda Merini"},"content":{"rendered":"<p><a href=\"https:\/\/auserbo.bitcafe.it\/wp-content\/uploads\/2019\/05\/loc-premiazione-concorso_light.jpg\"><img loading=\"lazy\" class=\"alignnone size-full wp-image-3749\" src=\"https:\/\/auserbo.bitcafe.it\/wp-content\/uploads\/2019\/05\/loc-premiazione-concorso_light.jpg\" alt=\"\" width=\"595\" height=\"842\" srcset=\"https:\/\/lacasadelleartiste.it\/wp-content\/uploads\/2019\/05\/loc-premiazione-concorso_light.jpg 595w, https:\/\/lacasadelleartiste.it\/wp-content\/uploads\/2019\/05\/loc-premiazione-concorso_light-212x300.jpg 212w\" sizes=\"(max-width: 595px) 100vw, 595px\" \/><\/a><\/p>\n<p><strong>CERIMONIA DI PREMIAZIONE<\/strong><\/p>\n<p><strong>6\u00b0 CONCORSO NAZIONALE POETICO DEDICATO AD ALDA MERINI<\/strong><\/p>\n<p>una manifestazione alla quale sono state invitate tutte le Scuole Primarie, Secondarie di Primo e Secondo Grado d&#8217;Italia che hanno risposto in modo entusiastico nel ricordo della grande poetessa milanese.<\/p>\n<p>Le premiazioni si terranno\u00a0<strong>VENERDI&#8217; 7 GIUGNO &#8211; ore 19 nel Chiostro della Certosa di Milano &#8211; Via Garegnano 28<\/strong>\u00a0con una serata gratuita aperta a tutti dove studenti, genitori e insegnanti potranno ascoltare le poesie vincitrici ma anche quelle meravigliose di Alda Merini accompagnate al piano, con le canzoni da lei amate, dal Maestro Salvatore Gitto.<\/p>\n<p>Il Concorso ha visto in questa edizione la partecipazione per la prima volta di <strong>Casa Museo Alda Merini.\u00a0<\/strong><\/p>\n<p>A rendere davvero <em>imperdibile<\/em> la serata sar\u00e0 anche il <strong>Concerto della Rete Insieme per la Musica 2020<\/strong>, sessanta giovani elementi di cinque istituti scolastici diretti dal Maestro Igor Della Corte che hanno vinto un bando europeo e che si esibiranno per la prima volta nella Certosa e successivamente in altre localit\u00e0 lombarde.<\/p>\n<p>Un matrimonio dunque tra poesia e musica che pu\u00f2 solo generare bellezza e amore per la cultura.<\/p>\n<p>I vincitori del 6\u00b0 Concorso, tre per categoria, arrivano da svariate regioni: Lombardia, Sicilia, Puglia, Abruzzo, Piemonte ed entreranno nell&#8217;Albo d&#8217;oro di un Concorso Poetico che \u00e8 diventato per gli studenti il pi\u00f9 importante in Italia.<\/p>\n<p>Ma non \u00e8 finita, perch\u00e9 \u00e8 attesa una <strong>SORPRESA<\/strong> che ha dell&#8217;incredibile e che render\u00e0 davvero la serata <strong>IMPERDIBILE<\/strong>.<\/p>\n<p>Non mancate, i nostri giovani hanno bisogno di cultura e queste sono le occasioni per insegnare loro il bello della vita.<\/p>\n<p>Nell&#8217;attesa di incontrarci, i pi\u00f9 cordiali saluti a tutti, <u>perch\u00e9 tutti voglio in Certosa il 7 giugno<\/u>.<\/p>\n<p><strong>Gian Piero Scevola<\/strong><\/p>\n<p>Coordinamento Organizzativo<\/p>\n<p>del 6\u00b0 Concorso Nazionale Poetico dedicato ad Alda Merini<\/p>\n<p>&nbsp;<\/p>\n","protected":false},"excerpt":{"rendered":"<p>CERIMONIA DI PREMIAZIONE 6\u00b0 CONCORSO NAZIONALE POETICO DEDICATO AD ALDA MERINI una manifestazione alla quale sono state invitate tutte le Scuole Primarie, Secondarie di Primo e Secondo Grado d&#8217;Italia che hanno risposto in modo entusiastico nel ricordo della grande poetessa milanese. Le premiazioni si terranno\u00a0VENERDI&#8217; 7 GIUGNO &#8211; ore 19 nel Chiostro della Certosa di [&hellip;]<\/p>\n","protected":false},"author":1,"featured_media":3749,"comment_status":"open","ping_status":"open","sticky":false,"template":"","format":"standard","meta":[],"categories":[8],"tags":[30],"_links":{"self":[{"href":"https:\/\/lacasadelleartiste.it\/index.php?rest_route=\/wp\/v2\/posts\/3748"}],"collection":[{"href":"https:\/\/lacasadelleartiste.it\/index.php?rest_route=\/wp\/v2\/posts"}],"about":[{"href":"https:\/\/lacasadelleartiste.it\/index.php?rest_route=\/wp\/v2\/types\/post"}],"author":[{"embeddable":true,"href":"https:\/\/lacasadelleartiste.it\/index.php?rest_route=\/wp\/v2\/users\/1"}],"replies":[{"embeddable":true,"href":"https:\/\/lacasadelleartiste.it\/index.php?rest_route=%2Fwp%2Fv2%2Fcomments&post=3748"}],"version-history":[{"count":0,"href":"https:\/\/lacasadelleartiste.it\/index.php?rest_route=\/wp\/v2\/posts\/3748\/revisions"}],"wp:featuredmedia":[{"embeddable":true,"href":"https:\/\/lacasadelleartiste.it\/index.php?rest_route=\/wp\/v2\/media\/3749"}],"wp:attachment":[{"href":"https:\/\/lacasadelleartiste.it\/index.php?rest_route=%2Fwp%2Fv2%2Fmedia&parent=3748"}],"wp:term":[{"taxonomy":"category","embeddable":true,"href":"https:\/\/lacasadelleartiste.it\/index.php?rest_route=%2Fwp%2Fv2%2Fcategories&post=3748"},{"taxonomy":"post_tag","embeddable":true,"href":"https:\/\/lacasadelleartiste.it\/index.php?rest_route=%2Fwp%2Fv2%2Ftags&post=3748"}],"curies":[{"name":"wp","href":"https:\/\/api.w.org\/{rel}","templated":true}]}}