{"id":3694,"date":"2019-04-18T14:35:41","date_gmt":"2019-04-18T12:35:41","guid":{"rendered":"http:\/\/spazioaldamerini.org\/?p=3694"},"modified":"2019-04-18T14:35:41","modified_gmt":"2019-04-18T12:35:41","slug":"17-5-19-ulisse-casartelli-in-memoriam","status":"publish","type":"post","link":"https:\/\/lacasadelleartiste.it\/?p=3694","title":{"rendered":"17 5 19 Ulisse Casartelli in memoriam"},"content":{"rendered":"<p><a href=\"https:\/\/auserbo.bitcafe.it\/wp-content\/uploads\/2019\/03\/ulisse-casartelli.jpg\"><img loading=\"lazy\" class=\"alignnone wp-image-3616\" src=\"https:\/\/auserbo.bitcafe.it\/wp-content\/uploads\/2019\/03\/ulisse-casartelli.jpg\" alt=\"\" width=\"421\" height=\"281\" srcset=\"https:\/\/lacasadelleartiste.it\/wp-content\/uploads\/2019\/03\/ulisse-casartelli.jpg 640w, https:\/\/lacasadelleartiste.it\/wp-content\/uploads\/2019\/03\/ulisse-casartelli-300x200.jpg 300w\" sizes=\"(max-width: 421px) 100vw, 421px\" \/><\/a><\/p>\n<p>17 maggio 2019 ore 18.30<\/p>\n<h3><strong>Ulisse Casartelli, <em>in memoriam<\/em>.<\/strong><\/h3>\n<p>Incontro con gli amici del poeta scomparso prematuramente il 13 aprile scorso, il giorno antecedente la presentazione del suo libro di poesie &#8220;Erba Nuda&#8221; (<a href=\"https:\/\/spazioaldamerini.org\/2019\/03\/25\/14-4-19-ulisse-casartelli-con-il-libro-di-poesie-erba-nuda\/\">vedi comunicato<\/a>)<\/p>\n<p><a href=\"https:\/\/auserbo.bitcafe.it\/wp-content\/uploads\/2019\/05\/ulisse-2.jpg\"><img loading=\"lazy\" class=\"alignnone size-full wp-image-3744\" src=\"https:\/\/auserbo.bitcafe.it\/wp-content\/uploads\/2019\/05\/ulisse-2.jpg\" alt=\"\" width=\"591\" height=\"842\" srcset=\"https:\/\/lacasadelleartiste.it\/wp-content\/uploads\/2019\/05\/ulisse-2.jpg 591w, https:\/\/lacasadelleartiste.it\/wp-content\/uploads\/2019\/05\/ulisse-2-211x300.jpg 211w\" sizes=\"(max-width: 591px) 100vw, 591px\" \/><\/a><\/p>\n<p><strong>Associazione GaEle e Casa delle Arti Spazio Alda Merini <\/strong><\/p>\n<p><strong>con Donato Di Poce presentano<\/strong><\/p>\n<p><strong>17 Maggio 2019 ore 18,00 ~ Milano via Magolfa n. 32<\/strong><\/p>\n<p>&nbsp;<\/p>\n<p>il libro di poesie di Ulisse Casartelli, &#8220;ERBA NUDA&#8221;, l&#8217;Edizione n. 76 della Casa Editrice in Valcuvia nota per le sue realizzazioni editoriali che valorizzano materiali obsoleti dando loro dignit\u00e0 in nuova vita.<\/p>\n<p>\u201cErba Nuda\u201d \u00e8 diventato il testamento del giovane Autore, scomparso prematuramente la sera prima della presentazione del suo libro, che era programmata per il 14 aprile 2019: Ulisse si \u00e8 addormentato preveggendo una sua poesia \u201cVoglio essere rugiada\/diventare foglia\/e donarmi al vento\u201d.<\/p>\n<p>Come confid\u00f2 a GaEle quando affid\u00f2 ad essi questi suoi versi scritti anni fa e rimasti in attesa, nati dopo dieci anni a contemplare un muro bianco, sono diventati il suo testamento spirituale. Questo ci confid\u00f2 Ulisse emozionato, leggendo le sue stesse parole stampate in questo libro che presentiamo, bianco ed essenziale, senza nulla in pi\u00f9 che le parole \u201cErba Nuda\u201d in copertina, perch\u00e9 siano come il silenzio parlante che si percepisce in una chiesa vuota, quando non si riesce a formulare la preghiera, perch\u00e9 il silenzio stesso \u00e8 gi\u00e0 la risposta.<\/p>\n<p>Siamo certi che Ulisse sarebbe felice di conoscere che Erba Nuda sar\u00e0 presentato al pubblico nonostante lui non potr\u00e0 essere presente, il suo libro che gi\u00e0 \u00e8 chiesto prima ancora di esserne noto il suo contenuto. Ricordiamo l\u2019emozione di Ulisse nell\u2019avere tra le proprie mani il libro, stampato su carta filigranata\u00a0superstite (nella soffitta del Laboratorio in Cuvio) in poche risme provenienti dalla storica Cartiera Binda fondata nel 1857 sulle rive dell&#8217;Alzaia del Naviglio Pavese di Milano, e ora purtroppo chiusa a causa degli eventi problematici lavorativi che hanno investito il Paese da tempo.<\/p>\n<p>La scelta di GaEle di cimentarsi con strumenti del passato (non nostalgicamente, bens\u00ec mettendo a frutto esperienze precedenti) che danno tempo all\u2019Uomo, con il loro tempo lento, restituisce un valore forse dimenticato ma tutt\u2019ora esistente, che \u00e8 quello della manualit\u00e0 e operosit\u00e0 umana.<\/p>\n<p>Nella Silloge &#8220;Erba Nuda&#8221; l&#8217;Autore compie un viaggio introspettivo interrogandosi sul significato dell\u2019esistenza, e viene visitato, in alcuni bagliori, da illuminazioni lucide su di essa. <em>\u00c8 un <\/em>insieme di 34 poesie che da personali, possono diventare una riflessione per tutti. Il libro \u00e8 corredato da fotografie dell\u2019Autore e Silvia Della Sala, da opere originali degli editori Danelli e Blaiotta, nonch\u00e9 dalla riproduzione di un\u2019opera di Passacantando sulla copertina.<\/p>\n<p>&nbsp;<\/p>\n<p>Ulisse Casartelli, di Bologna, \u00e8 autore delle raccolte poetiche: La Barca di Ghiaccio, Alba, Sulle Orme del Nulla, Erba Nuda (GaEle), L\u2019Immensit\u00e0 della Cenere (Marco Saya), Stanza n.12 (Editore Pendragon), Pentola e la Balena Azzurra (Editore Acquaviva). Tipografo per passione, lavorava con caratteri mobili a piombo fabbricando piccoli librini poetici ed incisioni fatte a mano adoperando una pedalina manuale Surgo del primo 1900. <em>\u00c8<\/em> stato counselor, educatore, formatore presso cooperative sociali, aziende agricole, enti di formazione per disabili e scuole.<\/p>\n<p>&nbsp;<\/p>\n<p>Sar\u00e0 presente, con gli Editori Danelli e Blaiotta, anche Donato Di Poce, poeta, critico d\u2019Arte, scrittore di aforismi, che si \u00e8 imposto all\u2019attenzione del pubblico e della critica proprio per la sua originalit\u00e0 e il suo eclettismo. Tra le numerose pubblicazioni di poesie su riviste, plaquette, libri d\u2019artista, taccuini, ricordiamo <strong>&#8220;Vincolo Testuale&#8221;<\/strong> (Lietocollelibri), \u201cOpera Prima\u201d in versi che era in realt\u00e0 un\u2019accuratissima scelta antologica, con testi critici di Roberto Roversi, e Gianni D&#8217;elia, <strong>&#8220;L\u2019origine du Monde&#8221; (<\/strong>Lietocollelibri), e <strong>&#8220;La zattera delle parole&#8221; (<\/strong>Campanotto Editore,).<\/p>\n<p>&nbsp;<\/p>\n<p>Ingresso gratuito<\/p>\n<p>Milano, via Magolfa n. 32<\/p>\n<p>info tel. 02.83969921 \u2013 mail: <a href=\"mailto:info@lacasadelleartiste.it\">info@lacasadelleartiste.it<\/a><\/p>\n","protected":false},"excerpt":{"rendered":"<p>17 maggio 2019 ore 18.30 Ulisse Casartelli, in memoriam. Incontro con gli amici del poeta scomparso prematuramente il 13 aprile scorso, il giorno antecedente la presentazione del suo libro di poesie &#8220;Erba Nuda&#8221; (vedi comunicato) Associazione GaEle e Casa delle Arti Spazio Alda Merini con Donato Di Poce presentano 17 Maggio 2019 ore 18,00 ~ [&hellip;]<\/p>\n","protected":false},"author":1,"featured_media":3616,"comment_status":"open","ping_status":"open","sticky":false,"template":"","format":"standard","meta":[],"categories":[7],"tags":[30],"_links":{"self":[{"href":"https:\/\/lacasadelleartiste.it\/index.php?rest_route=\/wp\/v2\/posts\/3694"}],"collection":[{"href":"https:\/\/lacasadelleartiste.it\/index.php?rest_route=\/wp\/v2\/posts"}],"about":[{"href":"https:\/\/lacasadelleartiste.it\/index.php?rest_route=\/wp\/v2\/types\/post"}],"author":[{"embeddable":true,"href":"https:\/\/lacasadelleartiste.it\/index.php?rest_route=\/wp\/v2\/users\/1"}],"replies":[{"embeddable":true,"href":"https:\/\/lacasadelleartiste.it\/index.php?rest_route=%2Fwp%2Fv2%2Fcomments&post=3694"}],"version-history":[{"count":0,"href":"https:\/\/lacasadelleartiste.it\/index.php?rest_route=\/wp\/v2\/posts\/3694\/revisions"}],"wp:featuredmedia":[{"embeddable":true,"href":"https:\/\/lacasadelleartiste.it\/index.php?rest_route=\/wp\/v2\/media\/3616"}],"wp:attachment":[{"href":"https:\/\/lacasadelleartiste.it\/index.php?rest_route=%2Fwp%2Fv2%2Fmedia&parent=3694"}],"wp:term":[{"taxonomy":"category","embeddable":true,"href":"https:\/\/lacasadelleartiste.it\/index.php?rest_route=%2Fwp%2Fv2%2Fcategories&post=3694"},{"taxonomy":"post_tag","embeddable":true,"href":"https:\/\/lacasadelleartiste.it\/index.php?rest_route=%2Fwp%2Fv2%2Ftags&post=3694"}],"curies":[{"name":"wp","href":"https:\/\/api.w.org\/{rel}","templated":true}]}}