{"id":3671,"date":"2019-04-18T13:45:38","date_gmt":"2019-04-18T11:45:38","guid":{"rendered":"http:\/\/spazioaldamerini.org\/?p=3671"},"modified":"2019-04-18T13:45:38","modified_gmt":"2019-04-18T11:45:38","slug":"4-5-19-es-como-la-vida-musica-poesia-tango","status":"publish","type":"post","link":"https:\/\/lacasadelleartiste.it\/?p=3671","title":{"rendered":"4 5 19 Es como la vida &#8211; Musica Poesia Tango"},"content":{"rendered":"<p><a href=\"https:\/\/auserbo.bitcafe.it\/wp-content\/uploads\/2019\/04\/loc-tango-poesia-4-5-19.jpg\"><img loading=\"lazy\" class=\"alignnone size-full wp-image-3672\" src=\"https:\/\/auserbo.bitcafe.it\/wp-content\/uploads\/2019\/04\/loc-tango-poesia-4-5-19.jpg\" alt=\"\" width=\"595\" height=\"794\" srcset=\"https:\/\/lacasadelleartiste.it\/wp-content\/uploads\/2019\/04\/loc-tango-poesia-4-5-19.jpg 595w, https:\/\/lacasadelleartiste.it\/wp-content\/uploads\/2019\/04\/loc-tango-poesia-4-5-19-225x300.jpg 225w\" sizes=\"(max-width: 595px) 100vw, 595px\" \/><\/a><\/p>\n<p><strong>Sabato 4 maggio 2019 \u2013 ore 21.00<\/strong><\/p>\n<h2><em><strong>\u2026 es como la vida<\/strong><\/em><\/h2>\n<h3>Musica Poesia Tango<\/h3>\n<p>&nbsp;<\/p>\n<p>Monica Mariani soprano<\/p>\n<p>Elena Lepratto danza<\/p>\n<p>Claudio Tarantola pianoforte<\/p>\n<p>Gian Francesco Amoroso fisarmonica<\/p>\n<p>con i poeti<\/p>\n<p>Gianfranco Carpine e Barbara Bonazzi<\/p>\n<p>&nbsp;<\/p>\n<p>Il tango \u00e8 l\u2019intimit\u00e0 pi\u00f9 segreta. \u00c8 il grido che si innalza nudo. (<em>Enrique Santos Disc\u00e9polo<\/em>)<\/p>\n<p><strong>Contributo all\u2019ingresso \u20ac 8,00. Gratuito per i soci.<\/strong><\/p>\n<p>***<\/p>\n<p><a href=\"https:\/\/auserbo.bitcafe.it\/wp-content\/uploads\/2019\/04\/mariani-rosa-rossa.jpg\"><img loading=\"lazy\" class=\"alignnone wp-image-3673\" src=\"https:\/\/auserbo.bitcafe.it\/wp-content\/uploads\/2019\/04\/mariani-rosa-rossa.jpg\" alt=\"\" width=\"279\" height=\"186\" srcset=\"https:\/\/lacasadelleartiste.it\/wp-content\/uploads\/2019\/04\/mariani-rosa-rossa.jpg 640w, https:\/\/lacasadelleartiste.it\/wp-content\/uploads\/2019\/04\/mariani-rosa-rossa-300x200.jpg 300w\" sizes=\"(max-width: 279px) 100vw, 279px\" \/><\/a><\/p>\n<p>Monica Mariani, soprano lirico leggero, comincia a studiare canto a 18 anni, specializzandosi nell\u2019interpretazione del repertorio mozartiano.Partecipa con successo a numerosi concorsi: nel 1990 vince il \u201cProgetto Mozart\u201d nell\u2019ambito delle settimane musicali di Franciacorta, nel 2001 e nel 2002 si aggiudica prima il terzo e poi il secondo posto al Concorso Internazionale di Operetta \u201cLuigia Stramesi\u201d, nel 2004 si aggiudica il secondo posto al Concorso Musicale Internazionale \u201cGiovanni Pavese\u201d. L\u2019Orchestra Luigi Cremona, formata da 30 esecutori, nasce nel 1973 e prende il nome dal maestro fondatore Luigi Cremona, grande appassionato di musica. L\u2019attivit\u00e0 dell\u2019ensemble \u00e8 molto intensa (ha all\u2019attivo pi\u00f9 di 200 concerti) ed ottiene numerosi riconoscimenti, tra i quali ricordiamo: la partecipazione alla rassegna nazionale di Sorrento, al Festival Italiano di Varazze e nel 1987 viene selezionata per rappresentare l\u2019Italia al Festival internazionale europeo di Remiremont in Francia. Nel 2006 inizia la registrazione del primo CD \u201cAprilemillenovecentosettantatre\u201d, data della fondazione dell\u2019orchestra. E\u2019 direttore artistico presso <u><a href=\"https:\/\/www.facebook.com\/pages\/BelCanto-a-Milano\/484400111947364\">BelCanto a Milano<\/a><\/u> \u2013 vle Coni Zugna 44.<\/p>\n","protected":false},"excerpt":{"rendered":"<p>Sabato 4 maggio 2019 \u2013 ore 21.00 \u2026 es como la vida Musica Poesia Tango &nbsp; Monica Mariani soprano Elena Lepratto danza Claudio Tarantola pianoforte Gian Francesco Amoroso fisarmonica con i poeti Gianfranco Carpine e Barbara Bonazzi &nbsp; Il tango \u00e8 l\u2019intimit\u00e0 pi\u00f9 segreta. \u00c8 il grido che si innalza nudo. (Enrique Santos Disc\u00e9polo) Contributo [&hellip;]<\/p>\n","protected":false},"author":1,"featured_media":3672,"comment_status":"open","ping_status":"open","sticky":false,"template":"","format":"standard","meta":[],"categories":[7],"tags":[30],"_links":{"self":[{"href":"https:\/\/lacasadelleartiste.it\/index.php?rest_route=\/wp\/v2\/posts\/3671"}],"collection":[{"href":"https:\/\/lacasadelleartiste.it\/index.php?rest_route=\/wp\/v2\/posts"}],"about":[{"href":"https:\/\/lacasadelleartiste.it\/index.php?rest_route=\/wp\/v2\/types\/post"}],"author":[{"embeddable":true,"href":"https:\/\/lacasadelleartiste.it\/index.php?rest_route=\/wp\/v2\/users\/1"}],"replies":[{"embeddable":true,"href":"https:\/\/lacasadelleartiste.it\/index.php?rest_route=%2Fwp%2Fv2%2Fcomments&post=3671"}],"version-history":[{"count":0,"href":"https:\/\/lacasadelleartiste.it\/index.php?rest_route=\/wp\/v2\/posts\/3671\/revisions"}],"wp:featuredmedia":[{"embeddable":true,"href":"https:\/\/lacasadelleartiste.it\/index.php?rest_route=\/wp\/v2\/media\/3672"}],"wp:attachment":[{"href":"https:\/\/lacasadelleartiste.it\/index.php?rest_route=%2Fwp%2Fv2%2Fmedia&parent=3671"}],"wp:term":[{"taxonomy":"category","embeddable":true,"href":"https:\/\/lacasadelleartiste.it\/index.php?rest_route=%2Fwp%2Fv2%2Fcategories&post=3671"},{"taxonomy":"post_tag","embeddable":true,"href":"https:\/\/lacasadelleartiste.it\/index.php?rest_route=%2Fwp%2Fv2%2Ftags&post=3671"}],"curies":[{"name":"wp","href":"https:\/\/api.w.org\/{rel}","templated":true}]}}