{"id":3614,"date":"2019-03-25T22:15:20","date_gmt":"2019-03-25T21:15:20","guid":{"rendered":"http:\/\/spazioaldamerini.org\/?p=3614"},"modified":"2019-03-25T22:15:20","modified_gmt":"2019-03-25T21:15:20","slug":"14-4-19-ulisse-casartelli-con-il-libro-di-poesie-erba-nuda","status":"publish","type":"post","link":"https:\/\/lacasadelleartiste.it\/?p=3614","title":{"rendered":"14 4 19 Ulisse Casartelli con il libro di poesie \u201cErba nuda\u201d"},"content":{"rendered":"<p>Associazione GaEle e Casa delle Arti Spazio Alda Merini<br \/>\ncon Donato Di Poce<\/p>\n<p>danno il triste annuncio che il Poeta Ulisse Casartelli ci ha lasciato improvvisamente nella notte di ieri, 13 aprile 2019.<br \/>\nIl suo libro di poesie &#8220;ERBA NUDA&#8221;, l&#8217;Edizione n. 76 della Casa Editrice in Valcuvia, era, come disse un giorno ai due editori, \u201cil suo testamento\u201d. Nella giornata di oggi, domenica 14 aprile alle ore 18,00 a Milano in via Magolfa n. 32 nella Casa delle Arti Spazio Alda Merini, avrebbe dovuto svolgersi l\u2019evento di presentazione al pubblico della sua silloge.<br \/>\nOltre che aver perso un grande Poeta abbiamo sub\u00ecto la perdita di un amico, una persona sensibile alla Vita e alla domanda sull\u2019Esistenza, un tramite tra il Cielo e la Terra, che ci lascia in eredit\u00e0 il suo pensiero.<br \/>\nIn suo tributo, verr\u00e0 organizzato il 17 maggio p.v.\u00a0 affinch\u00e8 possa, come lui avrebbe voluto, far conoscere le sue poesie.<\/p>\n<p>Milano, via Magolfa n. 32<br \/>\ninfo tel. 02.83969921 \u2013 mail: info@lacasadelleartiste.it<\/p>\n<p><a href=\"https:\/\/auserbo.bitcafe.it\/wp-content\/uploads\/2019\/03\/loca_casartelli-web.jpg\"><img loading=\"lazy\" class=\"alignnone size-full wp-image-3615\" src=\"https:\/\/auserbo.bitcafe.it\/wp-content\/uploads\/2019\/03\/loca_casartelli-web.jpg\" alt=\"\" width=\"592\" height=\"842\" srcset=\"https:\/\/lacasadelleartiste.it\/wp-content\/uploads\/2019\/03\/loca_casartelli-web.jpg 592w, https:\/\/lacasadelleartiste.it\/wp-content\/uploads\/2019\/03\/loca_casartelli-web-211x300.jpg 211w\" sizes=\"(max-width: 592px) 100vw, 592px\" \/><\/a><\/p>\n<p><strong>14 aprile 2019 &#8211; ore 18.00<\/strong><\/p>\n<p>Presentazione del libro di poesie di<\/p>\n<h3><strong>Ulisse Casartelli<\/strong><\/h3>\n<h3><strong><em>\u201cErba nuda\u201d<\/em><\/strong><\/h3>\n<p>Con l\u2019autore, <strong>Donato di Poce e gli editori GaEle.<\/strong><\/p>\n<p><em>Ingresso libero.<\/em><\/p>\n<p>***<\/p>\n<p>L&#8217; autore compie un viaggio introspettivo dove si interroga sul significato dell&#8217;esistenza, e viene visitato, in alcuni bagliori, da illuminazioni lucide su di essa. Un insieme di 34 poesie che da personali, possono diventare per tutti. Il libro \u00e8 corredato da fotografie dell&#8217;autore e Silvia Della Sala, da opere degli editori Danelli e Blaiotta, nonch\u00e9 dalla riproduzione di un&#8217;opera di Passacantando. &#8220;Erba Nuda&#8221; \u00e8\u00a0 stato stampato nel mese di Marzo 2018 con carattere Georgia su Carta Filigranata\u00a0della gloriosa e storica Cartiera Binda di Milano fondata nel 1857.<\/p>\n<p>***<\/p>\n<p><a href=\"https:\/\/auserbo.bitcafe.it\/wp-content\/uploads\/2019\/03\/ulisse-casartelli.jpg\"><img loading=\"lazy\" class=\"alignnone wp-image-3616\" src=\"https:\/\/auserbo.bitcafe.it\/wp-content\/uploads\/2019\/03\/ulisse-casartelli.jpg\" alt=\"\" width=\"261\" height=\"174\" srcset=\"https:\/\/lacasadelleartiste.it\/wp-content\/uploads\/2019\/03\/ulisse-casartelli.jpg 640w, https:\/\/lacasadelleartiste.it\/wp-content\/uploads\/2019\/03\/ulisse-casartelli-300x200.jpg 300w\" sizes=\"(max-width: 261px) 100vw, 261px\" \/><\/a><\/p>\n<p><strong>Ulisse Casartelli<\/strong><\/p>\n<p>Autore delle raccolte poetiche: <em>La Barca di Ghiaccio, Alba, Sulle Orme del Nulla, Erba Nuda, L\u2019Immensit\u00e0 della Cenere, Stanza n.12<\/em>, <em>Pentola e la Balena Azzurra<\/em>.<\/p>\n<p>Ha pubblicato <em>Stanza n.12<\/em> con la casa editrice Pendragon\u00a0 (2016) e negli anni tre libri artistici con le Edizioni il Pulcinoelefante: <em>Pensieri dall\u2019In-Utile, E Respiro\u2026, Il Lampionaio<\/em>. Nel 2017 \u00e8 stata pubblicata <em>La Balena Azzurra<\/em> con la PiccolaCasa editrice Acquaviva,<em> Erba Nuda <\/em>con GaEle Editore<em> e L\u2019Immensit\u00e0 della Cenere <\/em>con Marco Saya Edizioni.<\/p>\n<p>La raccolta odierna su cui scrive \u00e8 \u201c<em>Fuori Traccia\u201d<\/em>.<\/p>\n<p>Come passione \u00e8 tipografo, lavora con caratteri mobili a piombo fabbricando piccoli librini poetici ed incisioni fatte a mano adoperando una pedalina manuale Surgo del primo 1900. Da ottobre 2016 la sua attivit\u00e0 \u00e8 un\u2019associazione culturale chiamata <em>Edizioni il Sottobosco<\/em> dove si svolge la stampa ma anche letture di gruppo, lavori di scrittura poetica e collaborazione tra poeti. E\u2019 gi\u00e0 stato compiuto un catalogo con vari titoli appartenenti agli amici del sottobosco, primo tra cui quello in dialetto bolognese scritto da Stefano Del Fiore, poeta dialettale bolognese.\u00a0 Svolge quest\u2019avventura poetica insieme al suo socio, amico, pittore e poeta Massimiliano Sarti.<\/p>\n<p>Laureato in Filosofia all\u2019Alma Mater di Bologna, Counselor Biosistemico e diplomato come Psicoterapeuta Integrativo alla Metanoia Institute di Londra con un Master of Science. Lavora come counselor, educatore, formatore presso cooperative sociali, aziende agricole, enti di formazione per disabili e scuole.<\/p>\n","protected":false},"excerpt":{"rendered":"<p>Associazione GaEle e Casa delle Arti Spazio Alda Merini con Donato Di Poce danno il triste annuncio che il Poeta Ulisse Casartelli ci ha lasciato improvvisamente nella notte di ieri, 13 aprile 2019. Il suo libro di poesie &#8220;ERBA NUDA&#8221;, l&#8217;Edizione n. 76 della Casa Editrice in Valcuvia, era, come disse un giorno ai due [&hellip;]<\/p>\n","protected":false},"author":1,"featured_media":3615,"comment_status":"open","ping_status":"open","sticky":false,"template":"","format":"standard","meta":[],"categories":[20],"tags":[30],"_links":{"self":[{"href":"https:\/\/lacasadelleartiste.it\/index.php?rest_route=\/wp\/v2\/posts\/3614"}],"collection":[{"href":"https:\/\/lacasadelleartiste.it\/index.php?rest_route=\/wp\/v2\/posts"}],"about":[{"href":"https:\/\/lacasadelleartiste.it\/index.php?rest_route=\/wp\/v2\/types\/post"}],"author":[{"embeddable":true,"href":"https:\/\/lacasadelleartiste.it\/index.php?rest_route=\/wp\/v2\/users\/1"}],"replies":[{"embeddable":true,"href":"https:\/\/lacasadelleartiste.it\/index.php?rest_route=%2Fwp%2Fv2%2Fcomments&post=3614"}],"version-history":[{"count":0,"href":"https:\/\/lacasadelleartiste.it\/index.php?rest_route=\/wp\/v2\/posts\/3614\/revisions"}],"wp:featuredmedia":[{"embeddable":true,"href":"https:\/\/lacasadelleartiste.it\/index.php?rest_route=\/wp\/v2\/media\/3615"}],"wp:attachment":[{"href":"https:\/\/lacasadelleartiste.it\/index.php?rest_route=%2Fwp%2Fv2%2Fmedia&parent=3614"}],"wp:term":[{"taxonomy":"category","embeddable":true,"href":"https:\/\/lacasadelleartiste.it\/index.php?rest_route=%2Fwp%2Fv2%2Fcategories&post=3614"},{"taxonomy":"post_tag","embeddable":true,"href":"https:\/\/lacasadelleartiste.it\/index.php?rest_route=%2Fwp%2Fv2%2Ftags&post=3614"}],"curies":[{"name":"wp","href":"https:\/\/api.w.org\/{rel}","templated":true}]}}