{"id":3602,"date":"2019-03-25T21:53:24","date_gmt":"2019-03-25T20:53:24","guid":{"rendered":"http:\/\/spazioaldamerini.org\/?p=3602"},"modified":"2019-03-25T21:53:24","modified_gmt":"2019-03-25T20:53:24","slug":"11-4-19-aperiarte-allatelier-delle-arti-visive-con-ulrico-montefiore","status":"publish","type":"post","link":"https:\/\/lacasadelleartiste.it\/?p=3602","title":{"rendered":"11 4 19 Aperiarte all\u2019Atelier delle Arti Visive con Ulrico Montefiore"},"content":{"rendered":"<p><a href=\"https:\/\/auserbo.bitcafe.it\/wp-content\/uploads\/2019\/03\/ulrico-loc-002.jpg\"><img loading=\"lazy\" class=\"alignnone size-full wp-image-3603\" src=\"https:\/\/auserbo.bitcafe.it\/wp-content\/uploads\/2019\/03\/ulrico-loc-002.jpg\" alt=\"\" width=\"595\" height=\"842\" srcset=\"https:\/\/lacasadelleartiste.it\/wp-content\/uploads\/2019\/03\/ulrico-loc-002.jpg 595w, https:\/\/lacasadelleartiste.it\/wp-content\/uploads\/2019\/03\/ulrico-loc-002-212x300.jpg 212w\" sizes=\"(max-width: 595px) 100vw, 595px\" \/><\/a><\/p>\n<p><strong>gioved\u00ec 11 aprile 2019 \u2013 ore 18.00<\/strong><\/p>\n<p><strong>Aperiarte <\/strong>all\u2019Atelier delle Arti Visive con<\/p>\n<h3><strong>il Maestro Ulrico Montefiore<\/strong>.<\/h3>\n<p><strong>\u201cLa progettazione artistica&#8221;.<\/strong><\/p>\n<p>&nbsp;<\/p>\n<p><em>Aperitivo \u20ac 5\/8. Ingresso libero.<\/em><\/p>\n<p>&nbsp;<\/p>\n<p>***<\/p>\n<p>\u201cLa condotta interiore di un artista che elabora le condizioni per attuare propositi di tipo creativo? Pianeta sconosciuto, atteggiamento necessariamente personale, privato, fatto di vivacit\u00e0 e mutevolezza.<br \/>\nNessuno potrebbe accedervi e interagire con qualcosa che si presenta intangibile, inatteso e veloce\u2026 quanto lo sono i pensieri, le intuizioni, la fantasia.<br \/>\nIl percipiente, ovverosia l\u2019amatore di eventi artistici, conosce soltanto il lavoro compiuto, l\u2019esecuzione musicale, il libro gi\u00e0 stampato; ci\u00f2 che porta a questi eventi resta ignoto. In larga parte, ci\u00f2 vale anche per gli stessi artisti, che poi dimenticano quelle intricate circostanze che costituiscono la gestazione dell\u2019opera.<br \/>\nUlrico \u00e8 un protagonista. Commenter\u00e0 un programma di immagini proiettate; documentazione rara di un avvenimento, illustrato in tutte le sue fasi progettuali\u201d.<\/p>\n<p>ULRICO MONTEFIORE: Italiano di nascita (aprile 1932) ma formatosi in ambito anglosassone, Ulrico S. Montefiore \u00e8 vissuto lungamente nel Regno Unito e negli U.S.A. Con incarico di \u201cvisiting professor\u201d, per conto della \u201cAssociation of American Colleges\u201d, ha tenuto conferenze, lezioni e dimostrazioni in oltre cinquanta Universit\u00e0 dell\u2019Unione. In Italia, titolare di cattedra all\u2019Accademia di Belle Arti di Brera. Risiede a Milano.<\/p>\n","protected":false},"excerpt":{"rendered":"<p>gioved\u00ec 11 aprile 2019 \u2013 ore 18.00 Aperiarte all\u2019Atelier delle Arti Visive con il Maestro Ulrico Montefiore. \u201cLa progettazione artistica&#8221;. &nbsp; Aperitivo \u20ac 5\/8. Ingresso libero. &nbsp; *** \u201cLa condotta interiore di un artista che elabora le condizioni per attuare propositi di tipo creativo? Pianeta sconosciuto, atteggiamento necessariamente personale, privato, fatto di vivacit\u00e0 e mutevolezza. [&hellip;]<\/p>\n","protected":false},"author":1,"featured_media":3603,"comment_status":"open","ping_status":"open","sticky":false,"template":"","format":"standard","meta":[],"categories":[5],"tags":[30],"_links":{"self":[{"href":"https:\/\/lacasadelleartiste.it\/index.php?rest_route=\/wp\/v2\/posts\/3602"}],"collection":[{"href":"https:\/\/lacasadelleartiste.it\/index.php?rest_route=\/wp\/v2\/posts"}],"about":[{"href":"https:\/\/lacasadelleartiste.it\/index.php?rest_route=\/wp\/v2\/types\/post"}],"author":[{"embeddable":true,"href":"https:\/\/lacasadelleartiste.it\/index.php?rest_route=\/wp\/v2\/users\/1"}],"replies":[{"embeddable":true,"href":"https:\/\/lacasadelleartiste.it\/index.php?rest_route=%2Fwp%2Fv2%2Fcomments&post=3602"}],"version-history":[{"count":0,"href":"https:\/\/lacasadelleartiste.it\/index.php?rest_route=\/wp\/v2\/posts\/3602\/revisions"}],"wp:featuredmedia":[{"embeddable":true,"href":"https:\/\/lacasadelleartiste.it\/index.php?rest_route=\/wp\/v2\/media\/3603"}],"wp:attachment":[{"href":"https:\/\/lacasadelleartiste.it\/index.php?rest_route=%2Fwp%2Fv2%2Fmedia&parent=3602"}],"wp:term":[{"taxonomy":"category","embeddable":true,"href":"https:\/\/lacasadelleartiste.it\/index.php?rest_route=%2Fwp%2Fv2%2Fcategories&post=3602"},{"taxonomy":"post_tag","embeddable":true,"href":"https:\/\/lacasadelleartiste.it\/index.php?rest_route=%2Fwp%2Fv2%2Ftags&post=3602"}],"curies":[{"name":"wp","href":"https:\/\/api.w.org\/{rel}","templated":true}]}}