{"id":3487,"date":"2019-02-20T11:57:59","date_gmt":"2019-02-20T10:57:59","guid":{"rendered":"http:\/\/spazioaldamerini.org\/?p=3487"},"modified":"2019-02-20T11:57:59","modified_gmt":"2019-02-20T10:57:59","slug":"27-3-19-il-giardino-della-poesia-con-luca-castrolla-e-mattia-tarantino","status":"publish","type":"post","link":"https:\/\/lacasadelleartiste.it\/?p=3487","title":{"rendered":"27 3 19 Il Giardino della Poesia con Luca Castrolla e Mattia Tarantino"},"content":{"rendered":"<p><a href=\"https:\/\/auserbo.bitcafe.it\/wp-content\/uploads\/2019\/02\/giardino-poesia-castrolla-e-tarantino-web.jpg\"><img loading=\"lazy\" class=\"alignnone size-full wp-image-3488\" src=\"https:\/\/auserbo.bitcafe.it\/wp-content\/uploads\/2019\/02\/giardino-poesia-castrolla-e-tarantino-web.jpg\" alt=\"\" width=\"595\" height=\"842\" srcset=\"https:\/\/lacasadelleartiste.it\/wp-content\/uploads\/2019\/02\/giardino-poesia-castrolla-e-tarantino-web.jpg 595w, https:\/\/lacasadelleartiste.it\/wp-content\/uploads\/2019\/02\/giardino-poesia-castrolla-e-tarantino-web-212x300.jpg 212w\" sizes=\"(max-width: 595px) 100vw, 595px\" \/><\/a><\/p>\n<p>&nbsp;<\/p>\n<p><strong>27 marzo 2019 &#8211; ore 20.00<\/strong><\/p>\n<p>Nell&#8217;ambito de Il Giardino della Poesia, incontro aperto ai poeti.<\/p>\n<h3>Con la partecipazione di LUCA CASTROLLA e MATTIA TARANTINO<\/h3>\n<p>Ingresso libero. Consumazione solidale \u20ac 8,00.<\/p>\n<p>**<\/p>\n<p><span class=\"_5yl5\"><strong>Luca Crastolla<\/strong> nasce in Puglia quarantaquattro anni fa, ma i primi dieci li vive in un paesino del Varesotto al seguito dei genitori emigrati in Lombardia per lavoro. Torna nella terra delle sue origini nell&#8217;85. La Puglia, che sino ad allora era stata meta vacanziera e di affetti, manifesta cos\u00ec, all&#8217;improvviso, il suo volto pi\u00fa ferale e aspro di luogo incapace di emanciparsi dalla pi\u00f9 vasta questione meridionale, e la questione meridionale diventa presto una questione personale. Le difficili manovre di avvicinamento a questa terra dalla ricca tradizione culturale e civile, ma incapace -o impossibilitata- a mantenere con la sua gente le promesse di un cambiamento che non la snaturi, durano tutt&#8217;oggi. Nel 2016, il Crastolla affronta un cammino in solitaria che dalla Puglia lo porter\u00e0 in Irpinia lungo trecento chilometri di strade sterrate. Un cammino polveroso che, a testimonianza del tentativo mai arreso di appartenere al Sud, Crastolla condurr\u00e0 senza soldi, con tenda, sacco a pelo e poesie da barattare per cibo semplice. La decisione di queste condizioni estreme, affonda &#8211; tra le altre cose -, nell&#8217;idea di mettersi in balia della vita per una pur piccola parentesi: una rivoluzione minima, intima, contro il mondo della pianificazione. Il mondo dato. Quello con la scrittura \u00e8 un rapporto informale e complicato iniziato a sei anni. Si pu\u00f2 dire che Crastolla scriva da sempre e da sempre lontano dai luoghi dell&#8217;accademia. Dal 2016 \u00e8 membro di Versipelle, comunit\u00e0 poetica che attualmente conta ventiquattro autori virtualmente riuniti nel progetto Versipelleblog. Suoi testi sono stati ospitati in diversi luoghi della virtualit\u00e0 tra cui Word Social Forum e Nefele (qui, anche una sua intervista a cura enfant prodige della poesia Mattia Tarantino). Nel 2017 compare nell&#8217;antologia <em>Paesaggi liber<\/em>i, raccolta di poesie contro la violenza sulle donne. <em>L&#8217;ignoranza della polver<\/em>e (2018), edito da Controluna con la prefazione di Giuseppe Cerbino, \u00e8 la sua prima pubblicazione.<\/span><\/p>\n<p><strong>Mattia Tarantino<\/strong> \u00e8 nato a Napoli nel 2001. Cura la sezione di poesia per la piattaforma artistica Nefele; fa parte della redazione di \u00abBibbia d\u2019Asfalto \u2013 Poesia urbana e autostradale\u00bb; \u00e8 co-direttore di\u00ab Inverso \u2013 Giornale di poesia\u00bb. \u00c8 presente in diverse riviste e antologie. Sue poesie sono state tradotte in russo, greco, inglese, rumeno, spagnolo e siciliano. Ha pubblicato <em>Tra l\u2019angelo e la sillaba<\/em> (Terra d\u2019ulivi edizioni, 2017). A maggio 2019 con Terra d&#8217;ulivi edizioni uscir\u00e0 <em>Fiori estinti<\/em>, una seconda raccolta di poesie<\/p>\n","protected":false},"excerpt":{"rendered":"<p>&nbsp; 27 marzo 2019 &#8211; ore 20.00 Nell&#8217;ambito de Il Giardino della Poesia, incontro aperto ai poeti. Con la partecipazione di LUCA CASTROLLA e MATTIA TARANTINO Ingresso libero. Consumazione solidale \u20ac 8,00. ** Luca Crastolla nasce in Puglia quarantaquattro anni fa, ma i primi dieci li vive in un paesino del Varesotto al seguito dei [&hellip;]<\/p>\n","protected":false},"author":1,"featured_media":3488,"comment_status":"open","ping_status":"open","sticky":false,"template":"","format":"standard","meta":[],"categories":[10],"tags":[30],"_links":{"self":[{"href":"https:\/\/lacasadelleartiste.it\/index.php?rest_route=\/wp\/v2\/posts\/3487"}],"collection":[{"href":"https:\/\/lacasadelleartiste.it\/index.php?rest_route=\/wp\/v2\/posts"}],"about":[{"href":"https:\/\/lacasadelleartiste.it\/index.php?rest_route=\/wp\/v2\/types\/post"}],"author":[{"embeddable":true,"href":"https:\/\/lacasadelleartiste.it\/index.php?rest_route=\/wp\/v2\/users\/1"}],"replies":[{"embeddable":true,"href":"https:\/\/lacasadelleartiste.it\/index.php?rest_route=%2Fwp%2Fv2%2Fcomments&post=3487"}],"version-history":[{"count":0,"href":"https:\/\/lacasadelleartiste.it\/index.php?rest_route=\/wp\/v2\/posts\/3487\/revisions"}],"wp:featuredmedia":[{"embeddable":true,"href":"https:\/\/lacasadelleartiste.it\/index.php?rest_route=\/wp\/v2\/media\/3488"}],"wp:attachment":[{"href":"https:\/\/lacasadelleartiste.it\/index.php?rest_route=%2Fwp%2Fv2%2Fmedia&parent=3487"}],"wp:term":[{"taxonomy":"category","embeddable":true,"href":"https:\/\/lacasadelleartiste.it\/index.php?rest_route=%2Fwp%2Fv2%2Fcategories&post=3487"},{"taxonomy":"post_tag","embeddable":true,"href":"https:\/\/lacasadelleartiste.it\/index.php?rest_route=%2Fwp%2Fv2%2Ftags&post=3487"}],"curies":[{"name":"wp","href":"https:\/\/api.w.org\/{rel}","templated":true}]}}