{"id":3430,"date":"2019-02-20T10:12:08","date_gmt":"2019-02-20T09:12:08","guid":{"rendered":"http:\/\/spazioaldamerini.org\/?p=3430"},"modified":"2019-02-20T10:12:08","modified_gmt":"2019-02-20T09:12:08","slug":"12-3-19-il-ritratto-nelle-arti-visive-contemporanee-a-cura-di-m-jannelli-e-s-zava","status":"publish","type":"post","link":"https:\/\/lacasadelleartiste.it\/?p=3430","title":{"rendered":"12 3 19 &#8220;Il ritratto nelle arti visive contemporanee&#8221; a cura di M. Jannelli e S. Zava"},"content":{"rendered":"<p><a href=\"https:\/\/auserbo.bitcafe.it\/wp-content\/uploads\/2019\/02\/ritratto-web-ok.jpg\"><img loading=\"lazy\" class=\"alignnone size-full wp-image-3533\" src=\"https:\/\/auserbo.bitcafe.it\/wp-content\/uploads\/2019\/02\/ritratto-web-ok.jpg\" alt=\"\" width=\"595\" height=\"840\" srcset=\"https:\/\/lacasadelleartiste.it\/wp-content\/uploads\/2019\/02\/ritratto-web-ok.jpg 595w, https:\/\/lacasadelleartiste.it\/wp-content\/uploads\/2019\/02\/ritratto-web-ok-213x300.jpg 213w\" sizes=\"(max-width: 595px) 100vw, 595px\" \/><\/a><\/p>\n<p>&nbsp;<\/p>\n<p><strong>12 marzo 2019 &#8211; ore 18.30<\/strong><\/p>\n<p>Inaugurazione dell&#8217;esposizione<\/p>\n<h3>&#8220;Il ritratto nelle arti visive contemporanee&#8221;<\/h3>\n<p><strong> a cura di Maria Jannelli e Simona Zava.<\/strong><\/p>\n<p>La mostra termina il 24.3.19 ed \u00e8 visitabile nei seguenti orari<\/p>\n<p>marted\u00ec: dalle 10.00 alle 13.00<br \/>\nmercoled\u00ec: dalle 10.00 alle 22.00<br \/>\ngioved\u00ec: dalle 13.00 alle 20.00<br \/>\nvenerd\u00ec, sabato e domenica dalle 17.00 alle 20.00.<\/p>\n<p>L\u2019esposizione \u00e8 promossa dal Museo Nori De\u2019 Nobili di Trecastelli (Ancona), in collaborazione con il Museo Comunale d&#8217;arte moderna dell&#8217;informazione e della fotografia di Senigallia, il Museo Alda Merini di Milano e il\u00a0 Museo Civico Floriano Bodini di Gemonio.<\/p>\n<p>Il Museo della Citt\u00e0 di Trecastelli propone un\u2019esposizione in cui scultura, pittura, disegno e fotografia s\u2019incontrano, offrendo una panoramica di trentacinque artisti di grande rilievo, alcuni appartenenti al territorio marchigiano e altri provenienti da tutta Italia. La mostra offre uno \u201csguardo d\u2019autore\u201d sulla tematica del ritratto, ed \u00e8 un\u2019ulteriore conferma di come i grandi messaggi espressivi del passato tornano, in ogni epoca, a coinvolgere anche i maestri contemporanei che, con linguaggi diversi, dimostrano grande fedelt\u00e0 e dedizione a questo infinito tema. L\u2019esposizione \u00e8 un\u2019imperdibile occasione per apprezzare le opere di Floriano Bodini, Francesca Vitali Boldini, Giuseppe Brunetti, Gianni Cappello, Angelo Casati, Giancarlo Cazzaniga, Leonardo Cemak, Mino Ceretti, Silvio Ceccarelli, Virginia Dal Magro, Antonio Delle Rose, Mirna Donadoni, Marina Falco, Renato Galbusera, Gianantonio Gennari, Maria Jannelli, Piero Marchetti, Mat\u00e8, Antonio Miano, Francesco Messina, Maria Mulas, Barbara Namhad, Alfonso Napolitano, Alessandro Papetti, Ruggero Passeri, Pico Romagnoli, Rosario Ruggiero, Maria Luisa Simone, Domenico Simonini, Pierangelo Tronconi, Sabina Trifil\u00f2, Michela Usanza, Franco Vasconi, Velasco Vitali, Qiao Zhang.<\/p>\n<p>&nbsp;<\/p>\n","protected":false},"excerpt":{"rendered":"<p>&nbsp; 12 marzo 2019 &#8211; ore 18.30 Inaugurazione dell&#8217;esposizione &#8220;Il ritratto nelle arti visive contemporanee&#8221; a cura di Maria Jannelli e Simona Zava. La mostra termina il 24.3.19 ed \u00e8 visitabile nei seguenti orari marted\u00ec: dalle 10.00 alle 13.00 mercoled\u00ec: dalle 10.00 alle 22.00 gioved\u00ec: dalle 13.00 alle 20.00 venerd\u00ec, sabato e domenica dalle 17.00 [&hellip;]<\/p>\n","protected":false},"author":1,"featured_media":3533,"comment_status":"open","ping_status":"open","sticky":false,"template":"","format":"standard","meta":[],"categories":[16],"tags":[30],"_links":{"self":[{"href":"https:\/\/lacasadelleartiste.it\/index.php?rest_route=\/wp\/v2\/posts\/3430"}],"collection":[{"href":"https:\/\/lacasadelleartiste.it\/index.php?rest_route=\/wp\/v2\/posts"}],"about":[{"href":"https:\/\/lacasadelleartiste.it\/index.php?rest_route=\/wp\/v2\/types\/post"}],"author":[{"embeddable":true,"href":"https:\/\/lacasadelleartiste.it\/index.php?rest_route=\/wp\/v2\/users\/1"}],"replies":[{"embeddable":true,"href":"https:\/\/lacasadelleartiste.it\/index.php?rest_route=%2Fwp%2Fv2%2Fcomments&post=3430"}],"version-history":[{"count":0,"href":"https:\/\/lacasadelleartiste.it\/index.php?rest_route=\/wp\/v2\/posts\/3430\/revisions"}],"wp:featuredmedia":[{"embeddable":true,"href":"https:\/\/lacasadelleartiste.it\/index.php?rest_route=\/wp\/v2\/media\/3533"}],"wp:attachment":[{"href":"https:\/\/lacasadelleartiste.it\/index.php?rest_route=%2Fwp%2Fv2%2Fmedia&parent=3430"}],"wp:term":[{"taxonomy":"category","embeddable":true,"href":"https:\/\/lacasadelleartiste.it\/index.php?rest_route=%2Fwp%2Fv2%2Fcategories&post=3430"},{"taxonomy":"post_tag","embeddable":true,"href":"https:\/\/lacasadelleartiste.it\/index.php?rest_route=%2Fwp%2Fv2%2Ftags&post=3430"}],"curies":[{"name":"wp","href":"https:\/\/api.w.org\/{rel}","templated":true}]}}