{"id":3393,"date":"2019-01-26T22:39:08","date_gmt":"2019-01-26T21:39:08","guid":{"rendered":"http:\/\/spazioaldamerini.org\/?p=3393"},"modified":"2019-01-26T22:39:08","modified_gmt":"2019-01-26T21:39:08","slug":"26-2-19-mostra-fotografica-arte-stradale-di-davide-mazzacani","status":"publish","type":"post","link":"https:\/\/lacasadelleartiste.it\/?p=3393","title":{"rendered":"26 2 19 mostra fotografica ARTE STRADALE di Davide Mazzacani"},"content":{"rendered":"<p><a href=\"https:\/\/auserbo.bitcafe.it\/wp-content\/uploads\/2019\/01\/loc-mazzacani_web.jpg\"><img loading=\"lazy\" class=\"alignnone size-full wp-image-3394\" src=\"https:\/\/auserbo.bitcafe.it\/wp-content\/uploads\/2019\/01\/loc-mazzacani_web.jpg\" alt=\"\" width=\"595\" height=\"842\" srcset=\"https:\/\/lacasadelleartiste.it\/wp-content\/uploads\/2019\/01\/loc-mazzacani_web.jpg 595w, https:\/\/lacasadelleartiste.it\/wp-content\/uploads\/2019\/01\/loc-mazzacani_web-212x300.jpg 212w\" sizes=\"(max-width: 595px) 100vw, 595px\" \/><\/a><\/p>\n<p><strong>26 febbraio 2019 &#8211; ore 18.00<\/strong><\/p>\n<p>Inaugurazione della mostra fotografica<\/p>\n<h3><strong>Arte stradale<\/strong><\/h3>\n<p>di<\/p>\n<h3><strong>Davide Mazzacani. <\/strong><\/h3>\n<p>L&#8217;esposizione termina il 10\/3.<\/p>\n<p>Durante l&#8217;inaugurazione, lettura di alcune poesie dalla raccolta <em>Big Mama<\/em> di Davide, recensita da Alda Merini. Segue aperitivo.<\/p>\n<p>ingresso libero<\/p>\n<p><a href=\"https:\/\/auserbo.bitcafe.it\/wp-content\/uploads\/2019\/01\/foto-amerini-con-davide.jpg\"><img loading=\"lazy\" class=\"alignnone wp-image-3395\" src=\"https:\/\/auserbo.bitcafe.it\/wp-content\/uploads\/2019\/01\/foto-amerini-con-davide.jpg?w=748\" alt=\"\" width=\"506\" height=\"338\" srcset=\"https:\/\/lacasadelleartiste.it\/wp-content\/uploads\/2019\/01\/foto-amerini-con-davide.jpg 1428w, https:\/\/lacasadelleartiste.it\/wp-content\/uploads\/2019\/01\/foto-amerini-con-davide-300x200.jpg 300w, https:\/\/lacasadelleartiste.it\/wp-content\/uploads\/2019\/01\/foto-amerini-con-davide-1024x684.jpg 1024w, https:\/\/lacasadelleartiste.it\/wp-content\/uploads\/2019\/01\/foto-amerini-con-davide-768x513.jpg 768w\" sizes=\"(max-width: 506px) 100vw, 506px\" \/><\/a><\/p>\n<p>Davide Mazzacani con Alda Merini<\/p>\n<p>Il mio nome \u00e8 Davide; lo chiarisco perch\u00e9 nel movimento dei writers di strada si usano nomi inventati da scrivere sui muri, muri tra l&#8217;altro che ho sempre rispettato come qualsiasi tipo di arte e scultura al di l\u00e0 del mio giudizio artistico parecchio critico.<\/p>\n<p>Ritengo che il mio tragitto artistico e di vita, e quindi la strada, mi abbia stravolto e affascinato allo stesso modo come fa la musica che attualmente ascolto. Dipingevo quello che sentivo e l&#8217;ho fatto e continuer\u00f2 a farlo perch\u00e9 per me l&#8217;arte, come la fotografia, \u00e8 una passione.<\/p>\n","protected":false},"excerpt":{"rendered":"<p>26 febbraio 2019 &#8211; ore 18.00 Inaugurazione della mostra fotografica Arte stradale di Davide Mazzacani. L&#8217;esposizione termina il 10\/3. Durante l&#8217;inaugurazione, lettura di alcune poesie dalla raccolta Big Mama di Davide, recensita da Alda Merini. Segue aperitivo. ingresso libero Davide Mazzacani con Alda Merini Il mio nome \u00e8 Davide; lo chiarisco perch\u00e9 nel movimento dei [&hellip;]<\/p>\n","protected":false},"author":1,"featured_media":3394,"comment_status":"open","ping_status":"open","sticky":false,"template":"","format":"standard","meta":[],"categories":[16],"tags":[30],"_links":{"self":[{"href":"https:\/\/lacasadelleartiste.it\/index.php?rest_route=\/wp\/v2\/posts\/3393"}],"collection":[{"href":"https:\/\/lacasadelleartiste.it\/index.php?rest_route=\/wp\/v2\/posts"}],"about":[{"href":"https:\/\/lacasadelleartiste.it\/index.php?rest_route=\/wp\/v2\/types\/post"}],"author":[{"embeddable":true,"href":"https:\/\/lacasadelleartiste.it\/index.php?rest_route=\/wp\/v2\/users\/1"}],"replies":[{"embeddable":true,"href":"https:\/\/lacasadelleartiste.it\/index.php?rest_route=%2Fwp%2Fv2%2Fcomments&post=3393"}],"version-history":[{"count":0,"href":"https:\/\/lacasadelleartiste.it\/index.php?rest_route=\/wp\/v2\/posts\/3393\/revisions"}],"wp:featuredmedia":[{"embeddable":true,"href":"https:\/\/lacasadelleartiste.it\/index.php?rest_route=\/wp\/v2\/media\/3394"}],"wp:attachment":[{"href":"https:\/\/lacasadelleartiste.it\/index.php?rest_route=%2Fwp%2Fv2%2Fmedia&parent=3393"}],"wp:term":[{"taxonomy":"category","embeddable":true,"href":"https:\/\/lacasadelleartiste.it\/index.php?rest_route=%2Fwp%2Fv2%2Fcategories&post=3393"},{"taxonomy":"post_tag","embeddable":true,"href":"https:\/\/lacasadelleartiste.it\/index.php?rest_route=%2Fwp%2Fv2%2Ftags&post=3393"}],"curies":[{"name":"wp","href":"https:\/\/api.w.org\/{rel}","templated":true}]}}