{"id":3377,"date":"2019-01-26T15:46:09","date_gmt":"2019-01-26T14:46:09","guid":{"rendered":"http:\/\/spazioaldamerini.org\/?p=3377"},"modified":"2019-01-26T15:46:09","modified_gmt":"2019-01-26T14:46:09","slug":"12-2-19-mostra-collettiva-arte-dei-navigli","status":"publish","type":"post","link":"https:\/\/lacasadelleartiste.it\/?p=3377","title":{"rendered":"12 2 19 Mostra collettiva ARTE DEI NAVIGLI"},"content":{"rendered":"<p><a href=\"https:\/\/auserbo.bitcafe.it\/wp-content\/uploads\/2019\/01\/locandina-circolo-navigli-2019-web.jpg\"><img loading=\"lazy\" class=\"alignnone size-full wp-image-3378\" src=\"https:\/\/auserbo.bitcafe.it\/wp-content\/uploads\/2019\/01\/locandina-circolo-navigli-2019-web.jpg\" alt=\"\" width=\"636\" height=\"842\" srcset=\"https:\/\/lacasadelleartiste.it\/wp-content\/uploads\/2019\/01\/locandina-circolo-navigli-2019-web.jpg 636w, https:\/\/lacasadelleartiste.it\/wp-content\/uploads\/2019\/01\/locandina-circolo-navigli-2019-web-227x300.jpg 227w\" sizes=\"(max-width: 636px) 100vw, 636px\" \/><\/a><\/p>\n<p>Il Circolo dell&#8217;Arte sui Navigli ha il piacere di invitarvi alla<\/p>\n<p><strong>mostra collettiva &#8216;Arte dei Navigli&#8217;<\/strong><\/p>\n<p>L&#8217;evento si terr\u00e0 dal 12 Febbraio al 24 Febbraio 2019.<\/p>\n<p><strong>Vernissage: 12 Febbraio alle ore 18:30<\/strong><\/p>\n<p>Alla mostra parteciperanno con le loro opere i seguenti artisti della scena milanese, appartenenti all&#8217;associazione Il Circolo dell&#8217;Arte sui Navigli:<\/p>\n<p><strong>Fabio Brambilla<\/strong><\/p>\n<p><strong>Caterina Cama<\/strong><\/p>\n<p><strong>Miro Gentilini<\/strong><\/p>\n<p><strong>Nino Landolina<\/strong><\/p>\n<p><strong>Andrea Noseda<\/strong><\/p>\n<p><strong>Giordano Pagliai<\/strong><\/p>\n<p><strong>Michela Ruggiero<\/strong><\/p>\n<p><strong>Wanda Scharf<\/strong><\/p>\n<p><strong>Ines Zingarelli<\/strong><\/p>\n<p>~~~<\/p>\n<p>Il Circolo dell\u2019Arte sui Navigli nasce come Associazione Artistica Culturale il 24 Giugno 2010 da un gruppo di artisti milanesi. Apolitica e senza scopo di lucro, l\u2019associazione nasce con l\u2019intento di promuovere iniziative Culturali ed Artistiche per la valorizzazione del territorio, in ambito Regionale e Extraregionale.<\/p>\n<p>Il circolo ha sede presso il Vicolo Lavandai, 4 a Milano (Tel 335-6000503 &#8211; Mail: circoloartenavigli@aruba.it)<\/p>\n<p>~~~<\/p>\n<p><strong>Fabio Brambilla<\/strong><\/p>\n<p>Fabio Brambilla \u00e8 un &#8220;artigiano&#8221; appassionato da sempre &#8220;all&#8217;Arte&#8221;. Rivolge\u00a0 la\u00a0 sua\u00a0 attenzione\u00a0 alla\u00a0 pittura astratta\u00a0 informale con variabili\u00a0 cromatismi. E\u2019 tuttavia nell&#8217;interpretare e sfidare la\u00a0 materia,\u00a0 con la presenza\u00a0 di struttura e volume, che trova la sua pi\u00f9 ampia espressione.<\/p>\n<p>~~~<\/p>\n<p><strong>Caterina Cama<\/strong><\/p>\n<p>Caterina Cama, nasce a Spadafora (Messina). Successivamente,\u00a0 si trasferisce a Vigevano, citt\u00e0 d\u2019arte e cultura. Da sempre attratta dall\u2019arte, decide d\u2019intraprendere un cammino che la porti a soddisfare questo suo bisogno di poter esprimere ci\u00f2 che ha dentro, attraverso immagini, in cui c\u2019\u00e8 tutta la sua passione.<\/p>\n<p>Caterina ha partecipato a varie mostre e concorsi, classificandosi sempre nei primi posti e ottenendo notevoli consensi sia del pubblico che della critica.<\/p>\n<p>~~~<\/p>\n<p><strong>Miro Gentilini<\/strong><\/p>\n<p>Miro Gentilini nato a Ravenna, dipinge da oltre cinquant\u2019anni.<\/p>\n<p>Ha frequentato l\u2019Accademia delle Belle Arti a S. Paolo \u2013 Brasile, dove ha vissuto per dieci anni. A Milano ha frequentato vari corsi di pittura presso alcuni affermati maestri. Vive e lavora attualmente a Milano con studio presso il Naviglio Grande.<\/p>\n<p>La ricerca pittorica di Gentilini si muove attorno ad alcune precise scelte stilistiche che trovano la loro pi\u00f9 piena e vera classificazione nella rilettura sobria ed asciutta della modellazione classica.<\/p>\n<p>~~~<\/p>\n<p><strong>Nino Landolina<\/strong><\/p>\n<p><strong>\u00a0<\/strong>L\u2019arte di Nino Landolina \u00e8 come poesia che partendo dal nulla la tramuta e fissando il vuoto la riempie. Nei suoi quadri ritroviamo la vita quando questa sembrava sfuggirci o mancarci, soggetto e immagine accentuano sullo specchio dell\u2019anima il concetto di finitudine dell\u2019uomo nell\u2019umano: il bisogno dell\u2019esperienza quale libert\u00e0 interiore;\u00a0 una fede e una speranza che nascono dal vuoto della apparenze.<\/p>\n<p>Nino non accetta condizionamenti o limitazioni nel suo lavoro pittorico. Per lui l\u2019arte \u00e8 espressione massima\u00a0 della libert\u00e0 del linguaggio\u00a0 visivo.<\/p>\n<p>~~~<\/p>\n<p><strong>Andrea Noseda<\/strong><\/p>\n<p><strong>\u00a0<\/strong>Andrea Noseda (Anno) \u00e8 un\u2019artista milanese diplomato alla triennale di pittura e di figura dal Vero presso la Scuola Superiore d&#8217;Arte del Castello Sforzesco. Tramite il suo tratto &#8220;delicato&#8221; Andrea \u00e8 in grado di far emergere attraverso la sua arte tutta la sua sensibilit\u00e0 interiore. Sempre attento alle nuove ricerche stilistiche e variegate forme d\u2019espressione, Andrea ha\u00a0\u00a0 partecipato a varie mostre personali e collettive.<\/p>\n<p>~~~<\/p>\n<p><strong>Giordano Pagliai<\/strong><\/p>\n<p><strong>\u00a0<\/strong>Giordano Pagliai \u00e8 un artista anomalo. Artista lo \u00e8, senza dubbio, e non tanto perch\u00e9 esprime la sua personalit\u00e0, la sua sensibilit\u00e0, le sue convinzioni estetiche e la sua etica esistenziale attraverso l\u02bcarte figurativa, quanto perch\u00e9 artistica \u00e8 la sua visione della vita. Perch\u00e9 il &#8220;senso del bello&#8221; \u00e8 in lui innato e al &#8220;senso estetico&#8221; \u00e8 stato ispirato l\u02bcintero suo percorso professionale. Ma, al contrario dei molti operatori del settore che si autoeleggono &#8220;artisti&#8221; e che dall\u2019alto del loro virtuale olimpo si ergono a unici difensori e forgiatori del &#8220;bello&#8221;, Giordano Pagliai \u00e8 e resta un essere normale. Umile, semplice, mai sopra le righe, mai in cattedra anche quando gli argomenti della conversazione sono quelli che hanno costituito per la quasi intera vita il suo ambito professionale.<\/p>\n<p>~~~<\/p>\n<p><strong>\u00a0<\/strong><strong>Michela Ruggiero<\/strong><\/p>\n<p><strong>\u00a0<\/strong>Michela Ruggiero \u00e8 una giovane artista di appena diciassette anni. E\u2019 nata a Melzo e attualmente abita a Bellinzago Lombardo. Attualmente frequenta il quarto anno del liceo artistico a indirizzo design a Milano.<\/p>\n<p>A Michela piace scrivere storie, disegnare e leggere fumetti. Coltiva inoltre una forte passione per il Giappone, di cui ne st\u00e0 studiando la lingua.<\/p>\n<p>~~~<\/p>\n<p><strong>Wanda Scharf<\/strong><\/p>\n<p>Wanda Scharf nasce a Milano. Dopo la laurea in Lettere si dedica alla ricerca storica\u00a0 e iconografica per i volumi d\u2019arte dell\u2019Editoriale Silvana in collaborazione con Bob Noorda, il Politecnico di Milano e il Touring Club.<\/p>\n<p>Parallelamente coltiva la pittura figurativa e inizia a esporre in collettive alla galleria Bolzani e al Circolo della Stampa di Milano nelle rassegne dedicate ai giornalisti pittori.<\/p>\n<p>Negli anni continua il percorso pittorico alla ricerca della rappresentazione di un paesaggio sempre pi\u00f9 rarefatto, essenziale fino alla svolta dell\u2019informale e poi dell\u2019astratto dal 2008. Questo periodo segna la definitiva e totale immersione nella pittura con tecniche polimateriche olio, acrilico, tempera, acquarello caolino e rami, combinati per dare vita a opere che sanno sorprendere, dare emozioni e suggerire uno storytelling.<\/p>\n<p>~~~<\/p>\n<p><strong>Ines Zingarelli<\/strong><\/p>\n<p>Ines Zingarelli \u00e8 nata ad Andria in Puglia dove ha vissuto fino all\u2019et\u00e0 di 28 anni.<\/p>\n<p>Ha condotto studi tecnico scientifici laureandosi in Scienze dell\u2019Informazione presso l\u2019Universit\u00e0 di Bari ed attualmente vive a Milano dove lavora come computer consultant.<\/p>\n<p>Nonostante tali scelte di vita, ha sempre nutrito una forte passione per tutte le forme di arte in modo particolare per la pittura e la poesia.<\/p>\n<p>Il suo percorso artistico \u00e8 iniziato da autodidatta perfezionando successivamente la\u00a0 tecnica frequentando l\u2019atelier di pittura degli artisti Gino Gini e Fernanda Fedi (2006-2007) e seguendo le lezioni di disegno di figura femminile condotte dall\u2019artista Rafael Dussan (2007-2008).<\/p>\n<p>Il suo genere pittorico si ispira prevalentemente al connubio tra natura e figura femminile.<\/p>\n<p><strong>\u00a0<\/strong><\/p>\n","protected":false},"excerpt":{"rendered":"<p>Il Circolo dell&#8217;Arte sui Navigli ha il piacere di invitarvi alla mostra collettiva &#8216;Arte dei Navigli&#8217; L&#8217;evento si terr\u00e0 dal 12 Febbraio al 24 Febbraio 2019. Vernissage: 12 Febbraio alle ore 18:30 Alla mostra parteciperanno con le loro opere i seguenti artisti della scena milanese, appartenenti all&#8217;associazione Il Circolo dell&#8217;Arte sui Navigli: Fabio Brambilla Caterina [&hellip;]<\/p>\n","protected":false},"author":1,"featured_media":3378,"comment_status":"open","ping_status":"open","sticky":false,"template":"","format":"standard","meta":[],"categories":[16],"tags":[30],"_links":{"self":[{"href":"https:\/\/lacasadelleartiste.it\/index.php?rest_route=\/wp\/v2\/posts\/3377"}],"collection":[{"href":"https:\/\/lacasadelleartiste.it\/index.php?rest_route=\/wp\/v2\/posts"}],"about":[{"href":"https:\/\/lacasadelleartiste.it\/index.php?rest_route=\/wp\/v2\/types\/post"}],"author":[{"embeddable":true,"href":"https:\/\/lacasadelleartiste.it\/index.php?rest_route=\/wp\/v2\/users\/1"}],"replies":[{"embeddable":true,"href":"https:\/\/lacasadelleartiste.it\/index.php?rest_route=%2Fwp%2Fv2%2Fcomments&post=3377"}],"version-history":[{"count":0,"href":"https:\/\/lacasadelleartiste.it\/index.php?rest_route=\/wp\/v2\/posts\/3377\/revisions"}],"wp:featuredmedia":[{"embeddable":true,"href":"https:\/\/lacasadelleartiste.it\/index.php?rest_route=\/wp\/v2\/media\/3378"}],"wp:attachment":[{"href":"https:\/\/lacasadelleartiste.it\/index.php?rest_route=%2Fwp%2Fv2%2Fmedia&parent=3377"}],"wp:term":[{"taxonomy":"category","embeddable":true,"href":"https:\/\/lacasadelleartiste.it\/index.php?rest_route=%2Fwp%2Fv2%2Fcategories&post=3377"},{"taxonomy":"post_tag","embeddable":true,"href":"https:\/\/lacasadelleartiste.it\/index.php?rest_route=%2Fwp%2Fv2%2Ftags&post=3377"}],"curies":[{"name":"wp","href":"https:\/\/api.w.org\/{rel}","templated":true}]}}