{"id":3308,"date":"2018-12-22T01:09:51","date_gmt":"2018-12-22T00:09:51","guid":{"rendered":"http:\/\/spazioaldamerini.org\/?p=3308"},"modified":"2018-12-22T01:09:51","modified_gmt":"2018-12-22T00:09:51","slug":"31-1-19-spina-di-rosa-poeticoncerto-happening","status":"publish","type":"post","link":"https:\/\/lacasadelleartiste.it\/?p=3308","title":{"rendered":"31 1 19 Spina di rosa \u2013 Poeticoncerto &#038; happening"},"content":{"rendered":"<p><a href=\"https:\/\/auserbo.bitcafe.it\/wp-content\/uploads\/2018\/12\/spinadirosa-locandina_web-1.jpg\"><img loading=\"lazy\" class=\"alignnone size-full wp-image-3313\" src=\"https:\/\/auserbo.bitcafe.it\/wp-content\/uploads\/2018\/12\/spinadirosa-locandina_web-1.jpg\" alt=\"\" width=\"595\" height=\"842\" srcset=\"https:\/\/lacasadelleartiste.it\/wp-content\/uploads\/2018\/12\/spinadirosa-locandina_web-1.jpg 595w, https:\/\/lacasadelleartiste.it\/wp-content\/uploads\/2018\/12\/spinadirosa-locandina_web-1-212x300.jpg 212w\" sizes=\"(max-width: 595px) 100vw, 595px\" \/><\/a><\/p>\n<p><strong>31 gennaio 2019<\/strong> &#8211; <strong>ore 20.30 Aperitivo<\/strong><\/p>\n<p><strong>ore 21.00<\/strong> Primo appuntamento della rassegna curata da<\/p>\n<h4>Nicoletta Bernardi<\/h4>\n<h3>SPINA DI ROSA &#8211; Poeticoncerto &amp; Happening<\/h3>\n<p>in cui una cantantutrice, gli scrittori, un\u2019attrice, i musicisti e il pubblico si fondono e confondono creando uno spettacolo di intense suggestioni;<\/p>\n<p>ospite la scrittrice <strong>Elena Mearini<\/strong> con il libro <em>Felice all\u2019infinito. <\/em><\/p>\n<p>&nbsp;<\/p>\n<p><strong>Nicoletta Bernardi, voce<\/strong><br \/>\n<strong>Federica Toti, voce narrante<\/strong><br \/>\n<strong>Lele Lomoro, chitarra<\/strong><br \/>\n<strong>Gianni Consiglio, basso<\/strong><br \/>\n<strong>Giosu\u00e8 Consiglio, batteria<\/strong><br \/>\n<strong>Il pubblico, frammenti e racconti<\/strong><\/p>\n<p><em>Contributo \u20ac 8.00 \u2013 Prenotazioni a info@lacasadelleartiste.it<\/em><\/p>\n<hr \/>\n<p>&nbsp;<\/p>\n<p><a href=\"https:\/\/auserbo.bitcafe.it\/wp-content\/uploads\/2018\/12\/nico-rosa.jpg\"><img loading=\"lazy\" class=\"alignnone  wp-image-3323\" src=\"https:\/\/auserbo.bitcafe.it\/wp-content\/uploads\/2018\/12\/nico-rosa.jpg\" alt=\"\" width=\"271\" height=\"407\" srcset=\"https:\/\/lacasadelleartiste.it\/wp-content\/uploads\/2018\/12\/nico-rosa.jpg 640w, https:\/\/lacasadelleartiste.it\/wp-content\/uploads\/2018\/12\/nico-rosa-200x300.jpg 200w\" sizes=\"(max-width: 271px) 100vw, 271px\" \/><\/a><\/p>\n<p><strong>Nicoletta Bernardi<\/strong> cantautrice e musicoterapista, nutrition coach HL<\/p>\n<p><a href=\"https:\/\/auserbo.bitcafe.it\/wp-content\/uploads\/2018\/12\/Mearini.jpg\"><img loading=\"lazy\" class=\"alignnone wp-image-3311\" src=\"https:\/\/auserbo.bitcafe.it\/wp-content\/uploads\/2018\/12\/Mearini.jpg\" alt=\"\" width=\"266\" height=\"388\" srcset=\"https:\/\/lacasadelleartiste.it\/wp-content\/uploads\/2018\/12\/Mearini.jpg 324w, https:\/\/lacasadelleartiste.it\/wp-content\/uploads\/2018\/12\/Mearini-205x300.jpg 205w\" sizes=\"(max-width: 266px) 100vw, 266px\" \/><\/a><\/p>\n<p><strong>Elena Mearin<\/strong>i, scrittrice<\/p>\n<blockquote class=\"wp-embedded-content\" data-secret=\"wTgRVmPrfY\"><p><a href=\"https:\/\/elenamearini.it\/\">Home<\/a><\/p><\/blockquote>\n<p><iframe class=\"wp-embedded-content\" sandbox=\"allow-scripts\" security=\"restricted\" style=\"position: absolute; clip: rect(1px, 1px, 1px, 1px);\" title=\"&#8220;Home&#8221; &#8212; Elena Mearini\" src=\"https:\/\/elenamearini.it\/embed\/#?secret=wTgRVmPrfY\" data-secret=\"wTgRVmPrfY\" width=\"600\" height=\"338\" frameborder=\"0\" marginwidth=\"0\" marginheight=\"0\" scrolling=\"no\"><\/iframe><\/p>\n<p>Il chi sono e cosa faccio sta nelle parole che scrivo, nelle immagini che scelgo per raccontare e stringere la mano di chi legge.<br \/>\nPosso anticiparvi la mia passione per la bellezza pi\u00f9 fragile, quella timida che stenta a mostrarsi, quella che va scovata dietro le porte e se vuoi trovarla devi impegnarti a cercarla.<br \/>\nDi solito, \u00e8 il tipo di bellezza che non delude mai.<br \/>\nEcco, potrei definirmi una ricercatrice ostinata del bello da retrobottega.<br \/>\nQuello esposto in vetrina mi convince poco.<br \/>\nDiciamo che non m\u2019innamora.<br \/>\nE io amo innamorarmi, non riesco proprio a farne a meno.<br \/>\nVa cos\u00ec.<\/p>\n<hr \/>\n<p><a href=\"https:\/\/www.ibs.it\/felice-all-infinito-libro-elena-mearini\/e\/9788860044822\">Felice all&#8217;infinito (Perrone ed.<\/a>)<\/p>\n<p><a href=\"https:\/\/auserbo.bitcafe.it\/wp-content\/uploads\/2018\/12\/felice.jpg\"><img loading=\"lazy\" class=\"alignnone wp-image-3312\" src=\"https:\/\/auserbo.bitcafe.it\/wp-content\/uploads\/2018\/12\/felice.jpg\" alt=\"\" width=\"347\" height=\"510\" srcset=\"https:\/\/lacasadelleartiste.it\/wp-content\/uploads\/2018\/12\/felice.jpg 566w, https:\/\/lacasadelleartiste.it\/wp-content\/uploads\/2018\/12\/felice-204x300.jpg 204w\" sizes=\"(max-width: 347px) 100vw, 347px\" \/><\/a><\/p>\n<p>Felice \u00e8 un ragazzino diverso dagli altri, pi\u00f9 leggero del normale, sia nel corpo che nella testa. Magrissimo e con un modo di pensare assai bizzarro, diventa facile bersaglio per i bulli della scuola che lo chiamano l&#8217;Alieno, togliendogli il diritto di essere un normale ragazzino che, come tutti, gioca, sogna, sbaglia e si corregge, cade e si rialza. Innamorato del cielo e delle stelle, affascinato dai disegni che gli astri creano nello spazio, Felice parla e si confida con la stella polare, come se fosse una seconda madre capace di comprenderlo nel profondo, al di l\u00e0 di ogni giudizio e pregiudizio. La sua \u00e8 una quotidianit\u00e0 un poco magica e molto solitaria, condivisa in parte dalla madre, donna fragile nell&#8217;anima e nei nervi, e dalla nonna Lea, vivace anziana appassionata di cucina, colei che cura ogni tipo di male con il buono di torte e merende varie. La passione culinaria della nonna riuscir\u00e0 a contagiare Felice, facendo nascere in lui un incondizionato amore per i fornelli. In poco tempo, la gente attorno scoprir\u00e0 quale incredibile talento da cuoco si nasconda nel suo cuore e nelle sue mani. Felice comincia allora ad impegnarsi per quella che considera una vera missione da supereroe: cucinare piatti speciali, capaci di rendere gli umani pi\u00f9 buoni, meno cattivi nei confronti dei diversi, meno ostili agli Alieni. La sua impresa verr\u00e0 accolta e dopo riconosciuta, il suo talento premiato con un invito inatteso.<\/p>\n","protected":false},"excerpt":{"rendered":"<p>31 gennaio 2019 &#8211; ore 20.30 Aperitivo ore 21.00 Primo appuntamento della rassegna curata da Nicoletta Bernardi SPINA DI ROSA &#8211; Poeticoncerto &amp; Happening in cui una cantantutrice, gli scrittori, un\u2019attrice, i musicisti e il pubblico si fondono e confondono creando uno spettacolo di intense suggestioni; ospite la scrittrice Elena Mearini con il libro Felice [&hellip;]<\/p>\n","protected":false},"author":1,"featured_media":3313,"comment_status":"open","ping_status":"open","sticky":false,"template":"","format":"standard","meta":[],"categories":[7],"tags":[30],"_links":{"self":[{"href":"https:\/\/lacasadelleartiste.it\/index.php?rest_route=\/wp\/v2\/posts\/3308"}],"collection":[{"href":"https:\/\/lacasadelleartiste.it\/index.php?rest_route=\/wp\/v2\/posts"}],"about":[{"href":"https:\/\/lacasadelleartiste.it\/index.php?rest_route=\/wp\/v2\/types\/post"}],"author":[{"embeddable":true,"href":"https:\/\/lacasadelleartiste.it\/index.php?rest_route=\/wp\/v2\/users\/1"}],"replies":[{"embeddable":true,"href":"https:\/\/lacasadelleartiste.it\/index.php?rest_route=%2Fwp%2Fv2%2Fcomments&post=3308"}],"version-history":[{"count":0,"href":"https:\/\/lacasadelleartiste.it\/index.php?rest_route=\/wp\/v2\/posts\/3308\/revisions"}],"wp:featuredmedia":[{"embeddable":true,"href":"https:\/\/lacasadelleartiste.it\/index.php?rest_route=\/wp\/v2\/media\/3313"}],"wp:attachment":[{"href":"https:\/\/lacasadelleartiste.it\/index.php?rest_route=%2Fwp%2Fv2%2Fmedia&parent=3308"}],"wp:term":[{"taxonomy":"category","embeddable":true,"href":"https:\/\/lacasadelleartiste.it\/index.php?rest_route=%2Fwp%2Fv2%2Fcategories&post=3308"},{"taxonomy":"post_tag","embeddable":true,"href":"https:\/\/lacasadelleartiste.it\/index.php?rest_route=%2Fwp%2Fv2%2Ftags&post=3308"}],"curies":[{"name":"wp","href":"https:\/\/api.w.org\/{rel}","templated":true}]}}