{"id":3299,"date":"2018-12-22T00:32:31","date_gmt":"2018-12-21T23:32:31","guid":{"rendered":"http:\/\/spazioaldamerini.org\/?p=3299"},"modified":"2018-12-22T00:32:31","modified_gmt":"2018-12-21T23:32:31","slug":"27-1-19-giorno-della-memoria-docufilm-e-concerto","status":"publish","type":"post","link":"https:\/\/lacasadelleartiste.it\/?p=3299","title":{"rendered":"27 1 19 Giorno della Memoria: docufilm e concerto"},"content":{"rendered":"<p><a href=\"https:\/\/auserbo.bitcafe.it\/wp-content\/uploads\/2018\/12\/giorno-memoria-loc-19-web.jpg\"><img loading=\"lazy\" class=\"alignnone size-full wp-image-3300\" src=\"https:\/\/auserbo.bitcafe.it\/wp-content\/uploads\/2018\/12\/giorno-memoria-loc-19-web.jpg\" alt=\"\" width=\"595\" height=\"842\" srcset=\"https:\/\/lacasadelleartiste.it\/wp-content\/uploads\/2018\/12\/giorno-memoria-loc-19-web.jpg 595w, https:\/\/lacasadelleartiste.it\/wp-content\/uploads\/2018\/12\/giorno-memoria-loc-19-web-212x300.jpg 212w\" sizes=\"(max-width: 595px) 100vw, 595px\" \/><\/a><\/p>\n<p><strong>In occasione della Giornata della Memoria &#8211; 27 gennaio 2019<\/strong><\/p>\n<h4>ore 18.00<\/h4>\n<h3><strong>La comunit\u00e0 ebraica in Italia e l\u2019avvento del fascismo.<\/strong><\/h3>\n<p>Docufilm da un\u2019idea di <strong>Elena Bedei<\/strong> e <strong>Andr\u00e9 Waksman<\/strong>, in collaborazione con <strong>Erika Bastogi. <\/strong><\/p>\n<p><em>Ingresso libero.<\/em><\/p>\n<p>&nbsp;<\/p>\n<h4>ore 19.00<\/h4>\n<h3><strong>Dall\u2019orrore alla speranza. Viaggio musicale tra cultura ebraica e poetica femminile<\/strong><\/h3>\n<p>con <strong>Sabina Macculi<\/strong> (soprano) e <strong>Kleva Metolli<\/strong> (pianoforte).<\/p>\n<p><em>Ingresso libero.<\/em><\/p>\n<p>Leggi articolo di MilanoSud gennaio 2019<\/p>\n<p><a href=\"https:\/\/auserbo.bitcafe.it\/wp-content\/uploads\/2019\/01\/01_misud_genn2019-estratto.pdf\">01_misud_genn2019 estratto<\/a><\/p>\n<hr \/>\n<h3><strong>Docufilm<\/strong><\/h3>\n<p><strong>UN DOCUMENTARIO SULLA COMUNITA\u2019EBRAICA IN ITALIA E L\u2019AVVENTO DEL FASCISMO<\/strong><\/p>\n<p><strong>\u00a0<\/strong>Dopo la realizzazione del film \u201cIl tempo di una tregua\u201d, sulla vicenda degli ebrei di St. Martin de Vesubie nel 1943, realizzato con la casa di produzione Vision International di Parigi, abbiamo lavorato a un altro progetto di documentario sulla comunit\u00e0 ebraica italiana e l\u2019avvento del fascismo.<\/p>\n<p>A tal fine sono state realizzate diverse interviste a testimoni, molto anziani, che hanno raccontato la loro personale esperienza rispetto alla promulgazione delle leggi razziali e in seguito agli anni della guerra prima e dopo l\u2019armistizio. Grazie a loro siamo riusciti anche a raccogliere materiale fotografico, documenti e filmati di famiglia. Gran parte del lavoro \u00e8 stato fatto grazie alla collaborazione della comunit\u00e0 ebraica di Pisa e Livorno.<\/p>\n<p>L\u2019idea del film nasce dalla constatazione che, nonostante la dittatura fascista fosse iniziata nel \u201822, fino a met\u00e0 degli anni \u201830 i livelli di antisemitismo in Italia erano bassi e il giudizio di molte famiglie ebraiche nei confronti di Mussolini non era sempre negativo. Per questo, quando nel \u201838 Mussolini promulg\u00f2 le leggi razziali, in pochi avevano previsto il nuovo drammatico corso.<\/p>\n<p>Cosa non era stato percepito come pericolo o minaccia nel fascismo?<\/p>\n<p>L\u2019ipotesi pi\u00f9 accreditata tra gli storici contemporanei \u00e8 che dopo la met\u00e0 degli anni \u201830 il regime fascista, la cui ideologia si fonda sulla necessit\u00e0 di un nemico da combattere e sulla logica di esclusione, dove il \u201cnoi\u201d esiste solo in contrapposizione all\u2019altro (pi\u00f9 debole), aveva assolutamente bisogno di trovare un nuovo capro espiatorio debole, interno al paese e non associabile all\u2019apparato militare, per rinforzare il potere.<\/p>\n<p>Ricordiamoci infatti che negli anni \u201820 l\u2019opposizione del sindacato e dei partiti politici democratici era stata azzerata, e che negli anni \u201830 l\u2019avventura coloniale e l\u2019aiuto fornito nella guerra di Spagna al regime franchista si erano rivelati fallimentari e non avevano prodotto i risultati sperati.<\/p>\n<p>In quel contesto, il regime nazista, che gi\u00e0 dal suo insediamento al governo nel \u201833 aveva cominciato a varare dei provvedimenti razziali, divenne un modello da perseguire ossessivamente.<\/p>\n<p>E le leggi razziali italiane del luglio \u201838 (che hanno addirittura preceduto di qualche mese la famosa \u201cnotte dei cristalli e dei pogrom\u201d in Germania, Austria e Cecoslovacchia e l\u2019alleanza del \u201839 tra Italia e Germania), non furono \u201call\u2019acqua di rose\u201d perch\u00e9 portarono alla morte migliaia di ebrei e provocarono sofferenze indicibili, paura, terrore e miseria.<\/p>\n<p>Oggi in un\u2019Europa in crisi di valori e di identit\u00e0 a livello sociale e politico, sta crescendo la tentazione di trovare nelle minoranze la colpa ideale delle nostre difficolt\u00e0.<\/p>\n<p>Ma la storia ci ha insegnato che un razzismo selettivo alimenta solo odio sotto forma di un\u2019opposizione identitaria, come se il valore di una comunit\u00e0 non possa essere assicurato che dal rifiuto dell\u2019altra.<\/p>\n<p>Comprendere l\u2019antisemitismo, e in particolare quello adottato dall\u2019ideologia fascista, \u00e8 comprendere quanto, una volta sdoganata, l\u2019intolleranza non conosca limiti.<\/p>\n<p>Con le testimonianze filmate di chi ha vissuto in prima persona questi avvenimenti cruciali e dolorosi e dei loro ricordi ancora vivi, speriamo di fornire a tutti, ma soprattutto alle giovani generazioni che non avranno pi\u00f9 testimonianze dirette, un ulteriore strumento di riflessione sul concetto di identit\u00e0 e\u00a0razzismo.<\/p>\n<p>&nbsp;<\/p>\n<p><a href=\"https:\/\/auserbo.bitcafe.it\/wp-content\/uploads\/2018\/12\/bedei.jpg\"><img loading=\"lazy\" class=\"alignnone wp-image-3306\" src=\"https:\/\/auserbo.bitcafe.it\/wp-content\/uploads\/2018\/12\/bedei.jpg\" alt=\"\" width=\"359\" height=\"355\" srcset=\"https:\/\/lacasadelleartiste.it\/wp-content\/uploads\/2018\/12\/bedei.jpg 478w, https:\/\/lacasadelleartiste.it\/wp-content\/uploads\/2018\/12\/bedei-300x297.jpg 300w\" sizes=\"(max-width: 359px) 100vw, 359px\" \/><\/a><\/p>\n<p><strong>Elena Bedei (documentarista)<\/strong><\/p>\n<p>https:\/\/vimeo.com\/user11042223\/videos<\/p>\n<p>Sono autore e regista di documentari, a carattere antropologico, sociale e storico, con uno sguardo particolare per l\u2019 Africa, dove ho svolto anche il ruolo di formatrice in tecniche di ripresa e montaggio in progetti finanziati dalla comunit\u00e0 europea. Ho prodotto per diverse fondazioni, quali \u2018Terres des Hommes\u2019, e per la \u2018Cooperazione Italiana\u2019 documentari per campagne di sensibilizzazione sul territorio. Dopo diversi anni di collaborazione con la RAI come autrice e videogiornalista , ho fondato nel 2000 la mia casa di produzione &#8211; EBLAB filmstudio \u2013 per la realizzazione di documentari d\u2019autore.<br \/>\nL\u2019attenzione per la \u2018condizione umana\u2019 (nel senso di evoluzione storica, sociale e politica) vuole essere la chiave di narrazione del mio lavoro, partendo sempre da avvenimenti o situazioni specifiche e memorie personali per indagare il senso della realt\u00e0 odierna.<\/p>\n<p>Un po&#8217; di filmografia :<br \/>\n&#8220;Ololaha, I nomadi in Somalia&#8221; &#8211; doc. 1974 \u2013 Somalia<br \/>\n\u201cMaputo, una citt\u00e0 che rinasce\u201d \u2013 doc. 1976 &#8211; Mozambico<br \/>\n&#8220;A braccia incrociate&#8221; &#8211; doc. 1975 &#8211; Italia<br \/>\n&#8220;Ah Elisa&#8221; &#8211; corto 1984 &#8211; Italia<br \/>\n&#8220;I bambini degli altri&#8221; &#8211; 5 corti 1985 &#8211; Italia<br \/>\n&#8220;Emmaus&#8221; &#8211; doc. 1995 \u2013 Italia\/Francia<br \/>\n&#8220;Ritratti d&#8217;artista &#8221; \u2013 2000 Italia<br \/>\n&#8220;Tedgr\u00e9&#8221; &#8211; 5 doc. 2001 &#8211; Burkina Faso<br \/>\n&#8220;La guerra di Claudio&#8221; &#8211; doc. 2002 &#8211; Italia<br \/>\n\u201cDomani la libert\u00e0\u201d &#8211; nel centro minorile di Laye &#8211; Burkina Faso<br \/>\n&#8220;Zoumana la star&#8221; e &#8220;Beb\u00e9 a risque&#8221; &#8211; mini fiction &#8211; Costa d\u2019Avorio<br \/>\n\u201cAwoule Yolob\u00e9t\u00e9 \u2013 istruzioni per nascere \u201c \u2013 doc. Costa d\u2019Avorio &#8211; 2005<br \/>\n\u201cCaleb\u2019s dream \u2013 il sogno di diventare presidente \u201c \u2013 doc. Kenya &#8211; 2006-07<br \/>\n\u201cGuardavalle, un territorio da scoprire\u201d &#8211; doc. 70\u2019 \u2013 2008 \u2013 Italia<br \/>\n\u201c1943- I giorni di una tregua\u201d \u2013 doc. 52\u2019 \u2013 2009 &#8211; Francia\/Italia<br \/>\n\u201cLa saison des droits\u201d \u2013 5 mini fiction \u2013 2010 &#8211; Mauritania<br \/>\n\u201cI ragazzi di El Mina\u201d- nel centro minorile di Nouakchott &#8211; 2011 &#8211; Mauritania<br \/>\n\u201cTholos, lo strano caso della tomba etrusca\u201d \u2013 2012 &#8211; Italia<br \/>\n\u201cChinquetti, citt\u00e0 della sapienza\u201d \u2013 2013 Mauritania<br \/>\n\u201cTuristi per Kaos\u201d \u2013 2014 Italia<br \/>\n&#8220;La comunit\u00e0 ebraica e l&#8217;avvento del fascismo&#8221; &#8211; in produzione (2015) &#8211; Italia\/Francia<br \/>\n\u201cOlolaha \u2013 Somalia 40 anni dopo \u201c \u2013 in produzione (2017) &#8211; Italia<\/p>\n<hr \/>\n<h3><strong>Concerto per soprano e pianoforte<\/strong><\/h3>\n<p>Forse non tutti sanno che grandi compositori americani quali K. WEIL, \u00a0E.W. KORNGOLD, G. GERSHWIN, L.BERNSTEIN \u00a0fossero di origine ebraica. I primi due, Weil tedesco e Kongold austriaco, naturalizzati statunitensi perch\u00e9 in fuga negli anni Trenta a causa delle loro patrie nazificate. Il primo era figlio di un CHAZAN.\u00a0 In ebraico Cantore.<\/p>\n<p>Gli Stati Uniti accolsero i nuovi figli. Essi poterono vivere, comporre, dirigere e morire liberi. La loro musica \u00e8 permeata della cultura europea e della cultura ebraica.\u00a0 \u00a0Eseguire le loro composizioni in musica difende dall\u2019oblio, ne conferma la Memoria.<\/p>\n<p>Ed \u00e8 ancora la musica che ha serbato Memoria della cospicua produzione poetica della poetessa lodigiana Ada Negri. Premio Nobel per la Letteratura nel 1926, Nel 1931 l&#8217;autrice fu insignita del <em>Premio Mussolini<\/em> per la carriera; erano gli anni in cui Benito Mussolini ancora utilizzava i rapporti nati nel suo periodo socialista. Il premio consacr\u00f2 Ada Negri come intellettuale di regime, tanto che nel 1940 fu la prima donna membro dell&#8217;Accademia d&#8217;Italia.<\/p>\n<p>ARTISTE<\/p>\n<p><a href=\"https:\/\/auserbo.bitcafe.it\/wp-content\/uploads\/2018\/12\/SAB1969.jpg\"><img loading=\"lazy\" class=\"alignnone wp-image-3303\" src=\"https:\/\/auserbo.bitcafe.it\/wp-content\/uploads\/2018\/12\/SAB1969.jpg?w=748\" alt=\"\" width=\"346\" height=\"230\" \/><\/a><\/p>\n<p><strong>Sabina Macculi (soprano)<\/strong><\/p>\n<p>Nata ad Offenbach\/m da genitori Salentini, soprano Belcantista, \u00e8 cantante versatile che spazia dall\u2019opera, all\u2019operetta dalla musica Antica alla musica contemporanea, affermandosi anche come raffinata Liederista. Si \u00e8 diplomata in Canto Lirico presso il Conservatorio \u201cA. Casella\u201d dell\u2019Aquila e laureata in Musica Vocale da Camera presso il Conservatorio G.Verdi di Milano con il massimo dei voti, la lode e la menzione di merito. Si \u00e8 perfezionata in musica antica, sacra e profana all\u2019Accademia Chigiana di Siena col Ren\u00e9 Clemencic e in seguito con Jordi Savall per il repertorio antico francese, in musica da camera tedesca coi maestri Helmut Deutsch e Karl Peter Kammerlander e in musica da camera francese con Dalton Baldwin. Insignita del premio \u201cBeniamino Gigli\u201c\u00e8 vincitrice di diversi concorsi tra cui quello Internazionale del Teatro Lirico Sperimentale di Spoleto, debuttando come Amina nella <em>Sonnambula<\/em> di Vincenzo Bellini. Molti sono i palcoscenici che l\u2019hanno applaudita come protagonista. Tra essi: Accademia S. Cecilia Parco della Musica, Filarmonico della Scala, Auditorium Verdi di Milano, Auditorium Paganini di Parma, Dal Verme di Milano, Piccolo Teatro Studio di Milano, Regio di Torino, Opera di Roma, Sala Nervi di Roma, Bellini di Catania, Comunale de L\u2019Aquila, Comunale di Salerno, Comunale di Firenze, Comunale di Bologna, Sferisterio di Macerata, Verdi di Trieste, Petruzzelli di Bari, Festival di Bellagio e Como, Festival Nuova Consonanza ; Festival di Villa Massimo Roma, Musica Verticale, Barattelli de L\u2019Aquila, Mittelfest di Udine, Festival SpazioMusica, Festival Traiettorie Sonore, Festival Nuova Musica di Macerata, Istituzione Universitaria dei Concerti di Roma, Cantiere di Montepulciano, Societ\u00e0 del Quartetto, Societ\u00e0 dei Concerti di Milano. Lima, Quito, Tbilisi, Kyoto, Abu Dhabi, Friburgo, Parigi, Monaco di Baviera, Sofia, Ha inciso e registrato per la DECCA, DENON, RAI-ERI, STRADIVARIUS, RCA, ARTS, MELOGRANO, SPLASC(H) records, ZYX records (Usa), RADIO VATICANA, RAI 3, RAI Radio1, RAI Radio3, BAYERISCHE RUNDFUNK, IRCAM di Parigi.\u00a0Ha registrato trasmissioni per RAI 3, RAI Radio1, RAI Radio3, Piazza Verdi Radio 3 RAI INTERNATIONAL, BAYERISCHE RUNDFUNK di Monaco di Baviera, IRCAM CENTRE POMPIDOU di Parigi. E\u2019 Docente di Dizione per Canto in lingua Tedesca presso in Conservatorio G. Verdi di MIlano<\/p>\n<p><a href=\"https:\/\/auserbo.bitcafe.it\/wp-content\/uploads\/2018\/12\/curr-kl.jpg\"><img loading=\"lazy\" class=\"alignnone wp-image-3304\" src=\"https:\/\/auserbo.bitcafe.it\/wp-content\/uploads\/2018\/12\/curr-kl.jpg\" alt=\"\" width=\"326\" height=\"435\" srcset=\"https:\/\/lacasadelleartiste.it\/wp-content\/uploads\/2018\/12\/curr-kl.jpg 459w, https:\/\/lacasadelleartiste.it\/wp-content\/uploads\/2018\/12\/curr-kl-225x300.jpg 225w\" sizes=\"(max-width: 326px) 100vw, 326px\" \/><\/a><\/p>\n<p><strong>Kleva Metolli<\/strong> <strong>(pianista)<\/strong><\/p>\n<p>Nata a Elbasan, Albania.Inizia gli studi di pianoforte con Violeta Kapxhiu all\u2019et\u00e0 di sei anni presso la scuola musicale artistica\u201dOnufri\u201d di Elbasan. All\u2019et\u00e0 di diciassette anni consegue la maturit\u00e0 artistica e il diploma di pianoforte a pieni voti. Continua lo studio all\u2019Accademia delle Belle Arti di Tirana con Mira Kruja per due anni e trasferitasi in Italia, consegue con successo un ulteriore diploma di pianoforte nella classe di Maestro Leonardo Leonardi presso il Conservatorio\u201dGiuseppe Verdi\u201d di Milano. S\u00ec \u00e8 diplomata a pieni voti e la lode in Musica Vocale da Camera, nella classe della Prof. Daniela Uccello e ha continuato il perfezionamento sul repertorio Liederistico presso la HochSchule di Monaco in Germania nella classe del maestro Helmut Deutsch. Ha conseguito il Biennio (Laurea di secondo livello) di Perfezione come pianista collaboratrice dei teatri laureandosi con: 110 con il Maestro U.Finazzi. Ha seguito come allieva effettiva i corsi di masterclass di A. Lonquich, B. Canino, L. Stix, G. Salvetti, L. Castellani, P. Badura-Skoda, E. Battaglia,H. Deutch,M .Cavazza, G. Neuhold, Th. Steinhofel, Karl-Peter Kammerlander. Ha partecipato in numerosi concorsi nazionali e internazionali e ha vinto il Primo premio al Concorso Nazionale di Camaiore, il Primo premio come Duo Liederistico al Concorso Rotary di Milano, il Secondo premio al Concorso Internazionale di Tortona, il Secondo premio al Concorso Pianistico \u201cG. Rospigliosi\u201d di Pistoia, il Secondo premio come gruppo da camera al concorso Rotary di Milano. E\u2019 stata per diversi anni consecutivi la pianista ufficiale dell\u2019Orchestra Filarmonica G. Verdi di Milano \u00e8 ha suonato sotto la direzione dei grandi direttori quali: G. Kuhn, G. Rath, T. Ceccherini, V. Parisi, D. Rustioni, A. Ceccato. Ha collaborato per diverse produzioni con l\u2019orchestra \u201dHaydn\u201d di Bolzano e Trento in qualit\u00e0 di pianista dell\u2019orchestra, collaborazione questa che continua in modo frequente e soddisfacente tuttora essendo chiamata come pianista accompagnatore nella maggior parte dei concorsi svolti presso questa prestigiosa orchestra.\u00a0 Ha collaborato con la Fondazione Orchestra Sinfonica di Milano\u201dGiuseppe Verdi\u201d. Ha ottenuto per nove anni consecutivi la borsa di studio come \u201cpianista collaboratore\u201d delle classi di strumento ad arco e fiato del Conservatorio Giuseppe Verdi, Milano. Dall\u2019anno accademico 2007 \u00e8 stata selezionata come Pianista Collaboratore Ufficiale delle classi di strumento del Conservatorio Giuseppe Verdi di Milano e tuttora lavora come Pianista Collaboratore per le classi di canto dello stesso Conservatorio . Nell\u2019anno 2002 ha partecipato al Festival Internazionale di Kyoto in Giappone rappresentando L\u2019Italia con grande successo e soddisfazione dal pubblico. E\u2019 stata pianista ufficiale del Concorso Internazionale di Canto \u201cRenata Tebaldi\u201d a San Marino collaborando nelle prime quattro le edizioni (2005) (2007) (2009) (2011) svolte. E\u2019 stata pianista ufficiale delle prime due edizioni del Concorso Internazionale di Canto \u201cMaria Malibran\u201d a Milano. Nella sua vasta carriera solistica e cameristica ha tenuto concerti in vari paesi come: Italia, Albania, Repubblica di San Marino, Svizzera, Germania, Francia e Giappone.<\/p>\n","protected":false},"excerpt":{"rendered":"<p>In occasione della Giornata della Memoria &#8211; 27 gennaio 2019 ore 18.00 La comunit\u00e0 ebraica in Italia e l\u2019avvento del fascismo. Docufilm da un\u2019idea di Elena Bedei e Andr\u00e9 Waksman, in collaborazione con Erika Bastogi. Ingresso libero. &nbsp; ore 19.00 Dall\u2019orrore alla speranza. Viaggio musicale tra cultura ebraica e poetica femminile con Sabina Macculi (soprano) [&hellip;]<\/p>\n","protected":false},"author":1,"featured_media":3300,"comment_status":"open","ping_status":"open","sticky":false,"template":"","format":"standard","meta":[],"categories":[7],"tags":[30,32,36],"_links":{"self":[{"href":"https:\/\/lacasadelleartiste.it\/index.php?rest_route=\/wp\/v2\/posts\/3299"}],"collection":[{"href":"https:\/\/lacasadelleartiste.it\/index.php?rest_route=\/wp\/v2\/posts"}],"about":[{"href":"https:\/\/lacasadelleartiste.it\/index.php?rest_route=\/wp\/v2\/types\/post"}],"author":[{"embeddable":true,"href":"https:\/\/lacasadelleartiste.it\/index.php?rest_route=\/wp\/v2\/users\/1"}],"replies":[{"embeddable":true,"href":"https:\/\/lacasadelleartiste.it\/index.php?rest_route=%2Fwp%2Fv2%2Fcomments&post=3299"}],"version-history":[{"count":0,"href":"https:\/\/lacasadelleartiste.it\/index.php?rest_route=\/wp\/v2\/posts\/3299\/revisions"}],"wp:featuredmedia":[{"embeddable":true,"href":"https:\/\/lacasadelleartiste.it\/index.php?rest_route=\/wp\/v2\/media\/3300"}],"wp:attachment":[{"href":"https:\/\/lacasadelleartiste.it\/index.php?rest_route=%2Fwp%2Fv2%2Fmedia&parent=3299"}],"wp:term":[{"taxonomy":"category","embeddable":true,"href":"https:\/\/lacasadelleartiste.it\/index.php?rest_route=%2Fwp%2Fv2%2Fcategories&post=3299"},{"taxonomy":"post_tag","embeddable":true,"href":"https:\/\/lacasadelleartiste.it\/index.php?rest_route=%2Fwp%2Fv2%2Ftags&post=3299"}],"curies":[{"name":"wp","href":"https:\/\/api.w.org\/{rel}","templated":true}]}}