{"id":3283,"date":"2018-12-21T23:14:21","date_gmt":"2018-12-21T22:14:21","guid":{"rendered":"http:\/\/spazioaldamerini.org\/?p=3283"},"modified":"2018-12-21T23:14:21","modified_gmt":"2018-12-21T22:14:21","slug":"18-e-19-gennaio-fabrizio-de_andre_tribute","status":"publish","type":"post","link":"https:\/\/lacasadelleartiste.it\/?p=3283","title":{"rendered":"18 e 19 gennaio \u00abQuello che non ho\u00bb. Fabrizio De Andr\u00e9 Tribute. Concerto animato."},"content":{"rendered":"<p><a href=\"https:\/\/auserbo.bitcafe.it\/wp-content\/uploads\/2018\/12\/loc_quellochenonho_web.jpg\"><img loading=\"lazy\" class=\"alignnone size-full wp-image-3284\" src=\"https:\/\/auserbo.bitcafe.it\/wp-content\/uploads\/2018\/12\/loc_quellochenonho_web.jpg\" alt=\"\" width=\"595\" height=\"842\" srcset=\"https:\/\/lacasadelleartiste.it\/wp-content\/uploads\/2018\/12\/loc_quellochenonho_web.jpg 595w, https:\/\/lacasadelleartiste.it\/wp-content\/uploads\/2018\/12\/loc_quellochenonho_web-212x300.jpg 212w\" sizes=\"(max-width: 595px) 100vw, 595px\" \/><\/a><\/p>\n<p>&nbsp;<\/p>\n<p><strong>18 e 19 gennaio 2019 &#8211; ore 20.15<\/strong><\/p>\n<h3><strong>Quello che non ho. Fabrizio De Andr\u00e9 Tribute. Concerto animato. <\/strong><\/h3>\n<p>Un viaggio suggestivo nel mondo di Faber, a<strong> 20 anni dalla sua scomparsa (<span class=\"st\">11 gennaio 1999)<\/span>.<\/strong><\/p>\n<p>Musica, poesia e teatro di figura. Con <strong>Gianni Andreozzi<\/strong> (voce e chitarra) e marionette a filo a cura di <strong>Sipario Verde Marionette<\/strong>.<\/p>\n<p>&nbsp;<\/p>\n<p><em>Contributo all\u2019ingresso \u20ac 10,00 &#8211; <\/em><em>Prenotazioni a info@lacasadelleartiste.it<\/em><\/p>\n<p>Fabrizio De Andr\u00e9 ha raccontato la nascita di molti dei suoi brani svelando, con aneddoti e curiosit\u00e0, diversi retroscena di vita vissuta. Il \u201cconcerto animato\u201d, a 20 anni dalla scomparsa del grande cantautore (11 gennaio 1999), mediante la proposta di suoi testi e canzoni, interpretate dal Maestro Gianni Andreozzi, e il Teatro di Figura, abilmente realizzato da Sipario Verde Marionette Milano, vuole riattualizzare quel mondo che ha ispirato Faber. Alla poesia e alla musica abbiamo aggiunto il gesto della marionetta a filo per uno spettacolo musicale animato e armonioso e non un altro semplice tributo dedicato a Fabrizio De Andr\u00e9.<\/p>\n<p>Lo spettacolo \u00e8 adatto ad un pubblico di ragazzi e adulti \u2013.<\/p>\n<p>***<\/p>\n<p><a href=\"https:\/\/auserbo.bitcafe.it\/wp-content\/uploads\/2018\/12\/gianni.jpg\"><img loading=\"lazy\" class=\"alignnone wp-image-3285\" src=\"https:\/\/auserbo.bitcafe.it\/wp-content\/uploads\/2018\/12\/gianni.jpg\" alt=\"\" width=\"292\" height=\"390\" srcset=\"https:\/\/lacasadelleartiste.it\/wp-content\/uploads\/2018\/12\/gianni.jpg 720w, https:\/\/lacasadelleartiste.it\/wp-content\/uploads\/2018\/12\/gianni-225x300.jpg 225w\" sizes=\"(max-width: 292px) 100vw, 292px\" \/><\/a><\/p>\n<p>Gianni Andreozzi, chitarre e voce, produttore e arrangiatore, come chitarrista vanta collaborazioni con Dori Ghezzi, Zucchero, U. Smaila, F. Oppini \u00a0A. Minetti, F. Alotta e molti altri.<br \/>\nPer pi\u00f9 di dieci anni \u00e8 stato il chitarrista della cantante Fiordaliso, con la quale ha suonato in <em>tourn\u00e9e <\/em>in Italia, Germania, America, Egitto e ha suonato nelle ultime sue tre produzioni discografiche.<br \/>\nHa partecipato a diverse trasmissioni Rai e Mediaset. Presidente dell\u2019associazione <em>Jimi<\/em> <em>Hendrix<\/em> Italia. Insegnante di chitarra presso la scuola M. Tenzi di Milano, direttore e insegnante della scuola Ricordi di via Montenapoleone a Milano, responsabile del progetto Passione e Ragione alla biennale di Venezia.<br \/>\nArrangiatore presso il suo studio DoppioPunto Studio di Milano dove produce musica di vario genere.<\/p>\n<p><a href=\"https:\/\/auserbo.bitcafe.it\/wp-content\/uploads\/2018\/12\/marionette.jpg\"><img loading=\"lazy\" class=\"alignnone wp-image-3286\" src=\"https:\/\/auserbo.bitcafe.it\/wp-content\/uploads\/2018\/12\/marionette.jpg?w=748\" alt=\"\" width=\"478\" height=\"478\" srcset=\"https:\/\/lacasadelleartiste.it\/wp-content\/uploads\/2018\/12\/marionette.jpg 1440w, https:\/\/lacasadelleartiste.it\/wp-content\/uploads\/2018\/12\/marionette-300x300.jpg 300w, https:\/\/lacasadelleartiste.it\/wp-content\/uploads\/2018\/12\/marionette-1024x1024.jpg 1024w, https:\/\/lacasadelleartiste.it\/wp-content\/uploads\/2018\/12\/marionette-150x150.jpg 150w, https:\/\/lacasadelleartiste.it\/wp-content\/uploads\/2018\/12\/marionette-768x768.jpg 768w, https:\/\/lacasadelleartiste.it\/wp-content\/uploads\/2018\/12\/marionette-365x365.jpg 365w, https:\/\/lacasadelleartiste.it\/wp-content\/uploads\/2018\/12\/marionette-500x500.jpg 500w\" sizes=\"(max-width: 478px) 100vw, 478px\" \/><\/a><\/p>\n<p>Sipario Verde Marionette &#8211; Milano, Associazione Culturale che vuole condividere e diffondere i valori tradizionali del Teatro di Figura attraverso spettacoli e laboratori.<\/p>\n<p>pagina FB: https:\/\/www.facebook.com\/IlSiparioVerde\/<\/p>\n<p>&nbsp;<\/p>\n","protected":false},"excerpt":{"rendered":"<p>&nbsp; 18 e 19 gennaio 2019 &#8211; ore 20.15 Quello che non ho. Fabrizio De Andr\u00e9 Tribute. Concerto animato. Un viaggio suggestivo nel mondo di Faber, a 20 anni dalla sua scomparsa (11 gennaio 1999). Musica, poesia e teatro di figura. Con Gianni Andreozzi (voce e chitarra) e marionette a filo a cura di Sipario [&hellip;]<\/p>\n","protected":false},"author":1,"featured_media":3284,"comment_status":"open","ping_status":"open","sticky":false,"template":"","format":"standard","meta":[],"categories":[7],"tags":[30,36],"_links":{"self":[{"href":"https:\/\/lacasadelleartiste.it\/index.php?rest_route=\/wp\/v2\/posts\/3283"}],"collection":[{"href":"https:\/\/lacasadelleartiste.it\/index.php?rest_route=\/wp\/v2\/posts"}],"about":[{"href":"https:\/\/lacasadelleartiste.it\/index.php?rest_route=\/wp\/v2\/types\/post"}],"author":[{"embeddable":true,"href":"https:\/\/lacasadelleartiste.it\/index.php?rest_route=\/wp\/v2\/users\/1"}],"replies":[{"embeddable":true,"href":"https:\/\/lacasadelleartiste.it\/index.php?rest_route=%2Fwp%2Fv2%2Fcomments&post=3283"}],"version-history":[{"count":0,"href":"https:\/\/lacasadelleartiste.it\/index.php?rest_route=\/wp\/v2\/posts\/3283\/revisions"}],"wp:featuredmedia":[{"embeddable":true,"href":"https:\/\/lacasadelleartiste.it\/index.php?rest_route=\/wp\/v2\/media\/3284"}],"wp:attachment":[{"href":"https:\/\/lacasadelleartiste.it\/index.php?rest_route=%2Fwp%2Fv2%2Fmedia&parent=3283"}],"wp:term":[{"taxonomy":"category","embeddable":true,"href":"https:\/\/lacasadelleartiste.it\/index.php?rest_route=%2Fwp%2Fv2%2Fcategories&post=3283"},{"taxonomy":"post_tag","embeddable":true,"href":"https:\/\/lacasadelleartiste.it\/index.php?rest_route=%2Fwp%2Fv2%2Ftags&post=3283"}],"curies":[{"name":"wp","href":"https:\/\/api.w.org\/{rel}","templated":true}]}}