{"id":3235,"date":"2018-11-21T21:34:47","date_gmt":"2018-11-21T20:34:47","guid":{"rendered":"http:\/\/spazioaldamerini.org\/?p=3235"},"modified":"2018-11-21T21:34:47","modified_gmt":"2018-11-21T20:34:47","slug":"18-12-18-ancorpiu-pensieri-colorati-di-giuliana-maldini","status":"publish","type":"post","link":"https:\/\/lacasadelleartiste.it\/?p=3235","title":{"rendered":"18 12 18 Ancorpi\u00f9 &#8211; pensieri colorati di Giuliana Maldini"},"content":{"rendered":"<p><a href=\"https:\/\/auserbo.bitcafe.it\/wp-content\/uploads\/2018\/11\/maldini-18-12-web.jpg\"><img loading=\"lazy\" class=\"alignnone size-full wp-image-3241\" src=\"https:\/\/auserbo.bitcafe.it\/wp-content\/uploads\/2018\/11\/maldini-18-12-web.jpg\" alt=\"\" width=\"595\" height=\"842\" srcset=\"https:\/\/lacasadelleartiste.it\/wp-content\/uploads\/2018\/11\/maldini-18-12-web.jpg 595w, https:\/\/lacasadelleartiste.it\/wp-content\/uploads\/2018\/11\/maldini-18-12-web-212x300.jpg 212w\" sizes=\"(max-width: 595px) 100vw, 595px\" \/><\/a><\/p>\n<p>&nbsp;<\/p>\n<p><strong>18 dicembre 2018 &#8211; ore 18.30<\/strong><\/p>\n<p>Presentazione del libro<\/p>\n<h3><strong><em>Ancorpi\u00f9 \u2013 pensieri colorati<\/em><\/strong><\/h3>\n<p>(La Vita Felice)<\/p>\n<h3>di <strong>Giuliana Maldini.<\/strong><\/h3>\n<p>Incursioni di lettura delle <strong>\u201capi meriniane\u201d<\/strong>.<\/p>\n<p>In dialogo con l\u2019autrice <strong>Diana Battaggia. <\/strong><\/p>\n<p><em>Ingresso libero.<\/em><\/p>\n<p>***<\/p>\n<p>Questo ultimo libro di Giovanna Maldini, <em>Ancor pi\u00f9<\/em>, una raccolta di forme poetiche e micro narrazioni, si presenta, ancora un volta, dopo i precedenti libri, come una tavolozza di colori e parole.<br \/>\nCredo che il senso dei colori, il loro agire quasi autonomo, disegni la scena del mondo per poi seguire la stessa sorte delle parole, poich\u00e9 genera significati e prima ancora esso gioca, poich\u00e9 da sempre sta come il senso magico, e piccolo (vero) della vita.<br \/>\nLa curiosit\u00e0 insaziabile della Nostra consiste nel farli roteare assieme, in un caleidoscopio portatile, testimone fedele delle giornate, occhio vigile e divertito, o allarmato, ma sempre partecipe e innamorato della vita: questo \u00e8 il valore aggiunto.<br \/>\nI momenti pi\u00f9 felici sono, nel profilo poetico, quando c\u2019\u00e8 il riposo, e la stanza, o strofa intera si diverte a verticalizzarsi e non si conchiude subito nelle eleganti scatoline cinesi degli aforismi brevi. Ma la bellezza del testo appare anche nella lettura fluente di un solista, e ci sovviene la grazia e leggerezza di un nuovo genere: il comico femminile [&#8230;]ma ecco apparire il retro del teatro verbale, in colore di verit\u00e0 e improvvisa malinconia, subito fermata, come in un bell\u2019abito da una spilla sfolgorante.<br \/>\nUn occhio femminile che dissente, ma \u00e8 paziente, e rovescia con ironia in dolcezza i significati, e ci gioca.<\/p>\n<p><em>dalla prefazione di Maria Pia Quintavalla<\/em><\/p>\n<p><a href=\"https:\/\/spazioaldamerinidotorg.files.wordpress.com\/2018\/11\/io-e-hangar.jpg\"><img loading=\"lazy\" class=\"alignnone wp-image-3236\" src=\"https:\/\/spazioaldamerinidotorg.files.wordpress.com\/2018\/11\/io-e-hangar.jpg?w=748\" alt=\"\" width=\"328\" height=\"186\" \/><\/a><\/p>\n<p>GIULIANA MALDINI &#8211; Pittrice, scultrice, autrice di libri per bambini, ma soprattutto umorista, Giuliana Maldini \u00e8 stata la prima donna in Italia, nel lontano 1978, a pubblicare un libro di vignette, ovviamente sulla condizione femminile. Da allora in poi non se ne \u00e8 fatte pi\u00f9 mancare, abituandoci vieppi\u00f9 alla sua ironia, ora rivolta agli uomini ora alle donne, come per esempio in <em>Amore&#8230; ti odio<\/em>! e in <em>Nessuna \u00e8 perfetta<\/em>. Poi deridendo il mondo della psicoanalisi con <em>Nevromachia<\/em>, perch\u00e9 del resto \u00abchi non \u00e8 nevrotico scagli la prima pietra&#8230;\u00bb, o ironizzando sui rapporti sorelle-madri-figlie con <em>Femminiglia<\/em>, o sui rapporti familiari con <em>Panni sporchi<\/em>, disegnato escritto con il neuropsichiatra Donato Torelli. Per la nostra casa editrice, nel 2011, ha pubblicato <em>Ecce Homo! Conoscerli, capirli&#8230; accettarli <\/em>e numerose sono le altre pubblicazioni con protagonisti i gatti <em>Gattonzoli<\/em>: altra sua grande passione. Nel 2013 ha pubblicato <em>F\u00e8mina sapiens.<br \/>\nAncorpi\u00f9, <\/em>con aforismi e riflessioni semiserie, \u00e8 il volume che chiude la trilogia composta da<em> Perlopi\u00f9 (2014) e Supergi\u00f9 (2016).<\/em><\/p>\n","protected":false},"excerpt":{"rendered":"<p>&nbsp; 18 dicembre 2018 &#8211; ore 18.30 Presentazione del libro Ancorpi\u00f9 \u2013 pensieri colorati (La Vita Felice) di Giuliana Maldini. Incursioni di lettura delle \u201capi meriniane\u201d. In dialogo con l\u2019autrice Diana Battaggia. Ingresso libero. *** Questo ultimo libro di Giovanna Maldini, Ancor pi\u00f9, una raccolta di forme poetiche e micro narrazioni, si presenta, ancora un [&hellip;]<\/p>\n","protected":false},"author":1,"featured_media":3241,"comment_status":"open","ping_status":"open","sticky":false,"template":"","format":"standard","meta":[],"categories":[20],"tags":[29],"_links":{"self":[{"href":"https:\/\/lacasadelleartiste.it\/index.php?rest_route=\/wp\/v2\/posts\/3235"}],"collection":[{"href":"https:\/\/lacasadelleartiste.it\/index.php?rest_route=\/wp\/v2\/posts"}],"about":[{"href":"https:\/\/lacasadelleartiste.it\/index.php?rest_route=\/wp\/v2\/types\/post"}],"author":[{"embeddable":true,"href":"https:\/\/lacasadelleartiste.it\/index.php?rest_route=\/wp\/v2\/users\/1"}],"replies":[{"embeddable":true,"href":"https:\/\/lacasadelleartiste.it\/index.php?rest_route=%2Fwp%2Fv2%2Fcomments&post=3235"}],"version-history":[{"count":0,"href":"https:\/\/lacasadelleartiste.it\/index.php?rest_route=\/wp\/v2\/posts\/3235\/revisions"}],"wp:featuredmedia":[{"embeddable":true,"href":"https:\/\/lacasadelleartiste.it\/index.php?rest_route=\/wp\/v2\/media\/3241"}],"wp:attachment":[{"href":"https:\/\/lacasadelleartiste.it\/index.php?rest_route=%2Fwp%2Fv2%2Fmedia&parent=3235"}],"wp:term":[{"taxonomy":"category","embeddable":true,"href":"https:\/\/lacasadelleartiste.it\/index.php?rest_route=%2Fwp%2Fv2%2Fcategories&post=3235"},{"taxonomy":"post_tag","embeddable":true,"href":"https:\/\/lacasadelleartiste.it\/index.php?rest_route=%2Fwp%2Fv2%2Ftags&post=3235"}],"curies":[{"name":"wp","href":"https:\/\/api.w.org\/{rel}","templated":true}]}}