{"id":3183,"date":"2018-10-25T22:16:48","date_gmt":"2018-10-25T20:16:48","guid":{"rendered":"http:\/\/spazioaldamerini.org\/?p=3183"},"modified":"2018-10-25T22:16:48","modified_gmt":"2018-10-25T20:16:48","slug":"bcm18-17-11-18-milano-legge-milano-flash-mob-letterario-a-casa-merini-ore-12-00","status":"publish","type":"post","link":"https:\/\/lacasadelleartiste.it\/?p=3183","title":{"rendered":"#BCM18 17 11 18 Milano legge Milano, flash mob letterario a Casa Merini ore 12.00"},"content":{"rendered":"<p><a href=\"https:\/\/auserbo.bitcafe.it\/wp-content\/uploads\/2018\/11\/mlm_logo.png\"><img loading=\"lazy\" class=\"alignnone size-full wp-image-3184\" src=\"https:\/\/auserbo.bitcafe.it\/wp-content\/uploads\/2018\/11\/mlm_logo.png\" alt=\"\" width=\"631\" height=\"264\" \/><\/a><\/p>\n<p>vedi qui la <a href=\"https:\/\/www.google.com\/maps\/d\/viewer?mid=1lcKbgYlhzPEH3ru12P7fhcr2ZSs&amp;usp=sharing\"><strong>MAPPA LETTERARIA<\/strong><\/a><\/p>\n<p>&nbsp;<\/p>\n<h3>Milano legge Milano, ecco il flash mob letterario<\/h3>\n<p>Nell&#8217;ambito di BookCity siete invitati al Flash Mob letterario urbano: un&#8217;occasione per conoscere storie, personaggi ed eventi di Milano attraverso la mappa letteraria disegnata da Quarto Paesaggio e in collaborazione con il Patto di Milano per la Lettura.<\/p>\n<p><strong>Presso la Casa delle Arti-Spazio Alda Merini sabato 17 novembre dalle 12:00 alle 12:30 letture dedicate alla poetessa milanese e ai suoi Navigli.<\/strong><\/p>\n<p>&nbsp;<\/p>\n<p>Milano Legge Milano \u00e8 un\u2019occasione aperta a tutti per: celebrare Milano come citt\u00e0 creativa Unesco per la letteratura; conoscere storie, personaggi e aspetti di Milano attraverso il suo patrimonio letterario; partecipare in prima persona alla ricerca della memoria e dell\u2019identit\u00e0 del proprio quartiere nel divenire della citt\u00e0, attraverso opere letterarie e testimonianze personali.<\/p>\n<p>Un progetto dell\u2019Associazione Quarto Paesaggio, promosso da: Patto Milano per la Lettura, BookCity Milano, Weglint, nell\u2019ambito di Lacitt\u00e0intorno, programma di Fondazione Cariplo per portare attivit\u00e0 culturali, nuove opportunit\u00e0 e per creare reti e relazioni nei quartieri &#8220;intorno&#8221; di Milano. Con la partecipazione di: Art&amp;Bike Gilco Lab, Biblioteca Oglio, Biblioteca Quarto Oggiaro, Circolo LaAV Letture ad Alta Voce, Compagnia dei Lettori, Dramatr\u00e0, Eclissi Edizioni, Equi.Voci Lettori, Famiglia Meneghina, FAS Ferrante Aporti Sammartini, Franco Angeli Bookshop Bicocca, Laboratorio di quartiere Gratosoglio, Libreria Covo della Ladra, Libreria Linea di Confine, Passeggiate d\u2019Autore, Quarta di Copertina, Sentieri Metropolitani, ShareRadio, Terzo Paesaggio.<\/p>\n<p>Incontri di lettura nei quartieri. Dal 3 ottobre al 15 novembre 2018, si svolgeranno incontri pubblici con letture focalizzate su opere e autori che hanno rappresentato Milano e i quartieri interessati, allo scopo di far conoscere il patrimonio letterario milanese, sollecitare contributi e segnalazioni da parte dei cittadini e invitarli a partecipare attivamente all\u2019evento finale del 17 novembre.<\/p>\n<p>Flash mob letterario urbano. Sabato 17 novembre 2018, alle ore 12:00, lettori volontari si posizioneranno ciascuno in un luogo scelto dalla Mappa Letteraria Milano e leggeranno ad alta voce la citazione corrispondente. La performance durer\u00e0 circa 20\u2019. In alcuni luoghi simbolici, come Piazza Duomo, le letture saranno pi\u00f9 strutturate e gestite da gruppi organizzati. Le letture saranno filmate con smartphone, i video saranno caricati e geolocalizzati nell\u2019app Weglint, per formare una video-mappa letteraria della citt\u00e0 di Milano, interpretata dai suoi cittadini.<\/p>\n","protected":false},"excerpt":{"rendered":"<p>vedi qui la MAPPA LETTERARIA &nbsp; Milano legge Milano, ecco il flash mob letterario Nell&#8217;ambito di BookCity siete invitati al Flash Mob letterario urbano: un&#8217;occasione per conoscere storie, personaggi ed eventi di Milano attraverso la mappa letteraria disegnata da Quarto Paesaggio e in collaborazione con il Patto di Milano per la Lettura. Presso la Casa [&hellip;]<\/p>\n","protected":false},"author":1,"featured_media":3185,"comment_status":"open","ping_status":"open","sticky":false,"template":"","format":"standard","meta":[],"categories":[3],"tags":[29],"_links":{"self":[{"href":"https:\/\/lacasadelleartiste.it\/index.php?rest_route=\/wp\/v2\/posts\/3183"}],"collection":[{"href":"https:\/\/lacasadelleartiste.it\/index.php?rest_route=\/wp\/v2\/posts"}],"about":[{"href":"https:\/\/lacasadelleartiste.it\/index.php?rest_route=\/wp\/v2\/types\/post"}],"author":[{"embeddable":true,"href":"https:\/\/lacasadelleartiste.it\/index.php?rest_route=\/wp\/v2\/users\/1"}],"replies":[{"embeddable":true,"href":"https:\/\/lacasadelleartiste.it\/index.php?rest_route=%2Fwp%2Fv2%2Fcomments&post=3183"}],"version-history":[{"count":0,"href":"https:\/\/lacasadelleartiste.it\/index.php?rest_route=\/wp\/v2\/posts\/3183\/revisions"}],"wp:featuredmedia":[{"embeddable":true,"href":"https:\/\/lacasadelleartiste.it\/index.php?rest_route=\/wp\/v2\/media\/3185"}],"wp:attachment":[{"href":"https:\/\/lacasadelleartiste.it\/index.php?rest_route=%2Fwp%2Fv2%2Fmedia&parent=3183"}],"wp:term":[{"taxonomy":"category","embeddable":true,"href":"https:\/\/lacasadelleartiste.it\/index.php?rest_route=%2Fwp%2Fv2%2Fcategories&post=3183"},{"taxonomy":"post_tag","embeddable":true,"href":"https:\/\/lacasadelleartiste.it\/index.php?rest_route=%2Fwp%2Fv2%2Ftags&post=3183"}],"curies":[{"name":"wp","href":"https:\/\/api.w.org\/{rel}","templated":true}]}}