{"id":3139,"date":"2018-10-25T22:44:38","date_gmt":"2018-10-25T20:44:38","guid":{"rendered":"http:\/\/spazioaldamerini.org\/?p=3139"},"modified":"2018-10-25T22:44:38","modified_gmt":"2018-10-25T20:44:38","slug":"18-11-18-bcm18-il-tempo-non-sistema-le-cose-con-melania-panico","status":"publish","type":"post","link":"https:\/\/lacasadelleartiste.it\/?p=3139","title":{"rendered":"18 11 18 #BCM18 Il tempo non sistema le cose con Melania Panico"},"content":{"rendered":"<p>&nbsp;<\/p>\n<p><a href=\"https:\/\/auserbo.bitcafe.it\/wp-content\/uploads\/2018\/10\/panico-18-11-bcm-web.jpg\"><img loading=\"lazy\" class=\"alignnone size-full wp-image-3081\" src=\"https:\/\/auserbo.bitcafe.it\/wp-content\/uploads\/2018\/10\/panico-18-11-bcm-web.jpg\" alt=\"\" width=\"595\" height=\"842\" srcset=\"https:\/\/lacasadelleartiste.it\/wp-content\/uploads\/2018\/10\/panico-18-11-bcm-web.jpg 595w, https:\/\/lacasadelleartiste.it\/wp-content\/uploads\/2018\/10\/panico-18-11-bcm-web-212x300.jpg 212w\" sizes=\"(max-width: 595px) 100vw, 595px\" \/><\/a><\/p>\n<p><strong>BOOKCITY MILANO 2018 \u2013 <em>ingresso libero.<\/em><\/strong><\/p>\n<p>18 novembre 2018 &#8211; ore 19.00<\/p>\n<h3><strong>Il tempo non sistema le cose. <\/strong><\/h3>\n<p>Presentazione del libro di poesie<\/p>\n<h3><strong><em>Non ero preparata <\/em><\/strong><\/h3>\n<p><a href=\"http:\/\/poesia.lavitafelice.it\/scheda-libro\/melania-panico\/non-ero-preparata-9788893462921-560023.html\">(scheda volume)<\/a> di<\/p>\n<h3><strong>Melania Panico. <\/strong><\/h3>\n<p>&nbsp;<\/p>\n<p>Con <strong>Davide Rondoni.<\/strong><\/p>\n<p>&nbsp;<\/p>\n<p>Melania Panico (Napoli, 1985) \u00e8 poeta, filologa, critico letterario. Alcuni suoi testi sono stati pubblicati in antologie; la sua opera prima \u00e8 <em>Campionature di fragilit\u00e0<\/em>\u00a0 (2015) che ha ricevuto importanti riconoscimenti. <em>Cactus<\/em> (2018) \u00e8 il libro d\u2019arte foto-poetico scritto con il fotografo Matteo Anatrella. Come critico collabora con riviste testate di approfondimento culturale. \u00c8 ideatrice della rassegna \u201cPoesia in Galleria\u201d.\u00a0 Ha curato, insieme con Giuseppe Vetromile, l\u2019antologia<em> Mare nostro quotidiano<\/em> (2018).<\/p>\n","protected":false},"excerpt":{"rendered":"<p>&nbsp; BOOKCITY MILANO 2018 \u2013 ingresso libero. 18 novembre 2018 &#8211; ore 19.00 Il tempo non sistema le cose. Presentazione del libro di poesie Non ero preparata (scheda volume) di Melania Panico. &nbsp; Con Davide Rondoni. &nbsp; Melania Panico (Napoli, 1985) \u00e8 poeta, filologa, critico letterario. Alcuni suoi testi sono stati pubblicati in antologie; la [&hellip;]<\/p>\n","protected":false},"author":1,"featured_media":3081,"comment_status":"open","ping_status":"open","sticky":false,"template":"","format":"standard","meta":[],"categories":[3,20],"tags":[29],"_links":{"self":[{"href":"https:\/\/lacasadelleartiste.it\/index.php?rest_route=\/wp\/v2\/posts\/3139"}],"collection":[{"href":"https:\/\/lacasadelleartiste.it\/index.php?rest_route=\/wp\/v2\/posts"}],"about":[{"href":"https:\/\/lacasadelleartiste.it\/index.php?rest_route=\/wp\/v2\/types\/post"}],"author":[{"embeddable":true,"href":"https:\/\/lacasadelleartiste.it\/index.php?rest_route=\/wp\/v2\/users\/1"}],"replies":[{"embeddable":true,"href":"https:\/\/lacasadelleartiste.it\/index.php?rest_route=%2Fwp%2Fv2%2Fcomments&post=3139"}],"version-history":[{"count":0,"href":"https:\/\/lacasadelleartiste.it\/index.php?rest_route=\/wp\/v2\/posts\/3139\/revisions"}],"wp:featuredmedia":[{"embeddable":true,"href":"https:\/\/lacasadelleartiste.it\/index.php?rest_route=\/wp\/v2\/media\/3081"}],"wp:attachment":[{"href":"https:\/\/lacasadelleartiste.it\/index.php?rest_route=%2Fwp%2Fv2%2Fmedia&parent=3139"}],"wp:term":[{"taxonomy":"category","embeddable":true,"href":"https:\/\/lacasadelleartiste.it\/index.php?rest_route=%2Fwp%2Fv2%2Fcategories&post=3139"},{"taxonomy":"post_tag","embeddable":true,"href":"https:\/\/lacasadelleartiste.it\/index.php?rest_route=%2Fwp%2Fv2%2Ftags&post=3139"}],"curies":[{"name":"wp","href":"https:\/\/api.w.org\/{rel}","templated":true}]}}