{"id":3119,"date":"2018-10-25T22:15:02","date_gmt":"2018-10-25T20:15:02","guid":{"rendered":"http:\/\/spazioaldamerini.org\/?p=3119"},"modified":"2018-10-25T22:15:02","modified_gmt":"2018-10-25T20:15:02","slug":"6-11-18-bcm18-ecopoetry-da-il-giardino-della-poesia-con-massimo-darcangelo","status":"publish","type":"post","link":"https:\/\/lacasadelleartiste.it\/?p=3119","title":{"rendered":"16 11 18 #BCM18 Ecopoetry da Il Giardino della Poesia con Massimo D&#8217;Arcangelo"},"content":{"rendered":"<p><a href=\"https:\/\/auserbo.bitcafe.it\/wp-content\/uploads\/2018\/10\/ecopoetry-16-11-bcm-web.jpg\"><img loading=\"lazy\" class=\"alignnone size-full wp-image-3074\" src=\"https:\/\/auserbo.bitcafe.it\/wp-content\/uploads\/2018\/10\/ecopoetry-16-11-bcm-web.jpg\" alt=\"\" width=\"595\" height=\"842\" srcset=\"https:\/\/lacasadelleartiste.it\/wp-content\/uploads\/2018\/10\/ecopoetry-16-11-bcm-web.jpg 595w, https:\/\/lacasadelleartiste.it\/wp-content\/uploads\/2018\/10\/ecopoetry-16-11-bcm-web-212x300.jpg 212w\" sizes=\"(max-width: 595px) 100vw, 595px\" \/><\/a><\/p>\n<table>\n<tbody>\n<tr>\n<td width=\"57\"><\/td>\n<td width=\"482\"><strong>BOOKCITY MILANO 2018 \u2013 <em>ingresso libero.<\/em><\/strong><\/td>\n<\/tr>\n<\/tbody>\n<\/table>\n<p>16 novembre 2018 &#8211; ore 19.00<\/p>\n<h3><strong>Ecopoetry da Il Giardino della Poesia <\/strong><\/h3>\n<p>Presentazione del libro di ecopoesie<\/p>\n<h3><strong><em>Intatto\/Intact<\/em> <\/strong><\/h3>\n<p>con<\/p>\n<h3><strong>Massimo D\u2019Arcangelo <\/strong><\/h3>\n<h3><strong>e i poeti del Giardino della Poesia di Casa Merini.<\/strong><\/h3>\n<p>&nbsp;<\/p>\n<p><a href=\"http:\/\/poesia.lavitafelice.it\/scheda-libro\/massimo-darcangelo-anne-elvey-helen-moore\/intatto-intact-9788893461900-464178.html\">scheda volume<\/a><\/p>\n<p>&nbsp;<\/p>\n<p>cura e traduzione dall\u2019inglese<\/p>\n<p><em>edited and translated from English by<\/em><\/p>\n<p>Francesca Cosi e Alessandra Repossi<\/p>\n<p>&nbsp;<\/p>\n<p>traduzione dall\u2019italiano<\/p>\n<p><em>translated from Italian by<\/em><\/p>\n<p>Todd Portnowitz<\/p>\n<p>&nbsp;<\/p>\n<p>prefazione di<\/p>\n<p><em>foreword by<br \/>\nSerenella Iovino<br \/>\n<\/em><\/p>\n<p>I tre autori di <em>Intatto<\/em>, rispettivamente pugliese e toscano d\u2019adozione, australiana e inglese residente nella Scozia del Nord-Est, sono diversi tra loro: per storia personale, per formazione, per et\u00e0. Eppure l\u2019attenzione verso il mondo, verso l\u2019altro nel mondo, li fa convergere in un\u2019esperienza comune. Pur mantenendo la propria individualit\u00e0 di stile e immaginazione, essi mettono in comune sguardi e linguaggi cimentandosi a vedere e dire le stesse cose.<br \/>\nSe per\u00f2 si vuole individuare una tonalit\u00e0 fondamentale in questo discorso a tre voci, allora bisogna cercarla in una comune aspirazione alla giustizia, in una \u00abricerca di giustizia poetica nel contesto generale di tutte le forme di espropriazione\u00bb, scrive Helen Moore. \u00abPerch\u00e9 essere ecopoeta\u00bb, sottolinea l\u2019autrice inglese, \u00abnon \u00e8 esprimere solo la gioia e la meraviglia di stare al mondo, ma anche la rabbia e il dolore per la devastazione che il capitalismo globale infligge a tutti gli esseri\u00bb. Questo stato di guerra, il lutto per le rovine di cui si conoscono i responsabili, ci fanno capire che non c\u2019\u00e8 nulla di ingenuo, irenico o romantico nell\u2019ecopoesia. Ecopoesia \u00e8 coscienza di una duplice espropriazione: quella dell\u2019umano \u2013 abusato, sfruttato, dominato \u2013 e quella del non umano. L\u2019umano \u00e8 qui spesso carnefice, ma \u00e8 anche vittima: vittima di soprusi storici, degli abissi di giustizia tra \u201cnoi\u201d e \u201cloro\u201d, e della violenza che annulla le differenze tra chi la subisce.<br \/>\nAncora pi\u00f9 presente, per\u00f2, nella coscienza dell\u2019ecopoesia, \u00e8 la realt\u00e0 della dimensione pi\u00f9-che-umana come portatrice di segno e di senso, indipendentemente dal segno e dal senso che vi lascia l\u2019umano. Il senso nella vita non solo umana \u00e8 la ricchezza d\u2019informazioni dei suoi codici genetici, \u00e8 la capacit\u00e0 di organizzarsi e di stare al mondo. E il suo <em>senso<\/em> \u00e8 patire e gioire, temere e amare, desiderare e sognare.<\/p>\n<p><strong>dalla prefazione di Serenella Iovino<\/strong><\/p>\n","protected":false},"excerpt":{"rendered":"<p>BOOKCITY MILANO 2018 \u2013 ingresso libero. 16 novembre 2018 &#8211; ore 19.00 Ecopoetry da Il Giardino della Poesia Presentazione del libro di ecopoesie Intatto\/Intact con Massimo D\u2019Arcangelo e i poeti del Giardino della Poesia di Casa Merini. &nbsp; scheda volume &nbsp; cura e traduzione dall\u2019inglese edited and translated from English by Francesca Cosi e Alessandra [&hellip;]<\/p>\n","protected":false},"author":1,"featured_media":3074,"comment_status":"open","ping_status":"open","sticky":false,"template":"","format":"standard","meta":[],"categories":[3,20],"tags":[29],"_links":{"self":[{"href":"https:\/\/lacasadelleartiste.it\/index.php?rest_route=\/wp\/v2\/posts\/3119"}],"collection":[{"href":"https:\/\/lacasadelleartiste.it\/index.php?rest_route=\/wp\/v2\/posts"}],"about":[{"href":"https:\/\/lacasadelleartiste.it\/index.php?rest_route=\/wp\/v2\/types\/post"}],"author":[{"embeddable":true,"href":"https:\/\/lacasadelleartiste.it\/index.php?rest_route=\/wp\/v2\/users\/1"}],"replies":[{"embeddable":true,"href":"https:\/\/lacasadelleartiste.it\/index.php?rest_route=%2Fwp%2Fv2%2Fcomments&post=3119"}],"version-history":[{"count":0,"href":"https:\/\/lacasadelleartiste.it\/index.php?rest_route=\/wp\/v2\/posts\/3119\/revisions"}],"wp:featuredmedia":[{"embeddable":true,"href":"https:\/\/lacasadelleartiste.it\/index.php?rest_route=\/wp\/v2\/media\/3074"}],"wp:attachment":[{"href":"https:\/\/lacasadelleartiste.it\/index.php?rest_route=%2Fwp%2Fv2%2Fmedia&parent=3119"}],"wp:term":[{"taxonomy":"category","embeddable":true,"href":"https:\/\/lacasadelleartiste.it\/index.php?rest_route=%2Fwp%2Fv2%2Fcategories&post=3119"},{"taxonomy":"post_tag","embeddable":true,"href":"https:\/\/lacasadelleartiste.it\/index.php?rest_route=%2Fwp%2Fv2%2Ftags&post=3119"}],"curies":[{"name":"wp","href":"https:\/\/api.w.org\/{rel}","templated":true}]}}