{"id":3109,"date":"2018-10-25T21:52:27","date_gmt":"2018-10-25T19:52:27","guid":{"rendered":"http:\/\/spazioaldamerini.org\/?p=3109"},"modified":"2018-10-25T21:52:27","modified_gmt":"2018-10-25T19:52:27","slug":"9-11-18-paolo-pezzaglia-con-partire","status":"publish","type":"post","link":"https:\/\/lacasadelleartiste.it\/?p=3109","title":{"rendered":"9 11 18 Paolo Pezzaglia con \u00abPartire\u00bb"},"content":{"rendered":"<p><a href=\"https:\/\/auserbo.bitcafe.it\/wp-content\/uploads\/2018\/10\/locandina-pezzaglia-9-11-casa-merini_web.jpg\"><img loading=\"lazy\" class=\"alignnone size-full wp-image-3070\" src=\"https:\/\/auserbo.bitcafe.it\/wp-content\/uploads\/2018\/10\/locandina-pezzaglia-9-11-casa-merini_web.jpg\" alt=\"\" width=\"595\" height=\"842\" srcset=\"https:\/\/lacasadelleartiste.it\/wp-content\/uploads\/2018\/10\/locandina-pezzaglia-9-11-casa-merini_web.jpg 595w, https:\/\/lacasadelleartiste.it\/wp-content\/uploads\/2018\/10\/locandina-pezzaglia-9-11-casa-merini_web-212x300.jpg 212w\" sizes=\"(max-width: 595px) 100vw, 595px\" \/><\/a><\/p>\n<p>9 novembre 2018 &#8211; ore 18.30<\/p>\n<p>Presentazione del libro di poesie<\/p>\n<p><strong><em>Partire<\/em><\/strong><\/p>\n<p>di<\/p>\n<p><strong>Paolo Pezzaglia<\/strong>.<\/p>\n<p>Con l&#8217;autore,\u00a0 <strong>Francesco Solitario &#8211;<\/strong> Professore di Estetica Univ. Siena<\/p>\n<p><strong>Damiana Rigamonti<\/strong> &#8211; editore Prometheus<\/p>\n<p><em>Ingresso libero.<\/em><\/p>\n<div class=\"col-md-8\">\n<p>Paolo Pezzaglia, devoto alla poesia in una sua maniera originale, intensa e duratura, vicina allo spirito mitomodernista, ora raccoglie la sua produzione, e il lettore pu\u00f2 trovare nelle pagine di un unico volume il meglio di quanto questo autore ci ha dato. Diciamo subito com\u2019\u00e8 il suo mondo: c\u2019\u00e8 la realt\u00e0, la sua realt\u00e0 di lombardo cresciuto nel momento magico dell\u2019industria italiana, ma c\u2019\u00e8 anche la sua realt\u00e0 di viaggiatore e di conoscitore del mondo simbolico, occidentale e orientale, di appassionato di miti, visionario e capace di intessere immagini folgoranti.<\/p>\n<p>[\u2026] Capita alla poesia di Pezzaglia di crescere con gli anni, con una saggezza spirituale e una identit\u00e0 stilistica che mi piace sottolineare. [\u2026] C\u2019\u00e8 una sottotraccia orientale che emerge spesso nella poesia di Pezzaglia e la vivifica: la leggerezza Zen e Shinto, in diverse acute ed eleganti prove sulla metrica dell\u2019haiku, la profondit\u00e0 simbolica abissale della cosmologia ind\u00f9, raffigurata in Brahma e in Shiva. In \u201cPartire\u201d, il tema del viaggio, che corre lungo tutti i versi di questo volume, prende intonazioni e trasparenze metafisiche: \u201cMi serve una barca per il cuore \/ una barca che navighi via \/dal <b><i>golfo senza pace <\/i><\/b>e scivoli \/ nella notte scura dove i fuochi \/ lievi delle guardiane stelle \/ indicano la rotta\u201d.Dalla <b><i>Introduzione <\/i><\/b>di Giuseppe Conte<\/p>\n<\/div>\n<p>**<\/p>\n<p>Paolo Pezzaglia gi\u00e0 a quattro anni conosce i bombardamenti e gli incendi della sua amata Milano, dove il padre dirige una famosa industria di carrozzerie. Sportivo sempre: campione italiano di hockey-ghiaccio a quindici anni e master di velocit\u00e0 a settanta. Laureato alla Bocconi, \u00e8 presto coinvolto in un assiduo impegno industriale (veicoli speciali per Italia ed Estero). Una vita fantasiosamente descritta nel suo <i>La mia fabbrica per una poesia <\/i>(Mursia 2014) stoicamente vissuta confrontando la \u201crocciuta\u201d realt\u00e0 esterna con l\u2019intima poesia dei suoi tre libri: <i>L\u2019imbuto rovesciato, Le Rughe della Luna e Il Malincanto, <\/i>tutti pubblicati da Prometheus e riproposti nella seconda parte di questo volume che inizia con le poesie pi\u00f9 recenti, con quel titolo <i>Partire <\/i>che finisce per accomunare tutte le multiformi poesie di Pezzaglia. Un poeta che vanta la testimonianza di Giuseppe Conte, poeta e romanziere (fondatore del Mito-Modernismo) e i saggi critici di Francesco Solitario, professore di Estetica all\u2019Universit\u00e0 di Siena.<\/p>\n<p><a href=\"http:\/\/prometheuseditrice.it\/2018\/partire\/\">scheda volume<\/a><\/p>\n","protected":false},"excerpt":{"rendered":"<p>9 novembre 2018 &#8211; ore 18.30 Presentazione del libro di poesie Partire di Paolo Pezzaglia. Con l&#8217;autore,\u00a0 Francesco Solitario &#8211; Professore di Estetica Univ. Siena Damiana Rigamonti &#8211; editore Prometheus Ingresso libero. Paolo Pezzaglia, devoto alla poesia in una sua maniera originale, intensa e duratura, vicina allo spirito mitomodernista, ora raccoglie la sua produzione, e [&hellip;]<\/p>\n","protected":false},"author":1,"featured_media":3070,"comment_status":"open","ping_status":"open","sticky":false,"template":"","format":"standard","meta":[],"categories":[20],"tags":[29],"_links":{"self":[{"href":"https:\/\/lacasadelleartiste.it\/index.php?rest_route=\/wp\/v2\/posts\/3109"}],"collection":[{"href":"https:\/\/lacasadelleartiste.it\/index.php?rest_route=\/wp\/v2\/posts"}],"about":[{"href":"https:\/\/lacasadelleartiste.it\/index.php?rest_route=\/wp\/v2\/types\/post"}],"author":[{"embeddable":true,"href":"https:\/\/lacasadelleartiste.it\/index.php?rest_route=\/wp\/v2\/users\/1"}],"replies":[{"embeddable":true,"href":"https:\/\/lacasadelleartiste.it\/index.php?rest_route=%2Fwp%2Fv2%2Fcomments&post=3109"}],"version-history":[{"count":0,"href":"https:\/\/lacasadelleartiste.it\/index.php?rest_route=\/wp\/v2\/posts\/3109\/revisions"}],"wp:featuredmedia":[{"embeddable":true,"href":"https:\/\/lacasadelleartiste.it\/index.php?rest_route=\/wp\/v2\/media\/3070"}],"wp:attachment":[{"href":"https:\/\/lacasadelleartiste.it\/index.php?rest_route=%2Fwp%2Fv2%2Fmedia&parent=3109"}],"wp:term":[{"taxonomy":"category","embeddable":true,"href":"https:\/\/lacasadelleartiste.it\/index.php?rest_route=%2Fwp%2Fv2%2Fcategories&post=3109"},{"taxonomy":"post_tag","embeddable":true,"href":"https:\/\/lacasadelleartiste.it\/index.php?rest_route=%2Fwp%2Fv2%2Ftags&post=3109"}],"curies":[{"name":"wp","href":"https:\/\/api.w.org\/{rel}","templated":true}]}}