{"id":2996,"date":"2018-09-28T13:44:40","date_gmt":"2018-09-28T11:44:40","guid":{"rendered":"http:\/\/spazioaldamerini.org\/?p=2996"},"modified":"2018-09-28T13:44:40","modified_gmt":"2018-09-28T11:44:40","slug":"25-10-18-inaugurazione-della-mostra-genio-e-poesia-di-giuliano-grittini","status":"publish","type":"post","link":"https:\/\/lacasadelleartiste.it\/?p=2996","title":{"rendered":"25 10 18 Inaugurazione della mostra GENIO E POESIA di Giuliano Grittini"},"content":{"rendered":"<p><a href=\"https:\/\/spazioaldamerinidotorg.files.wordpress.com\/2018\/09\/grittini-genio-e-poesia-casa-merini-web1.jpg\"><img loading=\"lazy\" class=\"alignnone size-full wp-image-3049\" src=\"https:\/\/spazioaldamerinidotorg.files.wordpress.com\/2018\/09\/grittini-genio-e-poesia-casa-merini-web1.jpg\" alt=\"\" width=\"595\" height=\"833\" \/><\/a><\/p>\n<p><strong>25 ottobre 2018 &#8211; ore\u00a0 18.30<\/strong><\/p>\n<h3>Inaugurazione dell\u2019esposizione artistica <em>Genio e Poesia<\/em><\/h3>\n<h3>di Giuliano Grittini.<\/h3>\n<p><strong>Presentazione di Federica Morandi.<\/strong><\/p>\n<p>A memoria dei due geni:<br \/>\nLeonardo &#8211; genio della scienza &#8211; e Merini &#8211; genio della poesia. L\u2019artista Giuliano Grittini presenta il progetto riunendo i due geni, riutilizzando nel suo<br \/>\nlavoro, nei suoi fogli e tavole dipinte, ovvero in questo capitolo nuovo e singolare dal titolo \u201cGenio e poesia\u201d, i versi della poetessa milanese e i disegni di Leonardo.<\/p>\n<p><em>Ingresso libero &#8211; Vini offerti da Cantine Rossella.<br \/>\n<\/em><\/p>\n<p>Esposizione artistica dal 23 ottobre al 3 novembre 2018<\/p>\n<p>orari:<br \/>\nmarted\u00ec: dalle 10.00 alle 13.00<br \/>\nmercoled\u00ec: dalle 10.00 alle 13.00 e dalle 20.00 alle 23.00<br \/>\ngioved\u00ec, venerd\u00ec, sabato e domenica dalle 17.00 alle 20.00<\/p>\n<p>****<\/p>\n<p>&nbsp;<\/p>\n<p><a href=\"http:\/\/apinchofgingerspice.com\/2018\/09\/27\/genio-e-poesia-by-giuliano-grittini\/\">dal blog A Pinch of Ginger Spice<\/a><\/p>\n<p>Oggi (27 settembre 2018) affido il mio articolo completamente alle <strong>parole della bravissima <a href=\"https:\/\/www.facebook.com\/federica.morandi.7\">Federica Morandi<\/a><\/strong> per raccontare la straordinaria <strong>mostra di Giuliano Grittini in esposizione a \u201cCasa Merini\u201d<\/strong><\/p>\n<p><strong>\u201cTu sei il mio Leonardo\u201d<\/strong><br \/>\nQueste le parole di Alda Merini, poetessa milanese scomparsa nel 2009, a Giuliano Grittini, fotografo, incisore, stampatore e pittore che per vent\u2019anni ha ritratto per immagini l\u2019ormai eterna Merini. <strong>Queste le parole da cui si snoda il percorso espositivo, una mostra che unisce il genio \u201cuniversale\u201d per antonomasia, Leonardo da Vinci, le poesie di Alda Merini, e l\u2019estro artistico contemporaneo di Giuliano Grittini.<\/strong><br \/>\nNiente \u00e8 pi\u00f9 deleterio dell\u2019immagine e niente \u00e8 pi\u00f9 resistente.<br \/>\nIl fotografo consegner\u00e0 ai posteri una sua interiorizzazione, una realt\u00e0 che spesso sfugge alla persona stessa. \u00c8 questo il mistero della fotografia.<\/p>\n<p>Un vivace e dinamico percorso espositivo accompagna lo spettatore alla <strong>scoperta di un Leonardo da Vinci inedito, omaggiato da Giuliano Grittini<\/strong> attraverso dipinti e opere grafiche in riferimento al <strong>\u201cCavallo\u201d, monumento equestre mai realizzato<\/strong>, che Ludovico il Moro commissiona a Leonardo per commemorare il padre Francesco Sforza. In questi ultimi lavori, Grittini dona nuova vita al cavaliere inesistente di Leonardo, incorporando la parola come alta espressione artistica, alla materia pittorica, evocando e <strong>fondendo la genialit\u00e0 leonardesca all\u2019ardore poetico della Merini<\/strong>. Il cavallo \u00e8 svuotato nella sua corposit\u00e0 e ne rimane solo la sagoma; le immagini sono elegantemente graffiate e ingentilite da preziosi tocchi dorati, mentre le parole da destra a sinistra inondano lo spazio quasi a ricordare gli appunti di Leonardo.<\/p>\n<p><strong>Le poesie di Alda Merini sono parte integrante dell\u2019operazione pittorica di Grittini<\/strong>: le parole scivolano nello spazio pittorico, lo riempiono e lo nutrono. Una poesia in particolare \u00e8 il fulcro di tutta la mostra, quella scritta da Alda Merini per Giuliano Grittini e che quest\u2019ultimo non ha mai pubblicato e custodito gelosamente fino alla morte della poetessa. Durante la serata inaugurale, verr\u00e0 svelata e recitata <strong>la poesia dedicata Grittini e sar\u00e0 accompagnata da un filmato riguardante la celebre poetessa.<\/strong><\/p>\n<p>&nbsp;<\/p>\n<p>&nbsp;<\/p>\n<p>&nbsp;<\/p>\n","protected":false},"excerpt":{"rendered":"<p>25 ottobre 2018 &#8211; ore\u00a0 18.30 Inaugurazione dell\u2019esposizione artistica Genio e Poesia di Giuliano Grittini. Presentazione di Federica Morandi. A memoria dei due geni: Leonardo &#8211; genio della scienza &#8211; e Merini &#8211; genio della poesia. L\u2019artista Giuliano Grittini presenta il progetto riunendo i due geni, riutilizzando nel suo lavoro, nei suoi fogli e tavole [&hellip;]<\/p>\n","protected":false},"author":1,"featured_media":3049,"comment_status":"open","ping_status":"open","sticky":false,"template":"","format":"standard","meta":[],"categories":[16],"tags":[29],"_links":{"self":[{"href":"https:\/\/lacasadelleartiste.it\/index.php?rest_route=\/wp\/v2\/posts\/2996"}],"collection":[{"href":"https:\/\/lacasadelleartiste.it\/index.php?rest_route=\/wp\/v2\/posts"}],"about":[{"href":"https:\/\/lacasadelleartiste.it\/index.php?rest_route=\/wp\/v2\/types\/post"}],"author":[{"embeddable":true,"href":"https:\/\/lacasadelleartiste.it\/index.php?rest_route=\/wp\/v2\/users\/1"}],"replies":[{"embeddable":true,"href":"https:\/\/lacasadelleartiste.it\/index.php?rest_route=%2Fwp%2Fv2%2Fcomments&post=2996"}],"version-history":[{"count":0,"href":"https:\/\/lacasadelleartiste.it\/index.php?rest_route=\/wp\/v2\/posts\/2996\/revisions"}],"wp:featuredmedia":[{"embeddable":true,"href":"https:\/\/lacasadelleartiste.it\/index.php?rest_route=\/wp\/v2\/media\/3049"}],"wp:attachment":[{"href":"https:\/\/lacasadelleartiste.it\/index.php?rest_route=%2Fwp%2Fv2%2Fmedia&parent=2996"}],"wp:term":[{"taxonomy":"category","embeddable":true,"href":"https:\/\/lacasadelleartiste.it\/index.php?rest_route=%2Fwp%2Fv2%2Fcategories&post=2996"},{"taxonomy":"post_tag","embeddable":true,"href":"https:\/\/lacasadelleartiste.it\/index.php?rest_route=%2Fwp%2Fv2%2Ftags&post=2996"}],"curies":[{"name":"wp","href":"https:\/\/api.w.org\/{rel}","templated":true}]}}