{"id":2990,"date":"2018-09-28T13:32:24","date_gmt":"2018-09-28T11:32:24","guid":{"rendered":"http:\/\/spazioaldamerini.org\/?p=2990"},"modified":"2018-09-28T13:32:24","modified_gmt":"2018-09-28T11:32:24","slug":"23-10-18-flavio-caroli-con-larte-italiana-in-quindici-weekend-e-mezzo","status":"publish","type":"post","link":"https:\/\/lacasadelleartiste.it\/?p=2990","title":{"rendered":"23 10 18 Flavio Caroli con \u00ab L\u2019arte italiana in quindici weekend e mezzo\u00bb"},"content":{"rendered":"<p><a href=\"https:\/\/spazioaldamerinidotorg.files.wordpress.com\/2018\/09\/caroli-casa-merini-locandina-web.jpg\"><img loading=\"lazy\" class=\"alignnone size-full wp-image-2991\" src=\"https:\/\/spazioaldamerinidotorg.files.wordpress.com\/2018\/09\/caroli-casa-merini-locandina-web.jpg\" alt=\"\" width=\"595\" height=\"842\" \/><\/a><\/p>\n<p>&nbsp;<\/p>\n<p><strong>23 ottobre 2018 &#8211; ore 18.30<\/strong><\/p>\n<h3>Presentazione del libro <strong><em>L\u2019arte italiana in quindici weekend e mezzo<\/em><\/strong><\/h3>\n<h3>di <strong>Flavio Caroli<\/strong><\/h3>\n<p>(storico e noto critico d\u2019arte, spesso ospite di Fabio Fazio nella trasmissione \u201cChe tempo fa\u201d in RAI.<\/p>\n<p><em>Ingresso libero.<\/em><\/p>\n<p>&nbsp;<\/p>\n<p>Flavio Caroli \u00e8 uno storico dell\u2019arte dalle indiscusse capacit\u00e0 narrative.<br \/>\nIn questo saggio che diventa un romanzo, dialoga con un\u2019amica di lunga data accompagnandola per quindici weekend e mezzo alla scoperta di grandi artisti, monumenti universalmente noti e gioielli nascosti (scelti dopo una oculatissima scrematura) nei luoghi nevralgici dell\u2019arte<br \/>\nitaliana.<br \/>\nLa felice penna dell\u2019autore ci indica la via per comprendere appieno il patrimonio artistico italiano, nella convinzione che i capolavori sono il riassunto dei pensieri pi\u00f9 profondi di un\u2019epoca storica, e costituiscono \u00abl\u2019apertura visionaria verso il tempo che verr\u00e0\u00bb.<\/p>\n<p>&nbsp;<\/p>\n<p>***<\/p>\n<p>Flavio Caroli, storico e critico d\u2019arte, \u00e8 nato a Ravenna. Laureatosi in Lettere moderne (1968) e specializzatosi in Storia dell\u2019arte (1972) presso l\u2019Universit\u00e0 di Bologna, qui ha intrapreso la carriera accademica, svolgendo successivamente attivit\u00e0 di docenza nelle universit\u00e0 di Salerno (1990-93) e Firenze (1993-94). Responsabile scientifico delle attivit\u00e0 espositive di Palazzo Reale a Milano (1997-2004), ordinario di Storia dell\u2019arte moderna presso il Politecnico di Milano dal 1995, tra i temi preferenziali dei suoi studi vi \u00e8 l\u2019analisi dei modelli introspettivi ravvisabili nella produzione artistica del mondo occidentale, sui quali ha condotto approfondite comparazioni con tradizioni figurative extraeuropee. Il grande pubblico lo stima e apprezza per i suoi interventi alla trasmissione \u201cChe tempo fa\u201d condotta da Fabio Faziosu RAI1 e RAI3.<\/p>\n","protected":false},"excerpt":{"rendered":"<p>&nbsp; 23 ottobre 2018 &#8211; ore 18.30 Presentazione del libro L\u2019arte italiana in quindici weekend e mezzo di Flavio Caroli (storico e noto critico d\u2019arte, spesso ospite di Fabio Fazio nella trasmissione \u201cChe tempo fa\u201d in RAI. Ingresso libero. &nbsp; Flavio Caroli \u00e8 uno storico dell\u2019arte dalle indiscusse capacit\u00e0 narrative. In questo saggio che diventa [&hellip;]<\/p>\n","protected":false},"author":1,"featured_media":2991,"comment_status":"open","ping_status":"open","sticky":false,"template":"","format":"standard","meta":[],"categories":[20],"tags":[29],"_links":{"self":[{"href":"https:\/\/lacasadelleartiste.it\/index.php?rest_route=\/wp\/v2\/posts\/2990"}],"collection":[{"href":"https:\/\/lacasadelleartiste.it\/index.php?rest_route=\/wp\/v2\/posts"}],"about":[{"href":"https:\/\/lacasadelleartiste.it\/index.php?rest_route=\/wp\/v2\/types\/post"}],"author":[{"embeddable":true,"href":"https:\/\/lacasadelleartiste.it\/index.php?rest_route=\/wp\/v2\/users\/1"}],"replies":[{"embeddable":true,"href":"https:\/\/lacasadelleartiste.it\/index.php?rest_route=%2Fwp%2Fv2%2Fcomments&post=2990"}],"version-history":[{"count":0,"href":"https:\/\/lacasadelleartiste.it\/index.php?rest_route=\/wp\/v2\/posts\/2990\/revisions"}],"wp:featuredmedia":[{"embeddable":true,"href":"https:\/\/lacasadelleartiste.it\/index.php?rest_route=\/wp\/v2\/media\/2991"}],"wp:attachment":[{"href":"https:\/\/lacasadelleartiste.it\/index.php?rest_route=%2Fwp%2Fv2%2Fmedia&parent=2990"}],"wp:term":[{"taxonomy":"category","embeddable":true,"href":"https:\/\/lacasadelleartiste.it\/index.php?rest_route=%2Fwp%2Fv2%2Fcategories&post=2990"},{"taxonomy":"post_tag","embeddable":true,"href":"https:\/\/lacasadelleartiste.it\/index.php?rest_route=%2Fwp%2Fv2%2Ftags&post=2990"}],"curies":[{"name":"wp","href":"https:\/\/api.w.org\/{rel}","templated":true}]}}