{"id":2968,"date":"2018-09-27T23:54:48","date_gmt":"2018-09-27T21:54:48","guid":{"rendered":"http:\/\/spazioaldamerini.org\/?p=2968"},"modified":"2018-09-27T23:54:48","modified_gmt":"2018-09-27T21:54:48","slug":"13-10-18-antonella-gramigna-con-il-vento-e-le-promesse","status":"publish","type":"post","link":"https:\/\/lacasadelleartiste.it\/?p=2968","title":{"rendered":"13 10 18 Antonella Gramigna con \u00abIl vento e le promesse\u00bb"},"content":{"rendered":"<p><a href=\"https:\/\/spazioaldamerinidotorg.files.wordpress.com\/2018\/09\/loc-gramigna-web1.jpg\"><img loading=\"lazy\" class=\"alignnone size-full wp-image-3029\" src=\"https:\/\/spazioaldamerinidotorg.files.wordpress.com\/2018\/09\/loc-gramigna-web1.jpg\" alt=\"\" width=\"596\" height=\"842\" \/><\/a><\/p>\n<p>13 ottobre 2018 &#8211; ore 18.30<\/p>\n<h3>Presentazione del romanzo <strong><em>Il vento e le promesse <\/em><\/strong><\/h3>\n<h3>di <strong>Antonella Gramigna<em>.<\/em><\/strong><\/h3>\n<p><strong>Con Rita Iacomino.<\/strong><\/p>\n<p>&nbsp;<\/p>\n<p><em>Ingresso libero.<\/em><\/p>\n<p>&nbsp;<\/p>\n<p>&#8220;La forza di una donna nasce da tante piccole cose, dalla curiosit\u00e0 al mettersi in gioco, talvolta anche al di sopra di ci\u00f2 che pensava o sperava&#8221;. La storia di Anne \u00e8 un percorso di vita, di una donna che si \u00e8 costruita da sola, credendo sempre fino in fondo nelle sue passioni, nei suoi ideali e lottando sempre per il suo sogno di realizzazione professionale e di rivincita personale sulla sua vita, sulle promesse della stessa, sui suoi tradimenti, gli affetti mancati e sottratti, e gli ideali infranti. \u00c8 la storia di un&#8217;avventura a tratti affascinante, che attraversa un momento storico ben preciso: quello della nuova presidenza degli Stati Uniti d&#8217;America e quello del referendum costituzionale italiano. La vita di Anne \u00e8 intrisa cos\u00ec tanto di amore e dedizione per la sua professione, da farne l&#8217;espressione del suo modo di vivere, sempre alla ricerca di verit\u00e0 e relazioni. Ed ecco che a New York trover\u00e0 quelle risposte a quei perch\u00e9, e vivr\u00e0 una esperienza unica, i cui confini sono dettati solo dall&#8217;amore e dalla sua etica morale.<\/p>\n<p><strong>Antonella Gramigna<\/strong> \u00e8 opinionista di varie testate ed esperta in comunicazione e promozione della salute. Social media content e manager, \u00e8 anche blogger Food &amp; Wine, oltre che scrittrice.<\/p>\n","protected":false},"excerpt":{"rendered":"<p>13 ottobre 2018 &#8211; ore 18.30 Presentazione del romanzo Il vento e le promesse di Antonella Gramigna. Con Rita Iacomino. &nbsp; Ingresso libero. &nbsp; &#8220;La forza di una donna nasce da tante piccole cose, dalla curiosit\u00e0 al mettersi in gioco, talvolta anche al di sopra di ci\u00f2 che pensava o sperava&#8221;. La storia di Anne [&hellip;]<\/p>\n","protected":false},"author":1,"featured_media":3029,"comment_status":"open","ping_status":"open","sticky":false,"template":"","format":"standard","meta":[],"categories":[20],"tags":[29],"_links":{"self":[{"href":"https:\/\/lacasadelleartiste.it\/index.php?rest_route=\/wp\/v2\/posts\/2968"}],"collection":[{"href":"https:\/\/lacasadelleartiste.it\/index.php?rest_route=\/wp\/v2\/posts"}],"about":[{"href":"https:\/\/lacasadelleartiste.it\/index.php?rest_route=\/wp\/v2\/types\/post"}],"author":[{"embeddable":true,"href":"https:\/\/lacasadelleartiste.it\/index.php?rest_route=\/wp\/v2\/users\/1"}],"replies":[{"embeddable":true,"href":"https:\/\/lacasadelleartiste.it\/index.php?rest_route=%2Fwp%2Fv2%2Fcomments&post=2968"}],"version-history":[{"count":0,"href":"https:\/\/lacasadelleartiste.it\/index.php?rest_route=\/wp\/v2\/posts\/2968\/revisions"}],"wp:featuredmedia":[{"embeddable":true,"href":"https:\/\/lacasadelleartiste.it\/index.php?rest_route=\/wp\/v2\/media\/3029"}],"wp:attachment":[{"href":"https:\/\/lacasadelleartiste.it\/index.php?rest_route=%2Fwp%2Fv2%2Fmedia&parent=2968"}],"wp:term":[{"taxonomy":"category","embeddable":true,"href":"https:\/\/lacasadelleartiste.it\/index.php?rest_route=%2Fwp%2Fv2%2Fcategories&post=2968"},{"taxonomy":"post_tag","embeddable":true,"href":"https:\/\/lacasadelleartiste.it\/index.php?rest_route=%2Fwp%2Fv2%2Ftags&post=2968"}],"curies":[{"name":"wp","href":"https:\/\/api.w.org\/{rel}","templated":true}]}}