{"id":2860,"date":"2018-08-18T02:39:11","date_gmt":"2018-08-18T00:39:11","guid":{"rendered":"http:\/\/spazioaldamerini.org\/?p=2860"},"modified":"2018-08-18T02:39:11","modified_gmt":"2018-08-18T00:39:11","slug":"28-9-18-le-donne-nellopera-lirica-con-la-soprano-lucrezia-drei-e-il-direttore-dorchestra-massimo-fiocchi-malaspina","status":"publish","type":"post","link":"https:\/\/lacasadelleartiste.it\/?p=2860","title":{"rendered":"28 9 18 Le donne nell&#8217;opera lirica &#8211; con la soprano Lucrezia Drei e il direttore d\u2019orchestra Massimo Fiocchi Malaspina"},"content":{"rendered":"<p><a href=\"https:\/\/spazioaldamerinidotorg.files.wordpress.com\/2018\/08\/drei-malaspina-28-9-18-web.jpg\"><img loading=\"lazy\" class=\"alignnone size-full wp-image-2861\" src=\"https:\/\/spazioaldamerinidotorg.files.wordpress.com\/2018\/08\/drei-malaspina-28-9-18-web.jpg\" alt=\"\" width=\"595\" height=\"842\" \/><\/a><\/p>\n<p>&nbsp;<\/p>\n<p>28 settembre 2018 &#8211; ore 20.15<\/p>\n<p>&nbsp;<\/p>\n<h3><strong>Le donne nell\u2019opera lirica<\/strong><\/h3>\n<p>con la soprano<strong> Lucrezia Drei<\/strong> e il direttore d\u2019orchestra <strong>Massimo Fiocchi Malaspina<\/strong><em>.<\/em><\/p>\n<p>Letture poetiche a cura delle voci femminili de La Casa delle Artiste.<\/p>\n<p><em> Ingresso gratuito fino a esaurimento posti. Prenotazioni a info@lacasadelleartiste.it<\/em><\/p>\n<p>***<\/p>\n<p>Nel campo dell\u2019opera lirica il protagonismo \u00e8 l\u2019ambito delle donne. Anche quando l\u2019eroe dell\u2019argomento \u00e8 l\u2019uomo, il coinvolgimento femminile, \u00e8 comunque sempre fondamentale allo svolgimento dell\u2019azione. Le protagoniste femminili delle ribalte, se sono generalmente considerate passionali e idealiste, votate alla sofferenza e alla morte, vengono, per\u00f2, percepite come forze istintive e coraggiose, capaci di tirar dentro il loro destino, spesso senza rendersene conto, parenti, amanti e amici. Sul finire dell\u2019Ottocento, divengono personaggi chiave della struttura melodrammatica, dotate di volont\u00e0 e coraggiosa autonomia. Spesso, pur essendo succubi di fatti pi\u00f9 grandi di loro, si rivelano poi tutt\u2019altro che prive di personalit\u00e0 e di giuste ribellioni. L\u2019evoluzione delle societ\u00e0 europea e slava, grazie specialmente alla letteratura simbolista, al teatro romantico e al teatro verista, va, dunque, progressivamente conquistando nella donna, un certo grado di liberazione e di volont\u00e0 d\u2019azione. (Giuliano Zosi)<\/p>\n<p>***<\/p>\n<p><strong>Lucrezia Drei (soprano, flautista) \u00e8 una delle pi\u00f9 promettenti stelle operistiche italiane della sua generazione. Una voce solare, brillante e dotata di un\u2019espressivit\u00e0 e comunicativit\u00e0 sincera, spontanea e affascinante.<\/strong><\/p>\n<p>Diplomata al Liceo del Conservatorio Verdi di Milano, dove ha studiato Canto e si \u00e8 diplomata in Flauto Traverso. \u00c8 laureata in Lingue e Letterature Straniere all&#8217;Universit\u00e0 Cattolica di Milano ed ha frequentato un master in Musica, dislessia e neuroscienze presso il Conservatorio di Milano.<br \/>\nVincitrice del LXV concorso AsLico 2014, del Premio Pavarotti al LXV Concorso Viotti, il Primo Premio Montaldi di Mantova per la musica sacra e di altri concorsi internazionali, inizia la sua formazione nel Coro di Voci Bianche del Teatro alla Scala di Milano, partecipando a numerose produzioni con direttori d&#8217;orchestra quali Riccardo Muti, Lorin Maazel, Zubin Metha, Daniel Barenboim. Alla Scala interpreta il suo primo ruolo solista a 13 anni nell&#8217;opera La Piccola Volpe Astuta di Jana\u010dek diretta da Sir Andrew Davis, seguito da diversi altri ruoli solistici, tra i quali Yniold in Pell\u00e9as et M\u00e9lisande diretta da G. Pr\u00eatre. Per AsLiCo nel 2007 interpreta Flora nell&#8217;opera The Turn of the Screw di Britten e nelle stagioni 2011\/12\/14 \u00e8 interprete principale per OperaKids; nel 2011 \u00e8 soprano solista nel Requiem di Faur\u00e9 al Th\u00e9\u00e2tre du Capitole di Toulouse. Nel 2012 canta una selezione da La Traviata al Teatro Coccia di Novara; nel 2013 \u00e8 Principessa e Fata Azzurra in La bella dormente nel bosco di Respighi al Teatro Rimsky-Korsakov di San Pietroburgo. Nel 2014 \u00e8 Mad.lle Jouvenot in Adriana Lecouvreur per il Circuito Aslico e debutta il ruolo di Norina in Don Pasquale alla Sala Verdi del Conservatorio di Milano. Ha tenuto recital per il festival Bookcity di Milano e Le Corde dell&#8217;Anima di Cremona. Tiene regolarmente concerti di musica sacra per la basilica di San Marco a Milano e per l&#8217;Universit\u00e0 Cattolica del Sacro Cuore.<\/p>\n<p>***<\/p>\n<p><strong>Massimo Fiocchi Malaspina<\/strong><\/p>\n<p>Nato a Novara, ha compiuto gli studi musicali presso il Conservatorio G. Verdi di Milano dove si \u00e8 diplomato in Musica corale e Direzione di coro, in Composizione e in Pianoforte e presso il Conservatorio di Santa Cecilia di Roma dove ha conseguito il diploma in Direzione d\u2019orchestra. Si \u00e8 inoltre perfezionato in Direzione d\u2019orchestra all\u2019Accademia musicale di Pescara sotto la guida di D. Renzetti ed \u00e8 stato assistente di Fabrizio Maria Carminati in diverse produzioni liriche. In qualit\u00e0 di pianista e di direttore si \u00e8 esibito presso il Teatro Coccia di Novara, il Teatro Sociale di Como, il Teatro Gobetti di Torino, l\u2019Universit\u00e0 americana di Dubai, la Basilica di S. Marco di Milano, il Conservatorio Verdi di Milano, la Sala accademica di Santa Cecilia di Roma, il Teatro Persio Flacco di Volterra, il Teatro Nuovo e il Teatro Manzoni di Milano, la Societ\u00e0 Umanitaria e la sala Verdi del Conservatorio di Milano di Milano, la Basilica del Sacro Cuore di Lugano, La Piet\u00e0 di Venezia, la stagione Syntagma di Milano, la Palazzina Liberty di Milano, il Castello sforzesco di Milano, il Piccolo Teatro, il Teatro sociale di Como e per la RAI. \u00c8 direttore di diversi cori polifonici e di voci bianche, tra i quali le Voci del Mesma, il coro polifonico Stendhal di Novara, il Piccolo coro crescendo di Arona e i Piccoli cantori di San Marco, realt\u00e0 con le quali tiene numerosi concerti.<\/p>\n<p>Collabora con il Teatro Regio di Parma in qualit\u00e0 di Altro maestro del coro e di Direttore musicale di palcoscenico e con Aslico in qualit\u00e0 di Maestro del coro. \u00c8 invitato regolarmente in Cina a tenere masterclass universitarie sul repertorio lirico italiano e nel 2016 ha diretto Cavalleria Rusticana e Tosca\u00a0a Tokyo.<\/p>\n<p>Dal 2011 \u00e8 Maestro di Cappella presso la Basilica di San Marco di Milano dove dirige anche l\u2019ensemble vocale professionistico. \u00c8 direttore artistico del Giugno Musicale di San Maurizio d\u2019Opaglio. \u00c8 docente presso\u00a0la Scuola del Teatro Musicale della Compagnia della Rancia con sede al Teatro Coccia di Novara. Laureato in Filosofia all\u2019Universit\u00e0 di Lugano, affianca all\u2019attivit\u00e0 musicale gli studi medici presso l\u2019Universit\u00e0 degli Studi di Milano. Ha vinto diversi premi in concorsi di musica da camera e corale (in duo con il baritono Niccol\u00f2 Scaccabarozzi e con il coro Le voci del Mesma) e letterari. \u00c8Direttore d\u2019Orchestra della PianoLink Philharmonic Orchestra e nei workshop di pianoforte e orchestra e canto e orchestra PianoLink dal 2015.<\/p>\n","protected":false},"excerpt":{"rendered":"<p>&nbsp; 28 settembre 2018 &#8211; ore 20.15 &nbsp; Le donne nell\u2019opera lirica con la soprano Lucrezia Drei e il direttore d\u2019orchestra Massimo Fiocchi Malaspina. Letture poetiche a cura delle voci femminili de La Casa delle Artiste. Ingresso gratuito fino a esaurimento posti. Prenotazioni a info@lacasadelleartiste.it *** Nel campo dell\u2019opera lirica il protagonismo \u00e8 l\u2019ambito delle [&hellip;]<\/p>\n","protected":false},"author":1,"featured_media":2861,"comment_status":"open","ping_status":"open","sticky":false,"template":"","format":"standard","meta":[],"categories":[7],"tags":[29,36],"_links":{"self":[{"href":"https:\/\/lacasadelleartiste.it\/index.php?rest_route=\/wp\/v2\/posts\/2860"}],"collection":[{"href":"https:\/\/lacasadelleartiste.it\/index.php?rest_route=\/wp\/v2\/posts"}],"about":[{"href":"https:\/\/lacasadelleartiste.it\/index.php?rest_route=\/wp\/v2\/types\/post"}],"author":[{"embeddable":true,"href":"https:\/\/lacasadelleartiste.it\/index.php?rest_route=\/wp\/v2\/users\/1"}],"replies":[{"embeddable":true,"href":"https:\/\/lacasadelleartiste.it\/index.php?rest_route=%2Fwp%2Fv2%2Fcomments&post=2860"}],"version-history":[{"count":0,"href":"https:\/\/lacasadelleartiste.it\/index.php?rest_route=\/wp\/v2\/posts\/2860\/revisions"}],"wp:featuredmedia":[{"embeddable":true,"href":"https:\/\/lacasadelleartiste.it\/index.php?rest_route=\/wp\/v2\/media\/2861"}],"wp:attachment":[{"href":"https:\/\/lacasadelleartiste.it\/index.php?rest_route=%2Fwp%2Fv2%2Fmedia&parent=2860"}],"wp:term":[{"taxonomy":"category","embeddable":true,"href":"https:\/\/lacasadelleartiste.it\/index.php?rest_route=%2Fwp%2Fv2%2Fcategories&post=2860"},{"taxonomy":"post_tag","embeddable":true,"href":"https:\/\/lacasadelleartiste.it\/index.php?rest_route=%2Fwp%2Fv2%2Ftags&post=2860"}],"curies":[{"name":"wp","href":"https:\/\/api.w.org\/{rel}","templated":true}]}}