{"id":2854,"date":"2018-08-18T02:21:35","date_gmt":"2018-08-18T00:21:35","guid":{"rendered":"http:\/\/spazioaldamerini.org\/?p=2854"},"modified":"2018-08-18T02:21:35","modified_gmt":"2018-08-18T00:21:35","slug":"22-9-18-4-e-ultima-gara-di-slam-poetry-inserita-nel-premio-di-poesia-casa-museo-alda-merini-2-ed","status":"publish","type":"post","link":"https:\/\/lacasadelleartiste.it\/?p=2854","title":{"rendered":"22 9 18 4^ e ultima gara di SLAM POETRY inserita nel Premio di Poesia Casa Museo Alda Merini 2^ ed.."},"content":{"rendered":"<p><a href=\"https:\/\/spazioaldamerinidotorg.files.wordpress.com\/2018\/08\/slam-22-9-18-web.jpg\"><img loading=\"lazy\" class=\"alignnone size-full wp-image-2855\" src=\"https:\/\/spazioaldamerinidotorg.files.wordpress.com\/2018\/08\/slam-22-9-18-web.jpg\" alt=\"\" width=\"595\" height=\"842\" \/><\/a><\/p>\n<p>&nbsp;<\/p>\n<p><strong>22 settembre 2018 &#8211; ore 16.30<\/strong><\/p>\n<h3>4^ e ultima gara di <strong>SLAM POETRY<\/strong> inserita nel <a href=\"https:\/\/spazioaldamerini.org\/2018\/03\/21\/bando-del-premio-di-poesia-casa-museo-alda-merini-2-edizione\/\"><strong>Premio di Poesia Casa Museo Alda Merini 2^ edizione<\/strong>.<\/a><\/h3>\n<p>Maestro di cerimonia Bruno Rullo. Gara a colpi di versi con giuria scelta fra il pubblico. Per inviare la propria candidatura, mail a <a href=\"mailto:slamitaliapoesia@gmail.com\">slamitaliapoesia@gmail.com<\/a>, scrivendo alla voce oggetto: Premio Poesia Casa Museo Alda Merini.<\/p>\n<div class=\"text_exposed_show\">\n<p>Programma<br \/>\n16,30 ritrovo dei poeti<br \/>\n17,00 inizio Poetry Slam<\/p>\n<p>Ingresso libero<\/p>\n<p>ELENCO POETI IN GARA<\/p>\n<p>Sergio Zuanetti<br \/>\n<a id=\"js_6g1\" class=\"profileLink\" href=\"https:\/\/www.facebook.com\/mariano.ciarletta.58?fref=mentions&amp;__xts__%5B0%5D=68.ARDeRczsU7yRog0C1pdP_YdGa1DeJDV-9py5NuuszWKD-teYsU5TVsRfm8VEo_chjY5-9MTQqR-ftMSkVUpvAeY19duGNgpW1Ow66q13k9Uk64NeSGdzqFOKtMKk6vHbYPUQketU_nX_KiwPoMksPo0zRrSSKv-PQbEzcoSs1E9DEt3VP-4atuuYJW0Lp5lDzaWJ-p28J2Dt5W-S_iMn&amp;__tn__=K-RH-R\">Mariano Ciarletta<\/a><br \/>\n<a class=\"profileLink\" href=\"https:\/\/www.facebook.com\/roberta.tan.3?fref=mentions&amp;__xts__%5B0%5D=68.ARDeRczsU7yRog0C1pdP_YdGa1DeJDV-9py5NuuszWKD-teYsU5TVsRfm8VEo_chjY5-9MTQqR-ftMSkVUpvAeY19duGNgpW1Ow66q13k9Uk64NeSGdzqFOKtMKk6vHbYPUQketU_nX_KiwPoMksPo0zRrSSKv-PQbEzcoSs1E9DEt3VP-4atuuYJW0Lp5lDzaWJ-p28J2Dt5W-S_iMn&amp;__tn__=K-RH-R\">Roberta Tantillo<\/a><br \/>\n<a class=\"profileLink\" href=\"https:\/\/www.facebook.com\/alessandra.iannotta.520?fref=mentions&amp;__xts__%5B0%5D=68.ARDeRczsU7yRog0C1pdP_YdGa1DeJDV-9py5NuuszWKD-teYsU5TVsRfm8VEo_chjY5-9MTQqR-ftMSkVUpvAeY19duGNgpW1Ow66q13k9Uk64NeSGdzqFOKtMKk6vHbYPUQketU_nX_KiwPoMksPo0zRrSSKv-PQbEzcoSs1E9DEt3VP-4atuuYJW0Lp5lDzaWJ-p28J2Dt5W-S_iMn&amp;__tn__=K-RH-R\">Alessandra Iannotta<\/a><br \/>\n<a class=\"profileLink\" href=\"https:\/\/www.facebook.com\/isabella.cremonesi.7?fref=mentions&amp;__xts__%5B0%5D=68.ARDeRczsU7yRog0C1pdP_YdGa1DeJDV-9py5NuuszWKD-teYsU5TVsRfm8VEo_chjY5-9MTQqR-ftMSkVUpvAeY19duGNgpW1Ow66q13k9Uk64NeSGdzqFOKtMKk6vHbYPUQketU_nX_KiwPoMksPo0zRrSSKv-PQbEzcoSs1E9DEt3VP-4atuuYJW0Lp5lDzaWJ-p28J2Dt5W-S_iMn&amp;__tn__=K-RH-R\">Isabella Cremonesi<\/a><br \/>\nEmanuela Botti<br \/>\n<a class=\"profileLink\" href=\"https:\/\/www.facebook.com\/valeria.b.mian?fref=mentions&amp;__xts__%5B0%5D=68.ARDeRczsU7yRog0C1pdP_YdGa1DeJDV-9py5NuuszWKD-teYsU5TVsRfm8VEo_chjY5-9MTQqR-ftMSkVUpvAeY19duGNgpW1Ow66q13k9Uk64NeSGdzqFOKtMKk6vHbYPUQketU_nX_KiwPoMksPo0zRrSSKv-PQbEzcoSs1E9DEt3VP-4atuuYJW0Lp5lDzaWJ-p28J2Dt5W-S_iMn&amp;__tn__=K-RH-R\">Valeria Bianchi Mian<\/a><br \/>\n<a class=\"profileLink\" href=\"https:\/\/www.facebook.com\/Mauro.toffetti.MaTo?fref=mentions&amp;__xts__%5B0%5D=68.ARDeRczsU7yRog0C1pdP_YdGa1DeJDV-9py5NuuszWKD-teYsU5TVsRfm8VEo_chjY5-9MTQqR-ftMSkVUpvAeY19duGNgpW1Ow66q13k9Uk64NeSGdzqFOKtMKk6vHbYPUQketU_nX_KiwPoMksPo0zRrSSKv-PQbEzcoSs1E9DEt3VP-4atuuYJW0Lp5lDzaWJ-p28J2Dt5W-S_iMn&amp;__tn__=K-RH-R\">Mauro Toffetti<\/a><br \/>\n<a class=\"profileLink\" href=\"https:\/\/www.facebook.com\/riccardogiuseppe.mereu?fref=mentions&amp;__xts__%5B0%5D=68.ARDeRczsU7yRog0C1pdP_YdGa1DeJDV-9py5NuuszWKD-teYsU5TVsRfm8VEo_chjY5-9MTQqR-ftMSkVUpvAeY19duGNgpW1Ow66q13k9Uk64NeSGdzqFOKtMKk6vHbYPUQketU_nX_KiwPoMksPo0zRrSSKv-PQbEzcoSs1E9DEt3VP-4atuuYJW0Lp5lDzaWJ-p28J2Dt5W-S_iMn&amp;__tn__=K-RH-R\">Riccardo Giuseppe Mereu<\/a><br \/>\n<a class=\"profileLink\" href=\"https:\/\/www.facebook.com\/mario.frighi?fref=mentions&amp;__xts__%5B0%5D=68.ARDeRczsU7yRog0C1pdP_YdGa1DeJDV-9py5NuuszWKD-teYsU5TVsRfm8VEo_chjY5-9MTQqR-ftMSkVUpvAeY19duGNgpW1Ow66q13k9Uk64NeSGdzqFOKtMKk6vHbYPUQketU_nX_KiwPoMksPo0zRrSSKv-PQbEzcoSs1E9DEt3VP-4atuuYJW0Lp5lDzaWJ-p28J2Dt5W-S_iMn&amp;__tn__=K-RH-R\">Mario Andrea Frighi<\/a><br \/>\n<a class=\"profileLink\" href=\"https:\/\/www.facebook.com\/pepp.apo?fref=mentions&amp;__xts__%5B0%5D=68.ARDeRczsU7yRog0C1pdP_YdGa1DeJDV-9py5NuuszWKD-teYsU5TVsRfm8VEo_chjY5-9MTQqR-ftMSkVUpvAeY19duGNgpW1Ow66q13k9Uk64NeSGdzqFOKtMKk6vHbYPUQketU_nX_KiwPoMksPo0zRrSSKv-PQbEzcoSs1E9DEt3VP-4atuuYJW0Lp5lDzaWJ-p28J2Dt5W-S_iMn&amp;__tn__=K-RH-R\">Pepp Apo&#8217;<\/a><br \/>\n<a class=\"profileLink\" href=\"https:\/\/www.facebook.com\/emmagiuliana.grillo?fref=mentions&amp;__xts__%5B0%5D=68.ARDeRczsU7yRog0C1pdP_YdGa1DeJDV-9py5NuuszWKD-teYsU5TVsRfm8VEo_chjY5-9MTQqR-ftMSkVUpvAeY19duGNgpW1Ow66q13k9Uk64NeSGdzqFOKtMKk6vHbYPUQketU_nX_KiwPoMksPo0zRrSSKv-PQbEzcoSs1E9DEt3VP-4atuuYJW0Lp5lDzaWJ-p28J2Dt5W-S_iMn&amp;__tn__=K-RH-R\">Emma Giuliana Grillo<\/a><br \/>\nSergio Valsecchi<br \/>\n<a class=\"profileLink\" href=\"https:\/\/www.facebook.com\/stefano.messina.7334?fref=mentions&amp;__xts__%5B0%5D=68.ARDeRczsU7yRog0C1pdP_YdGa1DeJDV-9py5NuuszWKD-teYsU5TVsRfm8VEo_chjY5-9MTQqR-ftMSkVUpvAeY19duGNgpW1Ow66q13k9Uk64NeSGdzqFOKtMKk6vHbYPUQketU_nX_KiwPoMksPo0zRrSSKv-PQbEzcoSs1E9DEt3VP-4atuuYJW0Lp5lDzaWJ-p28J2Dt5W-S_iMn&amp;__tn__=K-RH-R\">Stefano Messina<\/a><br \/>\n<a class=\"profileLink\" href=\"https:\/\/www.facebook.com\/vale.dica?fref=mentions&amp;__xts__%5B0%5D=68.ARDeRczsU7yRog0C1pdP_YdGa1DeJDV-9py5NuuszWKD-teYsU5TVsRfm8VEo_chjY5-9MTQqR-ftMSkVUpvAeY19duGNgpW1Ow66q13k9Uk64NeSGdzqFOKtMKk6vHbYPUQketU_nX_KiwPoMksPo0zRrSSKv-PQbEzcoSs1E9DEt3VP-4atuuYJW0Lp5lDzaWJ-p28J2Dt5W-S_iMn&amp;__tn__=K-RH-R\">Vale Dica<\/a><br \/>\n<a class=\"profileLink\" href=\"https:\/\/www.facebook.com\/elisa.longo.18?fref=mentions&amp;__xts__%5B0%5D=68.ARDeRczsU7yRog0C1pdP_YdGa1DeJDV-9py5NuuszWKD-teYsU5TVsRfm8VEo_chjY5-9MTQqR-ftMSkVUpvAeY19duGNgpW1Ow66q13k9Uk64NeSGdzqFOKtMKk6vHbYPUQketU_nX_KiwPoMksPo0zRrSSKv-PQbEzcoSs1E9DEt3VP-4atuuYJW0Lp5lDzaWJ-p28J2Dt5W-S_iMn&amp;__tn__=K-RH-R\">Elisa Longo<\/a><br \/>\n<a class=\"profileLink\" href=\"https:\/\/www.facebook.com\/farfalla.colorata.92?fref=mentions&amp;__xts__%5B0%5D=68.ARDeRczsU7yRog0C1pdP_YdGa1DeJDV-9py5NuuszWKD-teYsU5TVsRfm8VEo_chjY5-9MTQqR-ftMSkVUpvAeY19duGNgpW1Ow66q13k9Uk64NeSGdzqFOKtMKk6vHbYPUQketU_nX_KiwPoMksPo0zRrSSKv-PQbEzcoSs1E9DEt3VP-4atuuYJW0Lp5lDzaWJ-p28J2Dt5W-S_iMn&amp;__tn__=K-RH-R\">Rosaria Munaf\u00f2<\/a><\/p>\n<p>Indicazione per arrivare:<br \/>\nMetro fino a Porta Genova, prendere uscita \u201cVia Casale Alzaia Naviglio Grande\u201d e poi due passi a piedi verso Casa Merini<\/p>\n<p>CONSIGLIO: portatevi almeno 5\/6 poesie, leggetevi il regolamento come da indicazione qui sotto.<br \/>\nTutto il resto, se non \u00e8 chiaro verr\u00e0 spiegato sul posto a inizio poetry slam<br \/>\n\u2014\u2014\u2014\u2014\u2014\u2014\u2014\u2014\u2014\u2014\u2014\u2014\u2014\u2014\u2014\u2014\u2014\u2014\u2014\u2014\u2014\u2014\u2014\u2014\u2014\u2014\u2014\u2014<br \/>\nREGOLAMENTO<br \/>\nFar\u00e0 fede il regolamento integrale Slam Italia al seguente link: <a href=\"https:\/\/l.facebook.com\/l.php?u=http%3A%2F%2Fslamitalia.blogspot.it%2F&amp;h=AT1jdMmjhcqbdcJoKmX0dw7NW1ZpbXDjsu1Rni5hNy1HXT6M1eLpF54M0UDLS9GCRH1u5bASzK3V3YpV6RoEtLo1oBn1NjwwenPRb-5XGaAFOTMs3KPyPDNUCCf70ajEu6sd84P00acQP6xOPHE\" target=\"_blank\" rel=\"nofollow noopener\">http:\/\/slamitalia.blogspot.it\/<\/a><br \/>\nLa poesia pu\u00f2 essere letta solo dall\u2019autore e senza oggetti o abiti di scena. Non \u00e8 ammesso alcun tipo di accompagnamento musicale. Deve emergere la capacit\u00e0 di scrittura poetica e allo stesso tempo il talento performativo dell\u2019artista. Il poeta pu\u00f2 interagire con il pubblico nel corso della sua esibizione.Ogni poeta ha a disposizione un tempo massimo di 3 minuti per ogni esibizione.<\/p>\n<\/div>\n<p>Seguir\u00e0 degustazione vini delle\u00a0 <a href=\"http:\/\/www.cantinerossella.it\/\"><strong>Cantine Rossella Simone <\/strong><\/a>di Santa Maria della Versa \u2013 PV<\/p>\n<p><a href=\"http:\/\/www.cantinerossella.it\/\"><img loading=\"lazy\" class=\"alignnone wp-image-2572\" src=\"https:\/\/spazioaldamerinidotorg.files.wordpress.com\/2018\/04\/logo-vini-rossella1.jpg?w=328&amp;h=173\" alt=\"\" width=\"328\" height=\"173\" \/><\/a><\/p>\n<p><a href=\"https:\/\/spazioaldamerini.org\/2018\/03\/21\/bando-del-premio-di-poesia-casa-museo-alda-merini-2-edizione\/\"><strong>Estratto dal bando del Premio:<\/strong><\/a><\/p>\n<h3><strong>SEZIONE B. Slam Poetry<\/strong><\/h3>\n<p>Presso la Casa delle Arti \u2013 Spazio Alda Merini di Milano (via Magolfa 32) sono previste 4 gare di Poetry Slam, dalle ore 17.00 alle ore 20.00 nelle seguenti date:<\/p>\n<ul>\n<li>sabato 12 maggio 2018<\/li>\n<li>sabato 16 giugno 2018<\/li>\n<li>sabato 14 luglio 2018<\/li>\n<li>sabato 22 settembre 2018<\/li>\n<\/ul>\n<p>I poeti in gara si confronteranno in una competizione a colpi di versi sul tema del premio \u2013 <em>L\u2019altro da me<\/em> \u2013 e saranno votati dal pubblico presente secondo le regole del Poetry Slam. I primi due classificati nelle singole gare si qualificheranno per la finale conclusiva del premio che si svolger\u00e0 il 20 ottobre 2018 a Milano nella cerimonia di premiazione, durante la quale i primi 3 classificati si aggiudicheranno i premi in palio. Il vincitore nelle singole gare del 12\/5 e 16\/6 si qualifica inoltre per la finale nazionale dello Slam Italia 2018, mentre il vincitore nelle gare del 14\/7 e 22\/9 si qualifica per la finale nazionale dello Slam Italia 2019.<\/p>\n<p>Per partecipare, inviare le candidature allegando una poesia e i propri dati e la data in cui si desidera partecipare alla mail: <a href=\"mailto:slamitaliapoesia@gmail.com\">slamitaliapoesia@gmail.com<\/a>, scrivendo alla voce oggetto: Premio Poesia Casa Museo Alda Merini. Per chi ha gi\u00e0 partecipato almeno una volta allo Slam Italia \u00e8 sufficiente inviare la sola richiesta di candidatura. \u00c8 possibile candidarsi a tutte le gare sopra indicate ma i poeti che si sono gi\u00e0 esibiti saranno accolti solo in mancanza del numero necessario per la gara. Non potranno ricandidarsi i vincitori delle singole gare. Far\u00e0 fede il regolamento integrale Slam Italia al seguente link: <a href=\"http:\/\/slamitalia.blogspot.it\/\" rel=\"nofollow\">http:\/\/slamitalia.blogspot.it\/<\/a><\/p>\n<p>Le gare saranno coordinate dal poeta <strong>Bruno Rullo<\/strong> di Slam Italia. Per la partecipazione alle gare bisogna avere un\u2019et\u00e0 minima di 16 anni compiuti.<\/p>\n<p>La poesia pu\u00f2 essere letta solo dall\u2019autore e senza oggetti o abiti di scena. Non \u00e8 ammesso alcun tipo di accompagnamento musicale. Deve emergere la capacit\u00e0 di scrittura poetica e allo stesso tempo il talento performativo dell\u2019artista. Il poeta pu\u00f2 interagire con il pubblico nel corso della sua esibizione.<br \/>\nIl poeta partecipante ha a disposizione un tempo massimo di 3 minuti per ogni esibizione.<\/p>\n<p>La Giuria \u00e8 scelta tra il pubblico.<\/p>\n<p><strong>Premi (Gara del 20 ottobre)<\/strong><\/p>\n<p>Primo classificato: premio in denaro \u20ac 300,00 e targa.<\/p>\n<p>Secondo classificato: buono acquisto libri per un valore di \u20ac 150,00 e targa.<\/p>\n<p>Terzo classificato: targa.<\/p>\n<p>&nbsp;<\/p>\n","protected":false},"excerpt":{"rendered":"<p>&nbsp; 22 settembre 2018 &#8211; ore 16.30 4^ e ultima gara di SLAM POETRY inserita nel Premio di Poesia Casa Museo Alda Merini 2^ edizione. Maestro di cerimonia Bruno Rullo. Gara a colpi di versi con giuria scelta fra il pubblico. Per inviare la propria candidatura, mail a slamitaliapoesia@gmail.com, scrivendo alla voce oggetto: Premio Poesia [&hellip;]<\/p>\n","protected":false},"author":1,"featured_media":2855,"comment_status":"open","ping_status":"open","sticky":false,"template":"","format":"standard","meta":[],"categories":[19],"tags":[29],"_links":{"self":[{"href":"https:\/\/lacasadelleartiste.it\/index.php?rest_route=\/wp\/v2\/posts\/2854"}],"collection":[{"href":"https:\/\/lacasadelleartiste.it\/index.php?rest_route=\/wp\/v2\/posts"}],"about":[{"href":"https:\/\/lacasadelleartiste.it\/index.php?rest_route=\/wp\/v2\/types\/post"}],"author":[{"embeddable":true,"href":"https:\/\/lacasadelleartiste.it\/index.php?rest_route=\/wp\/v2\/users\/1"}],"replies":[{"embeddable":true,"href":"https:\/\/lacasadelleartiste.it\/index.php?rest_route=%2Fwp%2Fv2%2Fcomments&post=2854"}],"version-history":[{"count":0,"href":"https:\/\/lacasadelleartiste.it\/index.php?rest_route=\/wp\/v2\/posts\/2854\/revisions"}],"wp:featuredmedia":[{"embeddable":true,"href":"https:\/\/lacasadelleartiste.it\/index.php?rest_route=\/wp\/v2\/media\/2855"}],"wp:attachment":[{"href":"https:\/\/lacasadelleartiste.it\/index.php?rest_route=%2Fwp%2Fv2%2Fmedia&parent=2854"}],"wp:term":[{"taxonomy":"category","embeddable":true,"href":"https:\/\/lacasadelleartiste.it\/index.php?rest_route=%2Fwp%2Fv2%2Fcategories&post=2854"},{"taxonomy":"post_tag","embeddable":true,"href":"https:\/\/lacasadelleartiste.it\/index.php?rest_route=%2Fwp%2Fv2%2Ftags&post=2854"}],"curies":[{"name":"wp","href":"https:\/\/api.w.org\/{rel}","templated":true}]}}