{"id":2851,"date":"2018-08-18T02:18:25","date_gmt":"2018-08-18T00:18:25","guid":{"rendered":"http:\/\/spazioaldamerini.org\/?p=2851"},"modified":"2018-08-18T02:18:25","modified_gmt":"2018-08-18T00:18:25","slug":"21-9-18-paolo-denti-con-il-libro-di-terra-e-altre-lune","status":"publish","type":"post","link":"https:\/\/lacasadelleartiste.it\/?p=2851","title":{"rendered":"21 9 18 Paolo Denti con il libro &#8220;Di terra e altre lune&#8221;"},"content":{"rendered":"<p><a href=\"https:\/\/spazioaldamerinidotorg.files.wordpress.com\/2018\/08\/denti-21-9-18-web1.jpg\"><img loading=\"lazy\" class=\"alignnone size-full wp-image-2902\" src=\"https:\/\/spazioaldamerinidotorg.files.wordpress.com\/2018\/08\/denti-21-9-18-web1.jpg\" alt=\"\" width=\"595\" height=\"842\" \/><\/a><\/p>\n<p>21 settembre 2018 &#8211; ore 19.00<\/p>\n<h3>Presentazione del libro di PAOLO DENTI \u00abDi terra e altre lune\u00bb<\/h3>\n<p>Letture di <strong>Maria Brivio<\/strong><\/p>\n<p>con la partecipazione del noto chansonnier e cabarettista <strong>Franco Visentin<\/strong><\/p>\n<p>In dialogo con l&#8217;autore <strong>Vincenza Pezzuto<\/strong> e <strong>Diana Battaggia<\/strong><\/p>\n<p>Ingresso libero<\/p>\n<p>&nbsp;<\/p>\n<p>**<\/p>\n<p>Sul filo dell&#8217;immaginazione si muovono gli scritti di Paolo Denti, con una chiave narrativa dalle tante sfumature: nei suoi racconti troviamo descrizioni oniriche di mondi fantastici cos\u00ec come sceneggiature di storie reali e quotidiane. Denti \u00e8 un bravo narratore e segue un archetipo fiabesco a tinte noir, ritmato, carico di simboli. Ma le sue favole non hanno una morale, non \u00e8 nella natura dell&#8217;autore. Per\u00f2 certamente ci comunicano un messaggio, l&#8217;invito a restare liberi. Un libro consigliato, una nuova voce nel panorama narrativo italiano.<\/p>\n<p>&#8220;Fiabe? Non so, forse&#8221;. E ci\u00f2 che Paolo Denti risponde appena gli si chiede: cos&#8217;\u00e8, cosa sono? Sembra voglia lasciare al lettore la possibilit\u00e0 di decidere l&#8217;identit\u00e0 di questi racconti che si susseguono in un viluppo di stili e linguaggi per nulla coerenti. Lo stesso autore definisce l&#8217;insieme &#8220;una prova di ricercata immaturit\u00e0.&#8221; Un gioco dunque, un bisogno di esporsi prima in chiave fanciullesca piena di colori, immagini, cose animate, per giungere poi alla consapevolezza di un male alieno, devastante, una sfacciata infezione a cui \u00e8 difficile sottrarsi. &#8220;Di terra e altre lune&#8221; \u00e8 un lungo accordo crescente, quasi un concerto dove si rovesciano note concordi e rumori incompatibili.<\/p>\n<p>&nbsp;<\/p>\n<p><em>Paolo Denti vive e lavora a Desenzano del Garda.<\/em><br \/>\n<em>Si occupa di musica, letteratura e fotografia. Ha scritto pagine di cultura per giornali e riviste.<\/em><br \/>\n<em>Nel 2015 ha pubblicato <\/em><strong><em>Storia di un\u2019idea<\/em><\/strong><em>, biografia del gruppo I Camaleonti; nel 2017 ha pubblicato per Sometti <\/em><strong><em>Luciano Beretta, una vita sul palcoscenico della vita<\/em><\/strong><em>.<\/em><\/p>\n","protected":false},"excerpt":{"rendered":"<p>21 settembre 2018 &#8211; ore 19.00 Presentazione del libro di PAOLO DENTI \u00abDi terra e altre lune\u00bb Letture di Maria Brivio con la partecipazione del noto chansonnier e cabarettista Franco Visentin In dialogo con l&#8217;autore Vincenza Pezzuto e Diana Battaggia Ingresso libero &nbsp; ** Sul filo dell&#8217;immaginazione si muovono gli scritti di Paolo Denti, con [&hellip;]<\/p>\n","protected":false},"author":1,"featured_media":2902,"comment_status":"open","ping_status":"open","sticky":false,"template":"","format":"standard","meta":[],"categories":[20],"tags":[29],"_links":{"self":[{"href":"https:\/\/lacasadelleartiste.it\/index.php?rest_route=\/wp\/v2\/posts\/2851"}],"collection":[{"href":"https:\/\/lacasadelleartiste.it\/index.php?rest_route=\/wp\/v2\/posts"}],"about":[{"href":"https:\/\/lacasadelleartiste.it\/index.php?rest_route=\/wp\/v2\/types\/post"}],"author":[{"embeddable":true,"href":"https:\/\/lacasadelleartiste.it\/index.php?rest_route=\/wp\/v2\/users\/1"}],"replies":[{"embeddable":true,"href":"https:\/\/lacasadelleartiste.it\/index.php?rest_route=%2Fwp%2Fv2%2Fcomments&post=2851"}],"version-history":[{"count":0,"href":"https:\/\/lacasadelleartiste.it\/index.php?rest_route=\/wp\/v2\/posts\/2851\/revisions"}],"wp:featuredmedia":[{"embeddable":true,"href":"https:\/\/lacasadelleartiste.it\/index.php?rest_route=\/wp\/v2\/media\/2902"}],"wp:attachment":[{"href":"https:\/\/lacasadelleartiste.it\/index.php?rest_route=%2Fwp%2Fv2%2Fmedia&parent=2851"}],"wp:term":[{"taxonomy":"category","embeddable":true,"href":"https:\/\/lacasadelleartiste.it\/index.php?rest_route=%2Fwp%2Fv2%2Fcategories&post=2851"},{"taxonomy":"post_tag","embeddable":true,"href":"https:\/\/lacasadelleartiste.it\/index.php?rest_route=%2Fwp%2Fv2%2Ftags&post=2851"}],"curies":[{"name":"wp","href":"https:\/\/api.w.org\/{rel}","templated":true}]}}