{"id":2838,"date":"2018-08-18T01:59:26","date_gmt":"2018-08-17T23:59:26","guid":{"rendered":"http:\/\/spazioaldamerini.org\/?p=2838"},"modified":"2018-08-18T01:59:26","modified_gmt":"2018-08-17T23:59:26","slug":"14-9-18-le-madri-costituenti-i-diritti-delle-donne","status":"publish","type":"post","link":"https:\/\/lacasadelleartiste.it\/?p=2838","title":{"rendered":"14 9 18 LE MADRI COSTITUENTI: i diritti delle donne"},"content":{"rendered":"<p><a href=\"https:\/\/spazioaldamerinidotorg.files.wordpress.com\/2018\/08\/14-sett-evento-madri-loc-web.jpg\"><img loading=\"lazy\" class=\"alignnone size-full wp-image-2911\" src=\"https:\/\/spazioaldamerinidotorg.files.wordpress.com\/2018\/08\/14-sett-evento-madri-loc-web.jpg\" alt=\"\" width=\"595\" height=\"842\" \/><\/a><\/p>\n<p><strong>14 settembre 2018 &#8211; ore 18.30<\/strong><\/p>\n<p><strong>Nell\u2019ambito dell\u2019esposizione fotografica <a href=\"https:\/\/spazioaldamerini.org\/2018\/08\/18\/8-9-18-esposizione-fotografica-le-madri-costituenti\/\">LE MADRI COSTITUENTI<\/a>, incontro con le esponenti del Comitato Territoriale SNOQ Lodi, di Toponomastica Femminile e della Fondazione Elio Quercioli.<\/strong><\/p>\n<p><strong>A seguire, lettura di citazioni estratte da interventi o scritti delle Madri Costituenti e di parti degli articoli della Costituzione che trattano i diritti delle donne (a cura di Maskere) con accompagnamento musicale.<\/strong><\/p>\n<p><strong>In chiusura, commento dell\u2019avv. Luigi Lia \u2013 costituzionalista civilista\u2013 sulla Costituzione e i diritti delle donne.<\/strong><\/p>\n<p>***<\/p>\n<p><strong>Le donne dell\u2019Assemblea Costituente<\/strong><\/p>\n<p class=\"Standard\" style=\"text-align:left;\" align=\"center\">Bei Adele (Pci)<\/p>\n<p class=\"Standard\" style=\"text-align:left;\" align=\"center\">Bianchi Bianca (Psi)<\/p>\n<p class=\"Standard\" style=\"text-align:left;\" align=\"center\">Bianchini Laura (Dc)<\/p>\n<p class=\"Standard\" style=\"text-align:left;\" align=\"center\">Conci Elisabetta (Elsa)(Dc)<\/p>\n<p class=\"Standard\" style=\"text-align:left;\" align=\"center\">Delli Castelli Filomena (Dc)<\/p>\n<p class=\"Standard\" style=\"text-align:left;\" align=\"center\">De Unterrichter Maria (Dc)<\/p>\n<p class=\"Standard\" style=\"text-align:left;\" align=\"center\">Federici Maria (Dc) *<\/p>\n<p class=\"Standard\" style=\"text-align:left;\" align=\"center\">Gallico Nadia (Pci)<\/p>\n<p class=\"Standard\" style=\"text-align:left;\" align=\"center\">Gotelli Angela (Dc) *<\/p>\n<p class=\"Standard\" style=\"text-align:left;\" align=\"center\">Guidi Angela Maria (Dc)<\/p>\n<p class=\"Standard\" style=\"text-align:left;\" align=\"center\">Iotti Leonilde (Nilde) (Pci) *<\/p>\n<p class=\"Standard\" style=\"text-align:left;\" align=\"center\">Mattei Teresa (Pci)<\/p>\n<p class=\"Standard\" style=\"text-align:left;\" align=\"center\">Merlin Angela Livia (Lina) (Psi) *<\/p>\n<p class=\"Standard\" style=\"text-align:left;\" align=\"center\">Minella Angiola (Pci)<\/p>\n<p class=\"Standard\" style=\"text-align:left;\" align=\"center\">Montagnana Rita (Pci)<\/p>\n<p class=\"Standard\" style=\"text-align:left;\" align=\"center\">Nicotra Maria (Dc)<\/p>\n<p class=\"Standard\" style=\"text-align:left;\" align=\"center\">Noce Teresa (Pci) *<\/p>\n<p class=\"Standard\" style=\"text-align:left;\" align=\"center\">Penna Ottavia (Uomo Qualunque)<\/p>\n<p class=\"Standard\" style=\"text-align:left;\" align=\"center\">Pollastrini Elettra (Pci)<\/p>\n<p class=\"Standard\" style=\"text-align:left;\" align=\"center\">Rossi Maria Maddalena (Pci)<\/p>\n<p class=\"Standard\" style=\"text-align:left;\" align=\"center\">Titomanlio Vittoria (Dc)<\/p>\n<h6 class=\"Standard\" style=\"text-align:left;\">* queste deputate entreranno nella \u201ccommissione dei 75\u2033, incaricata di scrivere la Carta Costituzionale<\/h6>\n<p>\u00c8 proprio negli articoli della nostra Costituzione, che affermano la parit\u00e0 delle donne nei confronti dell\u2019uomo, che si riconferma la sua attualit\u00e0 e modernit\u00e0 in un momento difficile per il nostro Paese.<\/p>\n<p>Le 21 donne della Costituente hanno lavorato con passione, superando gli steccati ideologici che le dividevano, per trovare un senso comune nella battaglia per l\u2019affermazione dei diritti universali, senza distinzione di sesso, di razza e di religione.<\/p>\n<p>A loro dobbiamo gratitudine e riconoscenza per aver impresso in modo indelebile il segno di genere che permea tutto il testo della Costituzione italiana.<\/p>\n<p>Senza il loro impegno politico, sindacale e sociale non avremmo avuto le leggi sul diritto di voto, all\u2019istruzione, sul divorzio, sull\u2019aborto, sulla maternit\u00e0 e sulla tutela dei minori, sui diritti delle lavoratrici che, nei decenni successivi all\u2019entrata in vigore della Costituzione, hanno segnato il cammino della nostra storia repubblicana.<\/p>\n<p>Ma il percorso da loro intrapreso non si \u00e8 ancora concluso: molti sono i principi rimasti sulla carta che hanno bisogno di un nuovo impulso delle donne perch\u00e9 siano tradotti in modo corretto e giusto nelle leggi di questo Stato.<\/p>\n<p>Riprendere in mano la Costituzione, a distanza di settant\u2019anni, \u00e8 un atto di coraggio necessario, perch\u00e9 i diritti conquistati non sono per sempre, ma vanno continuamente difesi e ribaditi, perch\u00e9 \u00e8 da l\u00ec che \u00e8 cominciato il cammino per la democrazia e per l\u2019emancipazione della donna.<\/p>\n<p><strong>Ventuno donne\u00a0nel mondo pi\u00f9 maschile che si possa immaginare, quello del potere. Ventuno donne con idee politiche diverse, che<\/strong><strong> misero assieme le energie per combattere le discriminazioni e far sentire la voce delle donne a partire dal famoso primo intervento in aula della democristiana Angela Cingolani, la quale pronunci\u00f2 la memorabile frase: \u00ab<em>Peggio di quel che nel passato hanno saputo fare gli uomini noi certo non riusciremo mai a fare<\/em>\u00bb.<\/strong><strong>\u00a0<\/strong><\/p>\n<p>Leggendo i resoconti della Costituente, e soffermandosi sui contributi delle deputate, si potrebbe pensare che esse si siano occupate spesso di temi allora considerati come prettamente femminili: la famiglia, la condizione e il ruolo della donna nella societ\u00e0.<\/p>\n<p>Ma il loro lavoro non \u00e8 stato legato solo ai temi della condizione femminile. Sullo sfondo dei loro interventi \u00e8 ben chiara e ampia una visione dell\u2019ordine democratico e della necessit\u00e0 del carattere inclusivo dello Stato che esse contribuirono a progettare. In definitiva da quegli interventi traspare una visione preveggente di quello che sarebbe stato il ruolo che oggi le donne hanno nella societ\u00e0 e nelle istituzioni. Questo ruolo non sarebbe stato possibile in mancanza dei presupposti costituzionali che le Madri costituenti hanno voluto che fossero inseriti nella Carta fondamentale.<\/p>\n<p><strong>\u00a0<\/strong>Ad esempio, si deve a Marisa Merlin: l\u2019inserimento nell\u2019articolo 3,\u00a0 dell\u2019inciso \u201cdi sesso\u201d, che esplicita il divieto di discriminazione di genere; l\u2019abolizione della dicitura \u201cfiglio di N.N.\u201d che veniva apposta sugli atti anagrafici dei trovatelli; l\u2019equiparazione dei figli naturali ai figli legittimi in materia fiscale; la Legge sulle\u00a0 adozioni che eliminava le disparit\u00e0 di legge tra figli adottivi e figli propri; la soppressione definitiva della cosiddetta \u201cclausola di nubilato\u201d nei contratti di lavoro, che imponeva il licenziamento alle lavoratrici che si sposavano; la chiusura delle \u201ccase di tolleranza\u201d.<\/p>\n<p>Si deve a Teresa Mattei: l\u2019introduzione nell\u2019art. 3, del riferimento alle \u201csituazioni di fatto\u201d che rendono diverso per ogni soggetto il cammino verso condizioni effettive di parit\u00e0.<\/p>\n<p>Si deve a Maria Maddalena Rossi: il testo dell\u2019art. 29 che stabilisce l\u2019uguaglianza morale e giuridica dei coniugi.<\/p>\n<p>Si deve a Maria Federici: il testo finale dell\u2019art. 37, per cui la donna lavoratrice ha gli stessi diritti e, a parit\u00e0 di lavoro, le stesse retribuzioni che spettano al lavoratore e che le condizioni di lavoro devono consentire l&#8217;adempimento della sua essenziale funzione familiare e materna;\u00a0 il testo finale dell\u2019art. 51 sulla parit\u00e0 per l\u2019accesso agli uffici pubblici e gli incarichi elettivi; la proposta di legge sulla \u00abvigilanza e controllo della stampa destinata all\u2019infanzia ed alla prima adolescenza e sulla disciplina dell\u2019apprendistato.<\/p>\n<p><span style=\"text-decoration:line-through;\">\u00a0<\/span><\/p>\n","protected":false},"excerpt":{"rendered":"<p>14 settembre 2018 &#8211; ore 18.30 Nell\u2019ambito dell\u2019esposizione fotografica LE MADRI COSTITUENTI, incontro con le esponenti del Comitato Territoriale SNOQ Lodi, di Toponomastica Femminile e della Fondazione Elio Quercioli. A seguire, lettura di citazioni estratte da interventi o scritti delle Madri Costituenti e di parti degli articoli della Costituzione che trattano i diritti delle donne [&hellip;]<\/p>\n","protected":false},"author":1,"featured_media":2911,"comment_status":"open","ping_status":"open","sticky":false,"template":"","format":"standard","meta":[],"categories":[7],"tags":[29],"_links":{"self":[{"href":"https:\/\/lacasadelleartiste.it\/index.php?rest_route=\/wp\/v2\/posts\/2838"}],"collection":[{"href":"https:\/\/lacasadelleartiste.it\/index.php?rest_route=\/wp\/v2\/posts"}],"about":[{"href":"https:\/\/lacasadelleartiste.it\/index.php?rest_route=\/wp\/v2\/types\/post"}],"author":[{"embeddable":true,"href":"https:\/\/lacasadelleartiste.it\/index.php?rest_route=\/wp\/v2\/users\/1"}],"replies":[{"embeddable":true,"href":"https:\/\/lacasadelleartiste.it\/index.php?rest_route=%2Fwp%2Fv2%2Fcomments&post=2838"}],"version-history":[{"count":0,"href":"https:\/\/lacasadelleartiste.it\/index.php?rest_route=\/wp\/v2\/posts\/2838\/revisions"}],"wp:featuredmedia":[{"embeddable":true,"href":"https:\/\/lacasadelleartiste.it\/index.php?rest_route=\/wp\/v2\/media\/2911"}],"wp:attachment":[{"href":"https:\/\/lacasadelleartiste.it\/index.php?rest_route=%2Fwp%2Fv2%2Fmedia&parent=2838"}],"wp:term":[{"taxonomy":"category","embeddable":true,"href":"https:\/\/lacasadelleartiste.it\/index.php?rest_route=%2Fwp%2Fv2%2Fcategories&post=2838"},{"taxonomy":"post_tag","embeddable":true,"href":"https:\/\/lacasadelleartiste.it\/index.php?rest_route=%2Fwp%2Fv2%2Ftags&post=2838"}],"curies":[{"name":"wp","href":"https:\/\/api.w.org\/{rel}","templated":true}]}}