{"id":2829,"date":"2018-08-18T01:51:55","date_gmt":"2018-08-17T23:51:55","guid":{"rendered":"http:\/\/spazioaldamerini.org\/?p=2829"},"modified":"2018-08-18T01:51:55","modified_gmt":"2018-08-17T23:51:55","slug":"1-9-18-finale-di-aperart","status":"publish","type":"post","link":"https:\/\/lacasadelleartiste.it\/?p=2829","title":{"rendered":"1 9 18 Finale di AperArt"},"content":{"rendered":"<p><a href=\"https:\/\/spazioaldamerinidotorg.files.wordpress.com\/2018\/08\/1-settembre.jpg\"><img loading=\"lazy\" class=\"alignnone size-full wp-image-2906\" src=\"https:\/\/spazioaldamerinidotorg.files.wordpress.com\/2018\/08\/1-settembre.jpg\" alt=\"\" width=\"595\" height=\"842\" \/><\/a><\/p>\n<p>&nbsp;<\/p>\n<p>sabato 1.9.18 ore 19.00<\/p>\n<h3>FINAL APERART<\/h3>\n<p>Una serata tra arte, moda e musica per quella che sar\u00e0 la serata di premiazione del ciclo di eventi AperArt che \u00e9 andato in scena nei migliori locali di Milano<\/p>\n<p>&nbsp;<\/p>\n<p>a cura dell&#8217;Art Manager MetArt Stefano &#8220;Art\u00c8S&#8221; Puzzanghera<\/p>\n<p>&nbsp;<\/p>\n<p>Aperitivo \u20ac 10,00.<\/p>\n","protected":false},"excerpt":{"rendered":"<p>&nbsp; sabato 1.9.18 ore 19.00 FINAL APERART Una serata tra arte, moda e musica per quella che sar\u00e0 la serata di premiazione del ciclo di eventi AperArt che \u00e9 andato in scena nei migliori locali di Milano &nbsp; a cura dell&#8217;Art Manager MetArt Stefano &#8220;Art\u00c8S&#8221; Puzzanghera &nbsp; Aperitivo \u20ac 10,00.<\/p>\n","protected":false},"author":1,"featured_media":2906,"comment_status":"open","ping_status":"open","sticky":false,"template":"","format":"standard","meta":[],"categories":[7],"tags":[29],"_links":{"self":[{"href":"https:\/\/lacasadelleartiste.it\/index.php?rest_route=\/wp\/v2\/posts\/2829"}],"collection":[{"href":"https:\/\/lacasadelleartiste.it\/index.php?rest_route=\/wp\/v2\/posts"}],"about":[{"href":"https:\/\/lacasadelleartiste.it\/index.php?rest_route=\/wp\/v2\/types\/post"}],"author":[{"embeddable":true,"href":"https:\/\/lacasadelleartiste.it\/index.php?rest_route=\/wp\/v2\/users\/1"}],"replies":[{"embeddable":true,"href":"https:\/\/lacasadelleartiste.it\/index.php?rest_route=%2Fwp%2Fv2%2Fcomments&post=2829"}],"version-history":[{"count":0,"href":"https:\/\/lacasadelleartiste.it\/index.php?rest_route=\/wp\/v2\/posts\/2829\/revisions"}],"wp:featuredmedia":[{"embeddable":true,"href":"https:\/\/lacasadelleartiste.it\/index.php?rest_route=\/wp\/v2\/media\/2906"}],"wp:attachment":[{"href":"https:\/\/lacasadelleartiste.it\/index.php?rest_route=%2Fwp%2Fv2%2Fmedia&parent=2829"}],"wp:term":[{"taxonomy":"category","embeddable":true,"href":"https:\/\/lacasadelleartiste.it\/index.php?rest_route=%2Fwp%2Fv2%2Fcategories&post=2829"},{"taxonomy":"post_tag","embeddable":true,"href":"https:\/\/lacasadelleartiste.it\/index.php?rest_route=%2Fwp%2Fv2%2Ftags&post=2829"}],"curies":[{"name":"wp","href":"https:\/\/api.w.org\/{rel}","templated":true}]}}