{"id":2762,"date":"2018-06-06T00:22:01","date_gmt":"2018-06-05T22:22:01","guid":{"rendered":"http:\/\/spazioaldamerini.org\/?p=2762"},"modified":"2018-06-06T00:22:01","modified_gmt":"2018-06-05T22:22:01","slug":"festival-expolis-2018-26-6-18-il-teatro-della-contraddizione-a-casa-merini","status":"publish","type":"post","link":"https:\/\/lacasadelleartiste.it\/?p=2762","title":{"rendered":"Festival Expolis 2018 &#8211; 26 6 18  il Teatro della Contraddizione a Casa Merini"},"content":{"rendered":"<p><a href=\"https:\/\/spazioaldamerinidotorg.files.wordpress.com\/2018\/06\/cover-21-06-max-900x600.jpg\"><img loading=\"lazy\" class=\"alignnone size-large wp-image-2763\" src=\"https:\/\/spazioaldamerinidotorg.files.wordpress.com\/2018\/06\/cover-21-06-max-900x600.jpg?w=748\" alt=\"\" width=\"748\" height=\"391\" \/><\/a><\/p>\n<p>&nbsp;<\/p>\n<p><strong>Dal 21 al 30 giugno il<\/strong><strong> Teatro della Contraddizione<\/strong> vi invita a partecipare a una<strong> nuova edizione del<\/strong><strong> Festival <em>ExPolis<\/em><\/strong>. Quattro appuntamenti per vivere insieme la citt\u00e0.<\/p>\n<p>Il <strong>Festival ExPolis<\/strong> fonda la sua esistenza sulla volont\u00e0 di fare ed essere <strong>comunit\u00e0<\/strong>, su una riflessione sulla <strong>funzione dell\u2019arte<\/strong> e sul rapporto con il contesto che abita, sulla creazione di un contenuto culturale da restituire ai cittadini.<\/p>\n<p>In ExPolis <strong>si mette in gioco il rapporto tra<\/strong> spazi urbani, luoghi a vocazione culturale,<strong> artisti e abitanti<\/strong>, con la voglia di percorrere insieme le distanze esistenti e trasformarle in ospitalit\u00e0 e relazione reciproca.<\/p>\n<p>Il Festival si inaugura <strong>gioved\u00ec 21 giugno<\/strong> alle ore 21 con <strong>\u201cAlla vita Desiderata \u2013 Farsi luogo\u201d <\/strong>una serata di confronto tra artisti e pubblico che partir\u00e0 dalla lettura di Marco Martinelli, regista e drammaturgo del Teatro delle Albe, del suo <em><strong>Farsi luogo. Varco al teatro in 101 movimenti.<\/strong><\/em><\/p>\n<p>Prosegue il 26 e il 30 giugno con due<strong> Camminate Archemiche, \u201cAlla vita Invisibile\u201d <\/strong>e<strong> \u201cAlla vita Fragile\u201d, <\/strong>passeggiate artistiche riservate ad un massimo di 30 curiosi, provvisti di buone gambe e voglia di attraversare la citt\u00e0 con uno sguardo diverso, e si chiude il 30 sera al Circolo Famigliare Romeo Cerizza con \u201c<strong>Alla vita come viene\u201d, <\/strong>serata di <em>Ballate, risotto, vino e demenzialit\u00e0 <\/em>con Flavio Pirini e la collaborazione dei membri del Circolo Cerizza<\/p>\n<hr \/>\n<p><strong>ExPolis: il regno della Contraddizione<\/strong><\/p>\n<p><strong><em>Expolis<\/em><\/strong> \u00e8 un invito a perlustrare la citt\u00e0 invisibile, quell\u2019altra faccia di Milano che rimane taciuta e che l\u2019arte, strumento di esplorazione dell\u2019anima individuale, sociale e politica della societ\u00e0, pu\u00f2 disvelare oltrepassando le convenienze, i pensieri comodi, facendo della contraddizione della morale dominante il motore della propria ricerca, senza mai affermare cosa sia giusto o sbagliato ma innescando altri punti di vista e attivando il desiderio di nuove domande.<\/p>\n<p>In questo senso, dunque, abbiamo scelto di definire <em>immorale<\/em> questo manifestarsi dell\u2019arte improvviso, questo camminare verso l\u2019ignoto, questo costituirsi di comunit\u00e0 provvisorie inclini al mischiarsi, dove ognuno torna a casa con meno distanze tra s\u00e9 e lo sconosciuto. Perch\u00e9 \u00e8 lo stupore, vissuto insieme all\u2019altro, a farti dimenticare le distanze, fino a renderle ridicole.<\/p>\n<p>Con Expolis il Teatro della Contraddizione, si fa medium tra artisti, territorio e pubblico, diventa curatore di una mostra itinerante, che apre relazioni invece di \u201cmostrare\u201d.<\/p>\n<p>Per raggiungere questo obbiettivo propone agli artisti \u201costacoli\u201d fisici: spazi della citt\u00e0 senza protezione, come strade e piazze, oppure luoghi interni, come una casa privata, una bocciofila, con una propria identit\u00e0, spazi e luoghi che non possono essere abitati con un\u2019estetica scelta a priori ma che chiedono di sviluppare un progetto di insediamento e di relazione.<\/p>\n<p>Gli artisti si preparano cos\u00ec a mutare e a ridefinirsi nel contatto vivo e dinamico con spazi e luoghi della citt\u00e0 e con la vita che arriva in modo imprevedibile.<\/p>\n<p>Le pratiche aperte dagli artisti di Expolis coinvolgono il pubblico, lo spostano, tenendolo spesso in disequilibrio, una chiamata coraggiosa, che passo dopo passo apre un varco, un dialogo, che ricarica di senso le architetture della citt\u00e0, creando spazi sociali provvisori, un piccolo esempio di riappropriazione del territorio.<\/p>\n<p>Expolis \u00e8 una modalit\u00e0 che aiuta a trasformare l\u2019idea del teatro da luogo distante ed elitario a spazio contemporaneo, attraversabile come si attraversa una strada della citt\u00e0, senza discriminare tra linguaggi popolari ed espressioni di ricerca sofisticate, dando cos\u00ec un piccolo ma tangibile contributo ad accorciare le distanze tra pubblico e cultura.<\/p>\n<p><strong>\u2014\u2014\u2013<br \/>\n<\/strong><\/p>\n<p><strong>La camminata arch\u00e8mica<\/strong><strong>\u00a0<\/strong><\/p>\n<p>Fulcro di ExPolis \u00e8 la camminata arch\u00e8mica: una camminata coraggiosa, imperfetta, epidermica, tra poesia, danza, musica, performance, teatro, realt\u00e0.<\/p>\n<p>Un Viaggio riservato ad un massimo di 30 curiosi, provvisti di buone gambe e voglia di attraversare la citt\u00e0 con uno sguardo diverso, senza un obbiettivo, senza un appuntamento\u2026<\/p>\n<p>Nella Camminata, in cui il pubblico conosce solo il punto di partenza e il punto d\u2019arrivo l\u2019arte si espone in alchimia con la citt\u00e0, rischia l\u2019incontro con il reale, perde i suoi confini in una citt\u00e0 impossibile da immaginare, imprevista, in un \u201cpotrebbe succedere\u201d sempre presente.<\/p>\n<p><em>Immaginate tanti fondali quanti ne pu\u00f2 dare la citt\u00e0, immaginate di scegliere voi cosa sta salendo sul palco di questo gigantesco teatro, chiedetevi se sarete in grado di distinguere la finzione dalla realt\u00e0. Immaginate che voi possiate essere il palco, voi il fondale, voi gli attori o le comparse di un evento che in un attimo scompare\u2026 Immaginate di entrare dove non dovrebbe esserci uno spettacolo, e trovarlo, e uscire portati fuori da una danza, o attirati da un canto\u2026 Immaginate che quello che fino a ieri era un angolo di citt\u00e0 sconosciuto, da domani diventi una storia da raccontare. Continuate ad immaginare, o partite con noi verso l\u2019ignoto.<\/em><\/p>\n<p><strong>\u2014\u2014\u2013 <\/strong><\/p>\n<p><strong>Programma<\/strong><\/p>\n<p>21 giugno \u2013 Padiglione Contraddizione<\/p>\n<p>ore 21.00 \u2013 <strong><em>ALLA VITA DESIDERATA <\/em><\/strong><\/p>\n<p><strong><em>FARSI LUOGO<\/em><\/strong><\/p>\n<p><strong>di e con<\/strong> Marco Martinelli \u2013 Teatro delle Albe<\/p>\n<p><strong>alle provocazioni<\/strong> Diego Vincenti<\/p>\n<p><strong>alle contraddizioni<\/strong> Marco Maria Linzi<\/p>\n<p><strong>al pensiero musicale<\/strong> Mell Morcone<\/p>\n<p>ExPolis 2018 si inaugura con un reading di Marco Martinelli drammaturgo e regista del Teatro delle Albe: <em><strong>Farsi luogo. Varco al teatro in 101 movimenti.<\/strong><\/em><\/p>\n<p>Per Marco Martinelli il concetto di \u201cfarsi luogo\u201d rovescia la barbarie uniformante della societ\u00e0 dei \u201cnon-luoghi\u201d: \u00e8 un concetto-strumento di lavoro, viene da lontano e torna a pi\u00f9 riprese nell\u2019illustrazione della sua arte di drammaturgo e regista, per un teatro che trovi il proprio senso anche, ma non solo, nella creazione di comunit\u00e0. Non un manuale di teatro, ma una mappa etica ed estetica per la prassi scenica, il rinviare tutto al fuoco primario che fa ardere l\u2019attore-artista.<\/p>\n<p>La lettura del libro sar\u00e0 punto di partenza per una serata di riflessione e confronto fra pubblico e artisti sul significato del Teatro come luogo della relazione, come arte della Comunit\u00e0 \u2013 \u201creciproco come un dono\u201d \u2013 come \u201cluogo\u201d capace di integrare e valorizzare le diverse identit\u00e0, trasformando la soggettivit\u00e0 in percorso collettivo e comunitario, un \u201cFarsi luogo\u201d che significa \u201cFarsi carico\u201d, prendere un impegno nei confronti della societ\u00e0.<\/p>\n<p><em>Il teatro come luogo dell\u2019eresia, parola che etimologicamente conserva in s\u00e9 un\u2019altra parola, meno ambigua, la sua fonte, e la fa brillare: scelta<\/em><\/p>\n<p><em>Tra un\u2019Eresia e l\u2019altra Mell Morcone non suoner\u00e0, penser\u00e0 ad alta voce, ascolteremo i suoni del suo pensiero mediati dai tasti del pianoforte.<\/em><\/p>\n<p><em>A Diego Vincenti il ruolo della scomodit\u00e0: trovare varchi di Contraddizione per aprire una dialettica ed evitare che tutto sia Oro Incenso e Mirra.<\/em><\/p>\n<p><strong>Ingresso ad offerta libera \u2013 Prenotazione consigliata<\/strong><\/p>\n<p><strong>Luogo<\/strong> Teatro della Contraddizione, via della braida 6 \u2013 20122 Milano<\/p>\n<p><strong>\u2014\u2014\u2013 <\/strong><\/p>\n<p><span style=\"color:#ff0000;\">26 giugno \u2013 Padiglione Navigli<\/span><\/p>\n<p><span style=\"color:#ff0000;\">ore 20,00 <strong><em>ALLA VITA INVISIBILE\u00a0 \u2013 camminata arch\u00e8mica<\/em><\/strong><\/span><\/p>\n<p><span style=\"color:#ff0000;\"><strong>gli artisti\u00a0 <\/strong>Collettivo l\u2019Amalgama, Gruppo Bluklein, Maria Carpaneto, Andrea Cosentino, Massimiliano Loizzi, Massimo Marcer, Vincenza Pastore, Alessandro Renda e la Non Scuola del Teatro delle Albe, Teatro della Contraddizione, Compagnia Vuoto per Pieno, 20ChiaviTeatro.<\/span><\/p>\n<p><span style=\"color:#ff0000;\"><strong>i luoghi\u00a0 <\/strong>Argelab, A.S.D Capoeira Sul da Bahia, <strong>Casa Museo Alda Merini<\/strong>, Casa Gorizia, Galleria Previtali, strade, piazze, giardini, ponti.<\/span><\/p>\n<p><span style=\"color:#ff0000;\"><strong>Biglietto<\/strong>: \u20ac15,00 intero \u2013 \u20ac12,00 ridotto<\/span><\/p>\n<p><span style=\"color:#ff0000;\"><strong>E\u2019 necessaria la prenotazione presso il Teatro della Contraddizione<\/strong><\/span><\/p>\n<p><span style=\"color:#ff0000;\">Le camminate sono riservate ad un numero limitato di spettatori. Il luogo di partenza verr\u00e0 comunicato ai prenotati il giorno prima dell\u2019evento.<\/span><\/p>\n<p><strong>\u2014\u2014\u2013 <\/strong><\/p>\n<p>30 giugno \u2013 Padiglione Martesana<\/p>\n<p>ore 18,00 <strong><em>ALLA VITA FRAGILE\u00a0 \u2013 camminata arch\u00e8mica<\/em><\/strong><\/p>\n<p><strong>gli artisti\u00a0 <\/strong>Compagnia Apuzzo\/Biffi, Nicoletta Bernardi, Corpo Musicale di Crescenzago, Anna Dego, Marco De Meo, Federico De Zottis, Leila Ka, Compagnia Odem\u00e0, Compagnia Phoebe Zeitgeist, Flavio Pirini, Rossella Raimondi, Teatro della Contraddizione, Artiste Associate Teatro Insonne: Renata Frana, Amalia Franco, Anna Moscatelli, Compagnia Vuoto per Pieno<\/p>\n<p><strong>i luoghi<\/strong>\u00a0 Bocciofila Martesana, Casa della Carit\u00e0, il Tempio dello sport, Circolo Famigliare Romeo Cerizza, bus 53, strade, piazze, giardini<\/p>\n<p><strong>Biglietto<\/strong>: \u20ac15,00 intero \u2013 \u20ac12,00 ridotto<\/p>\n<p><strong>E\u2019 necessaria la prenotazione presso il Teatro della Contraddizione<\/strong><\/p>\n<p>Le camminate sono riservate ad un numero limitato di spettatori. Il luogo di partenza verr\u00e0 comunicato ai prenotati il giorno prima dell\u2019evento.<\/p>\n<p><strong>\u2014\u2014\u2013 <\/strong><\/p>\n<p>30 giugno \u2013 Padiglione Cerizza<\/p>\n<p>ore 21,30 <strong><em>ALLA VITA COME VIENE<\/em><\/strong><\/p>\n<p><strong><em>Ballate, risotto, vino e demenzialit\u00e0 <\/em><\/strong><\/p>\n<p><strong>con<\/strong> Flavio Pirini<\/p>\n<p><em>e la partecipazione straordinaria del sig. Giancarlo, giovane over del Circolo.<\/em><\/p>\n<p>Portare scarpe da bocce e spirito ambrosiano.<\/p>\n<p><strong>Luogo: <\/strong>Circolo Famigliare Romeo Cerizza, via Meucci 2 \u2013 20128 Milano<strong>\u00a0<\/strong><\/p>\n<p><strong>Ingresso<\/strong> <strong>con risottata<\/strong> \u20ac10,00 \u2013 <strong>senza risottata<\/strong> \u20ac5,00<\/p>\n<p><strong>Per la risottata \u00e8 necessario prenotare presso il Teatro della Contraddizione.<\/strong><\/p>\n<p><strong>\u2014\u2014\u2013 <\/strong><\/p>\n<p><strong>Festival ExPolis 2018<\/strong><\/p>\n<p><strong><u>Informazioni e Prenotazioni: <\/u><\/strong><\/p>\n<p><strong>Teatro della Contraddizione <\/strong>\u00a0via della Braida, 6 \u2013 20122 Milano (MM3 Porta Romana)<\/p>\n<p>02 5462155 \u2013 <a href=\"http:\/\/www.teatrodellacontraddizione.it\">www.teatrodellacontraddizione.it<\/a> \u2013 www.expolis.org<\/p>\n<p><a href=\"mailto:expolis@teatrodellacontraddizione.it\">expolis@teatrodellacontraddizione.it<\/a> \u2013 <a href=\"mailto:prenotazioni@teatrodellacontraddizione.it\">prenotazioni@teatrodellacontraddizione.it<\/a><\/p>\n","protected":false},"excerpt":{"rendered":"<p>&nbsp; Dal 21 al 30 giugno il Teatro della Contraddizione vi invita a partecipare a una nuova edizione del Festival ExPolis. Quattro appuntamenti per vivere insieme la citt\u00e0. Il Festival ExPolis fonda la sua esistenza sulla volont\u00e0 di fare ed essere comunit\u00e0, su una riflessione sulla funzione dell\u2019arte e sul rapporto con il contesto che [&hellip;]<\/p>\n","protected":false},"author":1,"featured_media":2763,"comment_status":"open","ping_status":"open","sticky":false,"template":"","format":"standard","meta":[],"categories":[7],"tags":[29],"_links":{"self":[{"href":"https:\/\/lacasadelleartiste.it\/index.php?rest_route=\/wp\/v2\/posts\/2762"}],"collection":[{"href":"https:\/\/lacasadelleartiste.it\/index.php?rest_route=\/wp\/v2\/posts"}],"about":[{"href":"https:\/\/lacasadelleartiste.it\/index.php?rest_route=\/wp\/v2\/types\/post"}],"author":[{"embeddable":true,"href":"https:\/\/lacasadelleartiste.it\/index.php?rest_route=\/wp\/v2\/users\/1"}],"replies":[{"embeddable":true,"href":"https:\/\/lacasadelleartiste.it\/index.php?rest_route=%2Fwp%2Fv2%2Fcomments&post=2762"}],"version-history":[{"count":0,"href":"https:\/\/lacasadelleartiste.it\/index.php?rest_route=\/wp\/v2\/posts\/2762\/revisions"}],"wp:featuredmedia":[{"embeddable":true,"href":"https:\/\/lacasadelleartiste.it\/index.php?rest_route=\/wp\/v2\/media\/2763"}],"wp:attachment":[{"href":"https:\/\/lacasadelleartiste.it\/index.php?rest_route=%2Fwp%2Fv2%2Fmedia&parent=2762"}],"wp:term":[{"taxonomy":"category","embeddable":true,"href":"https:\/\/lacasadelleartiste.it\/index.php?rest_route=%2Fwp%2Fv2%2Fcategories&post=2762"},{"taxonomy":"post_tag","embeddable":true,"href":"https:\/\/lacasadelleartiste.it\/index.php?rest_route=%2Fwp%2Fv2%2Ftags&post=2762"}],"curies":[{"name":"wp","href":"https:\/\/api.w.org\/{rel}","templated":true}]}}