{"id":2700,"date":"2018-06-06T00:25:38","date_gmt":"2018-06-05T22:25:38","guid":{"rendered":"http:\/\/spazioaldamerini.org\/?p=2700"},"modified":"2018-06-06T00:25:38","modified_gmt":"2018-06-05T22:25:38","slug":"30-6-18-slam-italia-finale-campionato-nazionale-2017-2018","status":"publish","type":"post","link":"https:\/\/lacasadelleartiste.it\/?p=2700","title":{"rendered":"30 6 18 SLAM ITALIA Finale Campionato Nazionale 2017\/2018"},"content":{"rendered":"<p><a href=\"https:\/\/spazioaldamerinidotorg.files.wordpress.com\/2018\/06\/slam-finale-30-6-18.jpg\"><img loading=\"lazy\" class=\"alignnone size-full wp-image-2701\" src=\"https:\/\/spazioaldamerinidotorg.files.wordpress.com\/2018\/06\/slam-finale-30-6-18.jpg\" alt=\"\" width=\"595\" height=\"842\" \/><\/a><\/p>\n<p><strong>30 giugno 2018 ore 16.30<\/strong><\/p>\n<h3>FINALE DEL CAMPIONATO NAZIONALE 2017\/2018 DI POETRY SLAM di SLAM ITALIA<\/h3>\n<p><strong>28 poeti finalisti provenienti da tutta Italia che si sfideranno in una competizione a colpi di versi.<br \/>\nPer il terzo anno consecutivo si svolger\u00e0 a CASA MERINI &#8211; Via Magolfa 32, MILANO, il 30 GIUGNO 2018 a partire dalle ore 16,30.<br \/>\nLa Finale Nazionale del campionato di Poetry Slam di <a href=\"https:\/\/www.facebook.com\/slamitalia\/\" target=\"_blank\" rel=\"noopener\">Slam Italia<\/a> sar\u00e0 l&#8217;atto conclusivo e il coronamento di una lunga ed entusiasmante attivit\u00e0 artistico letterraria iniziata nel mese di luglio 2017 e si concluder\u00e0 con la finale del 30 giugno 2018.<\/p>\n<p>Le gare sono state un susseguirsi di poetry slam di alto livello con appuntamenti che hanno visto una numerosa partecipazione di poeti, di pubblico e di organizzatori, e coinvolto, da nord a sud, associazioni, comuni, circoli, pub, caff\u00e8 letterari, piazze e mezzi di comunicazione.<\/p>\n<p>Sar\u00e0 una gara nazionale ma soprattutto una festa all&#8217;insegna della poesia e dell&#8217;amicizia, non mancheranno un servizio bar, uno spazio libri dei poeti partecipanti e soprattutto l&#8217;occasione per condividere e conoscersi dopo un anno di appuntamenti in tutta Italia.<\/p>\n<p>A Condurre la Finale sar\u00e0 un gruppo di poeti che sono stati protagonisti durante il campionato:<br \/>\n<a href=\"https:\/\/www.facebook.com\/bruno.rullo\" target=\"_blank\" rel=\"noopener\">Bruno Rullo<\/a>, coordinatore nazionale di <a href=\"https:\/\/www.facebook.com\/slamitalia\/\" target=\"_blank\" rel=\"noopener\">Slam Italia<\/a>,<br \/>\n<a href=\"https:\/\/www.facebook.com\/carla.abenante.1\" target=\"_blank\" rel=\"noopener\">Carla Abenante<\/a> e <a href=\"https:\/\/www.facebook.com\/gruppo.farepoesia\" target=\"_blank\" rel=\"noopener\">Tito Truglia<\/a><\/p>\n<p>Ospite speciale il poeta <a href=\"https:\/\/www.facebook.com\/realismoterminale\/\" target=\"_blank\" rel=\"noopener\">Guido Oldani<\/a>, padre del Realismo Terminale, sostenitore del poetry slam, che lo considera un mosaico costituito dalla somma di tutte le poesie proposte da coloro che vi partecipano.<\/p>\n<p>Il vincitore si aggiudicher\u00e0 il titolo di CAMPIONE ITALIANO di Poetry Slam e la COPPA SLAM ITALIA.<br \/>\nI classificati dal secondo al sesto posto saranno premiati con una Coppa Slam Italia.<\/p>\n<p>Appuntamento sabato 30 giugno 2018<br \/>\na partire dalle ore 16,30 a CASA MERINI<br \/>\nVia Magolfa 32, MILANO<\/p>\n<p>Programma indicativo:<br \/>\nore 16.30 registrazione dei poeti<br \/>\nore 17.00 \/ 19.15 prima parte<br \/>\nore 19.15 \/ 19.45 Pausa<br \/>\nore 19.45 \/ 21.00 seconda parte e proclamazione<\/p>\n<p>Ingresso libero<\/p>\n<p>Indicazione per arrivare:<br \/>\nMetro fino a Porta Genova, prendere uscita &#8220;Via Casale Alzaia Naviglio Grande&#8221; e poi due passi a piedi verso Casa Merini<\/p>\n<p>CONSIGLIO: portatevi almeno 5\/6 poesie, leggetevi il regolamento come da indicazione qui sotto.<br \/>\nTutto il resto, se non \u00e8 chiaro verr\u00e0 spiegato sul posto a inizio poetry slam<br \/>\n&#8212;&#8212;&#8212;&#8212;&#8212;&#8212;&#8212;&#8212;&#8212;&#8212;&#8212;&#8212;&#8212;&#8212;&#8212;&#8212;&#8212;&#8212;&#8212;&#8212;&#8212;&#8212;&#8212;&#8212;&#8212;&#8212;&#8212;&#8212;<br \/>\nREGOLAMENTO (estratto) &#8211; Vers. completa su: <a href=\"https:\/\/l.facebook.com\/l.php?u=http%3A%2F%2Fslamitalia.blogspot.it%2F&amp;h=AT3dg-HrP4K4fFFajjlS9XrBH6tbbaH_6a72HJ5Oz-9nZhU5fzv3qhZDuJYu0EcxHcvhomFj8Z4FTGZe4vRTAhoylF9Yjd98yEckZnlUHE07N7qzTA8kV5DfEPZd7QXFjg&amp;s=1\" target=\"_blank\" rel=\"noopener\">http:\/\/slamitalia.blogspot.it\/<\/a><br \/>\nPer la partecipazione alle gare del campionato nazionale di SLAM ITALIA bisogna avere un&#8217;et\u00e0 minima di 16 anni compiuti e non sono assolutamente ammesse discriminazioni razziali, etniche, culturali, religiose. Non ci sono limiti tematici e linguistici, le poesie ammesse sono a tema libero, in italiano o in lingua straniera, compresi i dialetti. Sono ammesse le neolingue cio\u00e8 le lingue di pura invenzione o basate su giochi fonetici.<br \/>\nLa poesia pu\u00f2 essere letta solo dall\u2019autore e senza oggetti o abiti di scena. Non \u00e8 ammesso alcun tipo di accompagnamento musicale. Deve emergere la capacit\u00e0 di scrittura poetica e allo stesso tempo il talento performativo dell&#8217;artista. Il poeta pu\u00f2 interagire con il pubblico nel corso della sua esibizione.<br \/>\nOgni poeta ha a disposizione un tempo massimo di 3 minuti per ogni esibizione..<\/strong><\/p>\n<p>ingresso libero<\/p>\n<p>&nbsp;<\/p>\n","protected":false},"excerpt":{"rendered":"<p>30 giugno 2018 ore 16.30 FINALE DEL CAMPIONATO NAZIONALE 2017\/2018 DI POETRY SLAM di SLAM ITALIA 28 poeti finalisti provenienti da tutta Italia che si sfideranno in una competizione a colpi di versi. Per il terzo anno consecutivo si svolger\u00e0 a CASA MERINI &#8211; Via Magolfa 32, MILANO, il 30 GIUGNO 2018 a partire dalle [&hellip;]<\/p>\n","protected":false},"author":1,"featured_media":2701,"comment_status":"open","ping_status":"open","sticky":false,"template":"","format":"standard","meta":[],"categories":[7],"tags":[29],"_links":{"self":[{"href":"https:\/\/lacasadelleartiste.it\/index.php?rest_route=\/wp\/v2\/posts\/2700"}],"collection":[{"href":"https:\/\/lacasadelleartiste.it\/index.php?rest_route=\/wp\/v2\/posts"}],"about":[{"href":"https:\/\/lacasadelleartiste.it\/index.php?rest_route=\/wp\/v2\/types\/post"}],"author":[{"embeddable":true,"href":"https:\/\/lacasadelleartiste.it\/index.php?rest_route=\/wp\/v2\/users\/1"}],"replies":[{"embeddable":true,"href":"https:\/\/lacasadelleartiste.it\/index.php?rest_route=%2Fwp%2Fv2%2Fcomments&post=2700"}],"version-history":[{"count":0,"href":"https:\/\/lacasadelleartiste.it\/index.php?rest_route=\/wp\/v2\/posts\/2700\/revisions"}],"wp:featuredmedia":[{"embeddable":true,"href":"https:\/\/lacasadelleartiste.it\/index.php?rest_route=\/wp\/v2\/media\/2701"}],"wp:attachment":[{"href":"https:\/\/lacasadelleartiste.it\/index.php?rest_route=%2Fwp%2Fv2%2Fmedia&parent=2700"}],"wp:term":[{"taxonomy":"category","embeddable":true,"href":"https:\/\/lacasadelleartiste.it\/index.php?rest_route=%2Fwp%2Fv2%2Fcategories&post=2700"},{"taxonomy":"post_tag","embeddable":true,"href":"https:\/\/lacasadelleartiste.it\/index.php?rest_route=%2Fwp%2Fv2%2Ftags&post=2700"}],"curies":[{"name":"wp","href":"https:\/\/api.w.org\/{rel}","templated":true}]}}