{"id":2642,"date":"2018-05-27T13:28:15","date_gmt":"2018-05-27T11:28:15","guid":{"rendered":"http:\/\/spazioaldamerini.org\/?p=2642"},"modified":"2018-05-27T13:28:15","modified_gmt":"2018-05-27T11:28:15","slug":"4-6-18-vere-storie-vere-mostra-fotografica-progettata-da-travelglobe-it-per-milano-photo-week","status":"publish","type":"post","link":"https:\/\/lacasadelleartiste.it\/?p=2642","title":{"rendered":"4 6 18  VERE STORIE VERE: mostra fotografica progettata da TravelGlobe.it per Milano Photo Week"},"content":{"rendered":"<p><a href=\"https:\/\/spazioaldamerinidotorg.files.wordpress.com\/2018\/05\/vere-storie-vere_def_web.jpg\"><img loading=\"lazy\" class=\"alignnone size-full wp-image-2643\" src=\"https:\/\/spazioaldamerinidotorg.files.wordpress.com\/2018\/05\/vere-storie-vere_def_web.jpg\" alt=\"\" width=\"617\" height=\"842\" \/><\/a><\/p>\n<p><strong>luned\u00ec 4 giugno 2018 &#8211; ore 20.00 inaugurazione &#8211; L&#8217;esposizione terminer\u00e0 il 10 giugno<\/strong><\/p>\n<h3><\/h3>\n<h3>VERE STORIE VERE \u00e8 la nuova mostra fotografica progettata da <a href=\"http:\/\/www.travelglobe.it\/\">TravelGlobe.it<\/a> * per <a href=\"http:\/\/www.photoweekmilano.it\/\">Milano Photo Week<\/a>.<\/h3>\n<p>I fotografi del giornale proporranno ai visitatori una serie di storie fotografiche che vale la pena di raccontare &#8211; curiose, sconvolgenti\/coinvolgenti, empatiche &#8211; ma soprattutto vere, che hanno trovato spesso spazio come reportage nelle pagine del magazine TravelGlobe.it.<\/p>\n<p>Storie che hanno trovato spesso spazio come reportage nelle pagine del magazine TravelGlobe. La formula \u00e8 simile a quella di Word Press Photo: 6 foto, corredate da una breve descrizione del lavoro e una biografia dell\u2019autore.<\/p>\n<h3>Perch\u00e9 saranno le immagini a parlare.<\/h3>\n<p>Lavori di:<\/p>\n<p><strong>Bruno Zanzottera, Emanuela Ricci, Fabiola Giuliani, Giovanni Tagini, Graziano Perotti, Guglielmo Nicolazzo, Monica Mietitore, Vittorio Giannella.<\/strong><\/p>\n<p>&nbsp;<\/p>\n<p>Mostra inserita nel <a href=\"http:\/\/www.photoweekmilano.it\/wp-content\/uploads\/2018\/05\/MPW18programmaWEB.pdf\">calendario ufficiale Milano Photo Week<\/a><\/p>\n<p>&nbsp;<\/p>\n<ul>\n<li><b>TravelGlobe<\/b> \u00e8 un portale giornalistico di turismo, viaggi e wellbeing, che edita l\u2019omonimo mensile.<br \/>\nNasce per dare una risposta alle esigenze di web surfer pi\u00f9 consapevoli. La sua <b>impostazione rivoluzionaria<\/b> porta al centro dell\u2019attenzione i desideri dei lettori: non pi\u00f9 categorie basate su destinazioni geografiche dove seguire i propri interessi, ma <b>categorie basate su questi ultimi, da vivere in luoghi diversi<\/b>, a seconda del tempo disponibile, della stagione e del budget. Il <b>magazine<\/b> \u00e8 un periodico interattivo con reportage di grandi fotografi, tra i migliori del panorama nazionale con lo scopo di emozionare, far sognare, informare, incuriosire scardinando la pigrizia del quotidiano.La <b>redazione di Travelglobe<\/b> \u00e8 costituita da giornalisti specializzati nel campo del turismo, dei viaggi, del wellbeing e della scrittura per web seo oriented.<\/li>\n<li><strong>Direttore responsabile: <\/strong>Federico Klausner<strong>Direttore editoriale: <\/strong>Federica Giuliani<\/li>\n<\/ul>\n","protected":false},"excerpt":{"rendered":"<p>luned\u00ec 4 giugno 2018 &#8211; ore 20.00 inaugurazione &#8211; L&#8217;esposizione terminer\u00e0 il 10 giugno VERE STORIE VERE \u00e8 la nuova mostra fotografica progettata da TravelGlobe.it * per Milano Photo Week. I fotografi del giornale proporranno ai visitatori una serie di storie fotografiche che vale la pena di raccontare &#8211; curiose, sconvolgenti\/coinvolgenti, empatiche &#8211; ma soprattutto [&hellip;]<\/p>\n","protected":false},"author":1,"featured_media":2643,"comment_status":"open","ping_status":"open","sticky":false,"template":"","format":"standard","meta":[],"categories":[16],"tags":[29],"_links":{"self":[{"href":"https:\/\/lacasadelleartiste.it\/index.php?rest_route=\/wp\/v2\/posts\/2642"}],"collection":[{"href":"https:\/\/lacasadelleartiste.it\/index.php?rest_route=\/wp\/v2\/posts"}],"about":[{"href":"https:\/\/lacasadelleartiste.it\/index.php?rest_route=\/wp\/v2\/types\/post"}],"author":[{"embeddable":true,"href":"https:\/\/lacasadelleartiste.it\/index.php?rest_route=\/wp\/v2\/users\/1"}],"replies":[{"embeddable":true,"href":"https:\/\/lacasadelleartiste.it\/index.php?rest_route=%2Fwp%2Fv2%2Fcomments&post=2642"}],"version-history":[{"count":0,"href":"https:\/\/lacasadelleartiste.it\/index.php?rest_route=\/wp\/v2\/posts\/2642\/revisions"}],"wp:featuredmedia":[{"embeddable":true,"href":"https:\/\/lacasadelleartiste.it\/index.php?rest_route=\/wp\/v2\/media\/2643"}],"wp:attachment":[{"href":"https:\/\/lacasadelleartiste.it\/index.php?rest_route=%2Fwp%2Fv2%2Fmedia&parent=2642"}],"wp:term":[{"taxonomy":"category","embeddable":true,"href":"https:\/\/lacasadelleartiste.it\/index.php?rest_route=%2Fwp%2Fv2%2Fcategories&post=2642"},{"taxonomy":"post_tag","embeddable":true,"href":"https:\/\/lacasadelleartiste.it\/index.php?rest_route=%2Fwp%2Fv2%2Ftags&post=2642"}],"curies":[{"name":"wp","href":"https:\/\/api.w.org\/{rel}","templated":true}]}}