{"id":2492,"date":"2018-04-22T21:29:25","date_gmt":"2018-04-22T19:29:25","guid":{"rendered":"http:\/\/spazioaldamerini.org\/?p=2492"},"modified":"2018-04-22T21:29:25","modified_gmt":"2018-04-22T19:29:25","slug":"programma-maggio-2018","status":"publish","type":"post","link":"https:\/\/lacasadelleartiste.it\/?p=2492","title":{"rendered":"Programma maggio 2018"},"content":{"rendered":"<p><a href=\"https:\/\/spazioaldamerinidotorg.files.wordpress.com\/2018\/04\/programma-maggio-2018-1-def-web.jpg\"><img loading=\"lazy\" class=\"alignnone size-full wp-image-2493\" src=\"https:\/\/spazioaldamerinidotorg.files.wordpress.com\/2018\/04\/programma-maggio-2018-1-def-web.jpg\" alt=\"\" width=\"595\" height=\"842\" \/><\/a><a href=\"https:\/\/spazioaldamerinidotorg.files.wordpress.com\/2018\/04\/programma-maggio-2018-2-def-web.jpg\"><img loading=\"lazy\" class=\"alignnone size-full wp-image-2494\" src=\"https:\/\/spazioaldamerinidotorg.files.wordpress.com\/2018\/04\/programma-maggio-2018-2-def-web.jpg\" alt=\"\" width=\"595\" height=\"842\" \/><\/a><\/p>\n<h2>Per una rosa [Alda Merini]<\/h2>\n<blockquote><p>Vorrei essere te, cos\u00ec violenta<br \/>\ncos\u00ec aspra d&#8217;amore,<br \/>\ncos\u00ec accesa di vene di bellezza<br \/>\ne cos\u00ec castigata.<\/p>\n<p>Vorrei essere te: sola \u00e8 piovuta<br \/>\nuna splendida frase musicale<br \/>\ndalle mani di Dio quando protese<br \/>\ndentro l&#8217;abbraccio della creazione<br \/>\nspaventava ogni nulla<br \/>\ne il cammino degli esseri incalzava.<\/p>\n<p>Tu sei pausa di Dio: Dio in te riposa.<\/p><\/blockquote>\n<blockquote><p><strong>Apriamo cos\u00ec il nostro articolo per annunciare il programma degli eventi di maggio, il mese delle rose.<\/strong><\/p><\/blockquote>\n<blockquote><p><strong>21 opportunit\u00e0 di incontro a Casa Merini che vi offriamo per condividere arte e cultura. Confidiamo nella vostra partecipazione: il reale conforto al nostro operato!<\/strong><\/p><\/blockquote>\n<table width=\"633\">\n<tbody>\n<tr>\n<td width=\"69\">Maggio 18<\/td>\n<td width=\"82\">\u00a0ore<\/td>\n<td width=\"482\"><strong>INIZIATIVA<\/strong><\/td>\n<\/tr>\n<tr>\n<td width=\"69\">1<\/td>\n<td width=\"82\"><\/td>\n<td width=\"482\">Chiusura della Casa. La mostra di pittura e scultura ESSERCI \u2013 Il respiro ritrovato, inaugurata il 28 aprile, continua fino al 6 maggio.<\/td>\n<\/tr>\n<tr>\n<td width=\"69\">3<\/td>\n<td width=\"82\">17.30<\/td>\n<td width=\"482\"><strong>Aperiarte<\/strong> <strong>all\u2019Atelier dell\u2019arte visiva.<\/strong> \u00a0Laboratorio aperto\u00a0e gratuito (escluso il materiale) di bigioux con Anna Laura Monzi, pittrice ed esperta creatrice di monili. <em>Ingresso gratuito &#8211;\u00a0aperitivo solidale \u20ac 5\/8.<\/em><\/td>\n<\/tr>\n<tr>\n<td width=\"69\">4<\/td>\n<td width=\"82\">18.00<\/td>\n<td width=\"482\">Presentazione del libro <em>Antologia di racconti sul Catania Calcio<\/em> a cura di Alessandro Russo (GeoEdizioni).<\/td>\n<\/tr>\n<tr>\n<td width=\"69\">5<\/td>\n<td width=\"82\">17.00<\/td>\n<td width=\"482\"><em>Viaggio nel mondo di Alda Merini<\/em> a cura di Ave Comin. Partecipa il gruppo Arcus.<\/td>\n<\/tr>\n<tr>\n<td width=\"69\">5<\/td>\n<td width=\"82\">18.00<\/td>\n<td width=\"482\">Presentazione ufficiale del catalogo <strong>RP LIBRI<\/strong>, la casa editrice sannita creata da Rita Pacilio.<\/td>\n<\/tr>\n<tr>\n<td width=\"69\">6<\/td>\n<td width=\"82\">18.00<\/td>\n<td width=\"482\"><strong>Pierangela Fleri<\/strong> presenta il libro di poesie <em>I nostri passi<\/em> (Il Convivio). Relatore: Nunzio Bono e Bartolomeo Errera. Letture di Gianluca Regondi.<\/td>\n<\/tr>\n<tr>\n<td width=\"69\">8<\/td>\n<td width=\"82\">18.30<\/td>\n<td width=\"482\">Inaugurazione della mostra <strong><em>Per Astrale in Astrale &#8211; mystic energetic photography by Stefano Donno<\/em><\/strong>: un progetto creativo dell\u2019artista che unisce la dimensione astrale iniziatica con la fotografia. La mostra terminer\u00e0 il 19 maggio. Con la partecipazione di Donato Di Poce.<\/td>\n<\/tr>\n<tr>\n<td width=\"69\">9<\/td>\n<td width=\"82\">19.00<\/td>\n<td width=\"482\">Presentazione del libro di poesie di <strong>Claudia Cangemi<\/strong> <em>Avverbi di vita<\/em> (La Vita Felice). Conduce Diana Battaggia<\/td>\n<\/tr>\n<tr>\n<td width=\"69\">9<\/td>\n<td width=\"82\">20.00<\/td>\n<td width=\"482\">Nell\u2019ambito de <em>Il Giardino della Poesia<\/em>, Invito con Gioco. Ospite <strong>Claudia Cangemi. <\/strong>Consumazione solidale \u20ac 8,00<\/td>\n<\/tr>\n<tr>\n<td width=\"69\">11<\/td>\n<td width=\"82\">20.45<\/td>\n<td width=\"482\"><strong>Chi era il ragazzo della via Gluck? Omaggio a Luciano Beretta, <\/strong>autore di numerosi testi di canzoni per Celentano, Caselli e Vanoni, in un libro scritto da <strong>Paolo Denti<\/strong> (<em>Luciano Beretta. Una vita sul palcoscenico della vita<\/em>), con la partecipazione dell\u2019autore e di <strong>Franco Visentin<\/strong> &#8211; cabarettista e chansonnier del Derby Club, insignito del Premio alla carriera \u201cLuciano Beretta\u201d 2017, che eseguir\u00e0 alcuni brani. <em>Ingresso gratuito.<\/em> <strong><em>Prenotazioni obbligatorie con SMS al cell. 349 7024754 indicando: evento 11\/5, nome, n.ro persone. Al termine sar\u00e0 gradita un\u2019offerta per libero apprezzamento.<\/em><\/strong><\/p>\n<p>&nbsp;<\/td>\n<\/tr>\n<tr>\n<td width=\"69\">12<\/td>\n<td width=\"82\">16.00<\/td>\n<td width=\"482\">1^ gara di <strong>SLAM POETRY<\/strong> inserita nel <strong>Premio di Poesia Casa Museo Alda Merini 2^ edizione<\/strong>. Maestro di cerimonia Bruno Rullo. Gara a colpi di versi con giuria scelta fra il pubblico. Per inviare la propria candidatura, mail a <a href=\"mailto:slamitaliapoesia@gmail.com\">slamitaliapoesia@gmail.com<\/a>, scrivendo alla voce oggetto: Premio Poesia Casa Museo Alda Merini.<\/td>\n<\/tr>\n<tr>\n<td width=\"69\">13<\/td>\n<td width=\"82\">8.00<\/td>\n<td width=\"482\"><strong>Il Giardino della Poesia OFF<\/strong> \u2013 escursione poetica all\u2019Eremo di San Genesio. Libera adesione. Contatti: Barbara Bonazzi\u00a0 3928834863, Gianfranco Carpine 3270262704.<\/td>\n<\/tr>\n<tr>\n<td width=\"69\">15<\/td>\n<td width=\"82\">18.30<\/td>\n<td width=\"482\">Presentazione del libro di poesie di <strong>Maria Teresa Tedde<\/strong> <em>All\u2019amore dico s\u00ec<\/em>. Conduce Gianfranco Carpine.<\/td>\n<\/tr>\n<tr>\n<td width=\"69\">17<\/td>\n<td width=\"82\">18.00<\/td>\n<td width=\"482\"><strong>Aperiarte all\u2019Atelier delle Arti Visive<\/strong>. &#8211;\u00a0\u201cLa tutela del fare artistico contemporaneo, tra diritto e mercato dell\u2019arte\u201d con l\u2019avv. Nicoletta Barbaglia, Giorgio Fedeli \u2013 critico e curatore, Alessandra Bisi \u2013 artista. <em>Ingresso gratuito &#8211; aperitivo solidale \u20ac 5\/8 euro<\/em><\/td>\n<\/tr>\n<tr>\n<td width=\"69\">18<\/td>\n<td width=\"82\">18.30<\/td>\n<td width=\"482\"><strong>Giampiero Neri. I Realisti Terminali festeggiano il decano della poesia italiana. <\/strong>Con la partecipazione di<strong> Guido Oldani, Giuseppe Langella, Tiziano Rossi <\/strong>e numerosi amici di penna del Poeta.<\/td>\n<\/tr>\n<tr>\n<td width=\"69\">19<\/td>\n<td width=\"82\">19.00\/21.00<\/td>\n<td width=\"482\"><strong>Serata andalusa<\/strong>: reading di testi di poeti andalusi a cura dei \u201cPoeti sonori\u201d. Musiche della tradizione spagnola; soprano <strong>Monica Mariani<\/strong>, voce e nacchere &#8211; Maestro al pianoforte Gian Francesco Amoroso. Aperitivo con tapas e sangria \u20ac 10,00. <em>Ingresso gratuito.<\/em> <strong><em>Prenotazioni con SMS al cell. 349 7024754 indicando: evento 19\/5, nome, n.ro persone.<\/em><\/strong><\/td>\n<\/tr>\n<tr>\n<td width=\"69\">20<\/td>\n<td width=\"82\">16.00<\/td>\n<td width=\"482\">Nell\u2019ambito di<strong> PianoCity 2018, Guest Concert di Luigi Lia e Lorenzo Santarelli: \u00abIl Romanticismo tra Classica e Musica d\u2019Autore Italiana\u00bb <\/strong>(classica, leggera). <em>Ingresso gratuito. Prenotazioni a info@lacasadelleartiste.it<\/em><\/td>\n<\/tr>\n<tr>\n<td width=\"69\">22<\/td>\n<td width=\"82\">18.00<\/td>\n<td width=\"482\">Inaugurazione mostra e presentazione catalogo della seconda tappa 2018 della mostra \u201c<strong>Italiarts\u201d<\/strong> con il patrocinio dell\u2019Ass. Artistico Culturale del Friuli Venezia Giulia (Aura)\u2013Udine e Artestruttura di Giancarlo Caneva. \u00a0Di ritorno da Mostar, a Milano,\u00a0artisti a confronto di pittura, grafica, scultura e fotografia. Carlo Motta, responsabile editoriale Giorgio Mondadori, presenter\u00e0 il\u00a0catalogo delle opere. Termine esposizione 3 giugno.<\/td>\n<\/tr>\n<tr>\n<td width=\"69\">24<\/td>\n<td width=\"82\">19.00<\/td>\n<td width=\"482\">Presentazione del romanzo di <strong>Antonello Loreto<\/strong> <em>La favola di Syd. <\/em>Sullo sfondo la musica dei Pink Floyd e il mito del leggendario leader della band, Syd Barrett. Conduce Gianfranco Carpine.<\/td>\n<\/tr>\n<tr>\n<td width=\"69\">25<\/td>\n<td width=\"82\">17.30<\/td>\n<td width=\"482\"><em>Viaggio nel mondo di Alda Merini<\/em> a cura di Ave Comin. Partecipa il gruppo Korakame travel.<\/td>\n<\/tr>\n<tr>\n<td width=\"69\">26<\/td>\n<td width=\"82\">16.30<\/td>\n<td width=\"482\">3\u00b0 appuntamento 2018 del seminario promosso da Nodi Freudiani Movimento Psicoanalitico di Milano: <strong>\u201cDalla tragedia edipica al materno contemporaneo\u201d<\/strong><em>. Ingresso libero<\/em><\/td>\n<\/tr>\n<tr>\n<td width=\"69\">30<\/td>\n<td width=\"82\">17.00<\/td>\n<td width=\"482\">Conferenza a cura del prof. <strong>Luciano Aguzzi: \u00abIn ricordo di Giuseppe Bonura\u00bb<\/strong> Dieci anni dalla morte, con recital di alcuni brani. Evento promosso dall&#8217;Associazione Marchigiani e Umbri di Milano e Lombardia.<\/td>\n<\/tr>\n<tr>\n<td width=\"69\">31<\/td>\n<td width=\"82\">17.30<\/td>\n<td width=\"482\"><strong>APERIARTE all\u2019Atelier delle Arti Visive<\/strong>. \u201cLa forza dell\u2019acqua\u201d Lezione aperta e dimostrazione di pittura del maestro di acquarello Francesco Fontana che realizzer\u00e0 dal vivo un\u2019intera opera\u00a0svelando i segreti e coinvolgendo nella magia espressiva dell\u2019acquarello.\u00a0\u00a0<em>Ingresso gratuito &#8211; \u00a0aperitivo solidale \u20ac 5\/8.<\/em><\/td>\n<\/tr>\n<\/tbody>\n<\/table>\n","protected":false},"excerpt":{"rendered":"<p>Per una rosa [Alda Merini] Vorrei essere te, cos\u00ec violenta cos\u00ec aspra d&#8217;amore, cos\u00ec accesa di vene di bellezza e cos\u00ec castigata. Vorrei essere te: sola \u00e8 piovuta una splendida frase musicale dalle mani di Dio quando protese dentro l&#8217;abbraccio della creazione spaventava ogni nulla e il cammino degli esseri incalzava. Tu sei pausa di [&hellip;]<\/p>\n","protected":false},"author":1,"featured_media":2493,"comment_status":"open","ping_status":"open","sticky":false,"template":"","format":"standard","meta":[],"categories":[7],"tags":[29],"_links":{"self":[{"href":"https:\/\/lacasadelleartiste.it\/index.php?rest_route=\/wp\/v2\/posts\/2492"}],"collection":[{"href":"https:\/\/lacasadelleartiste.it\/index.php?rest_route=\/wp\/v2\/posts"}],"about":[{"href":"https:\/\/lacasadelleartiste.it\/index.php?rest_route=\/wp\/v2\/types\/post"}],"author":[{"embeddable":true,"href":"https:\/\/lacasadelleartiste.it\/index.php?rest_route=\/wp\/v2\/users\/1"}],"replies":[{"embeddable":true,"href":"https:\/\/lacasadelleartiste.it\/index.php?rest_route=%2Fwp%2Fv2%2Fcomments&post=2492"}],"version-history":[{"count":0,"href":"https:\/\/lacasadelleartiste.it\/index.php?rest_route=\/wp\/v2\/posts\/2492\/revisions"}],"wp:featuredmedia":[{"embeddable":true,"href":"https:\/\/lacasadelleartiste.it\/index.php?rest_route=\/wp\/v2\/media\/2493"}],"wp:attachment":[{"href":"https:\/\/lacasadelleartiste.it\/index.php?rest_route=%2Fwp%2Fv2%2Fmedia&parent=2492"}],"wp:term":[{"taxonomy":"category","embeddable":true,"href":"https:\/\/lacasadelleartiste.it\/index.php?rest_route=%2Fwp%2Fv2%2Fcategories&post=2492"},{"taxonomy":"post_tag","embeddable":true,"href":"https:\/\/lacasadelleartiste.it\/index.php?rest_route=%2Fwp%2Fv2%2Ftags&post=2492"}],"curies":[{"name":"wp","href":"https:\/\/api.w.org\/{rel}","templated":true}]}}