{"id":2482,"date":"2018-04-24T23:06:08","date_gmt":"2018-04-24T21:06:08","guid":{"rendered":"http:\/\/spazioaldamerini.org\/?p=2482"},"modified":"2018-04-24T23:06:08","modified_gmt":"2018-04-24T21:06:08","slug":"4-5-18-presentazione-dellantologia-di-racconti-sul-calcio-catania","status":"publish","type":"post","link":"https:\/\/lacasadelleartiste.it\/?p=2482","title":{"rendered":"4 5 18 Presentazione dell&#8217;\u00abAntologia di racconti sul Calcio Catania\u00bb"},"content":{"rendered":"<p><a href=\"https:\/\/spazioaldamerinidotorg.files.wordpress.com\/2018\/04\/calcio-catania-web.jpg\"><img loading=\"lazy\" class=\"alignnone size-full wp-image-2483\" src=\"https:\/\/spazioaldamerinidotorg.files.wordpress.com\/2018\/04\/calcio-catania-web.jpg\" alt=\"\" width=\"599\" height=\"842\" \/><\/a><\/p>\n<p class=\"ox-03f40ab1d2-msonormal\" style=\"text-align:justify;line-height:115%;margin:0 0 10pt;\"><span style=\"font-size:16pt;line-height:115%;font-family:'Times New Roman', serif;\">4 maggio 2018 &#8211; ore 18.00<\/span><\/p>\n<p class=\"ox-03f40ab1d2-msonormal\" style=\"text-align:justify;line-height:115%;margin:0 0 10pt;\"><span style=\"font-size:16pt;line-height:115%;font-family:'Times New Roman', serif;\">Presentazione editoriale dell&#8217;<strong>Antologia di racconti sul Calcio Catania<\/strong> (AA.VV. Geo Ed. 2017),<\/span><\/p>\n<p class=\"ox-03f40ab1d2-msonormal\" style=\"text-align:justify;line-height:115%;margin:0 0 10pt;\"><span style=\"font-size:16pt;line-height:115%;font-family:'Times New Roman', serif;\"> una\u00a0pubblicazione\u00a0 redatta da tanti cittadini catanesi in giro per il mondo con<em> \u2018u Catania nel cuore.<\/em>\u00a0\u00a0 <\/span><\/p>\n<p class=\"ox-03f40ab1d2-msonormal\" style=\"text-align:justify;line-height:115%;margin:0 0 10pt;\"><span style=\"font-size:16pt;line-height:115%;font-family:'Times New Roman', serif;\">Incentrato sulla lisc\u00eca catanese, sul rapporto di fedelt\u00e0 verso i colori rossazzurri, sulla malinconia e sul senso di appartenenza alla citt\u00e0 etnea, il libro contiene una mescolanza incantata di peripezie, rievocazioni\u00a0 e impressioni. Non mancano le pagine firmate dalle donne, quattro gemme che impreziosiscono il volume in chiave romantica. <\/span><\/p>\n","protected":false},"excerpt":{"rendered":"<p>4 maggio 2018 &#8211; ore 18.00 Presentazione editoriale dell&#8217;Antologia di racconti sul Calcio Catania (AA.VV. Geo Ed. 2017), una\u00a0pubblicazione\u00a0 redatta da tanti cittadini catanesi in giro per il mondo con \u2018u Catania nel cuore.\u00a0\u00a0 Incentrato sulla lisc\u00eca catanese, sul rapporto di fedelt\u00e0 verso i colori rossazzurri, sulla malinconia e sul senso di appartenenza alla citt\u00e0 [&hellip;]<\/p>\n","protected":false},"author":1,"featured_media":2483,"comment_status":"open","ping_status":"open","sticky":false,"template":"","format":"standard","meta":[],"categories":[20],"tags":[29],"_links":{"self":[{"href":"https:\/\/lacasadelleartiste.it\/index.php?rest_route=\/wp\/v2\/posts\/2482"}],"collection":[{"href":"https:\/\/lacasadelleartiste.it\/index.php?rest_route=\/wp\/v2\/posts"}],"about":[{"href":"https:\/\/lacasadelleartiste.it\/index.php?rest_route=\/wp\/v2\/types\/post"}],"author":[{"embeddable":true,"href":"https:\/\/lacasadelleartiste.it\/index.php?rest_route=\/wp\/v2\/users\/1"}],"replies":[{"embeddable":true,"href":"https:\/\/lacasadelleartiste.it\/index.php?rest_route=%2Fwp%2Fv2%2Fcomments&post=2482"}],"version-history":[{"count":0,"href":"https:\/\/lacasadelleartiste.it\/index.php?rest_route=\/wp\/v2\/posts\/2482\/revisions"}],"wp:featuredmedia":[{"embeddable":true,"href":"https:\/\/lacasadelleartiste.it\/index.php?rest_route=\/wp\/v2\/media\/2483"}],"wp:attachment":[{"href":"https:\/\/lacasadelleartiste.it\/index.php?rest_route=%2Fwp%2Fv2%2Fmedia&parent=2482"}],"wp:term":[{"taxonomy":"category","embeddable":true,"href":"https:\/\/lacasadelleartiste.it\/index.php?rest_route=%2Fwp%2Fv2%2Fcategories&post=2482"},{"taxonomy":"post_tag","embeddable":true,"href":"https:\/\/lacasadelleartiste.it\/index.php?rest_route=%2Fwp%2Fv2%2Ftags&post=2482"}],"curies":[{"name":"wp","href":"https:\/\/api.w.org\/{rel}","templated":true}]}}