{"id":2393,"date":"2018-03-21T18:00:47","date_gmt":"2018-03-21T17:00:47","guid":{"rendered":"http:\/\/spazioaldamerini.org\/?p=2393"},"modified":"2018-03-21T18:00:47","modified_gmt":"2018-03-21T17:00:47","slug":"bando-del-premio-di-poesia-casa-museo-alda-merini-2-edizione","status":"publish","type":"post","link":"https:\/\/lacasadelleartiste.it\/?p=2393","title":{"rendered":"Bando del Premio di Poesia Casa Museo Alda Merini 2^ edizione"},"content":{"rendered":"<p>&nbsp;<\/p>\n<p><a href=\"https:\/\/spazioaldamerinidotorg.files.wordpress.com\/2018\/03\/testata-premio-loghi-diversi1.jpg\"><img loading=\"lazy\" class=\"alignnone size-large wp-image-2423\" src=\"https:\/\/spazioaldamerinidotorg.files.wordpress.com\/2018\/03\/testata-premio-loghi-diversi1.jpg?w=748\" alt=\"\" width=\"748\" height=\"142\" \/><\/a><\/p>\n<p><a href=\"https:\/\/spazioaldamerinidotorg.files.wordpress.com\/2018\/04\/bando-2-ed-premio-poesia-casa-museo-alda-merini.pdf\">Bando 2 ed Premio Poesia Casa Museo Alda Merini<\/a> (in Pdf)<\/p>\n<p><em>La 2^ edizione del premio prevede: sez. C di videopoesia, una sezione innovativa dedicata agli studenti delle scuole superiori della Lombardia per avvicinare i giovani alla poesia, sez. B dedicata al Poetry Slam con 4 sessioni intermedie da maggio a settembre, per favorire la creativit\u00e0 poetica e performativa, molto seguita e apprezzata da un pubblico giovane; sez. A che richiede inediti sul tema \u201cL\u2019altro da me\u201d per sollecitare testi e riflessioni sull\u2019alterit\u00e0 e la tolleranza, perseguendo inoltre la funzione del poeta testimone e attore del suo tempo in un contesto sociale e non narcisisticamente rivolto a se stesso.<\/em><\/p>\n<p style=\"text-align:center;\"><strong>La Casa delle Arti \u2013 Spazio Alda Merini di via Magolfa 32 in Milano<\/strong><\/p>\n<p style=\"text-align:center;\">in collaborazione con:<\/p>\n<p style=\"text-align:center;\"><strong>Slam Italia \u2013 Rete italiana di Poetry Slam<\/strong><\/p>\n<p style=\"text-align:center;\"><strong>\u00a0La Vita Felice edizioni<\/strong><\/p>\n<p style=\"text-align:center;\"><strong>\u00a0<\/strong><\/p>\n<p style=\"text-align:center;\"><strong>presenta la seconda edizione del<\/strong><\/p>\n<h3 style=\"text-align:center;\"><strong>Premio di Poesia Casa Museo Alda Merini<\/strong><\/h3>\n<p style=\"text-align:center;\"><strong>per sostenere e diffondere la poesia contemporanea scritta e performativa.<\/strong><\/p>\n<p>&nbsp;<\/p>\n<h3 style=\"text-align:center;\"><strong>\u00a0<\/strong><strong>REGOLAMENTO<\/strong><\/h3>\n<p>Il Premio, con <u>tema \u201c<strong>L\u2019altro da me<\/strong>\u201d<\/u> \u00e8 aperto a tutti ed \u00e8 diviso in tre sezioni:<\/p>\n<p>&nbsp;<\/p>\n<h3><strong>SEZIONE A. Poesia inedita in lingua italiana<\/strong><\/h3>\n<p>Ogni concorrente pu\u00f2 presentare massimo 3 testi inediti (mai pubblicati in volume con ISBN) in lingua italiana. Ogni testo dovr\u00e0 avere una lunghezza non superiore a 28 versi.<\/p>\n<p><strong>\u00a0<\/strong><\/p>\n<p><strong>Termine ultimo <\/strong>per l\u2019invio dei testi: 30 giugno 2018<\/p>\n<p>&nbsp;<\/p>\n<p><strong>Modalit\u00e0 di invio<\/strong>: unicamente via mail a premiocasamuseoaldamerini2@gmail.com con allegato un unico documento formato Word contenente i testi poetici e la copia del bonifico eseguito.<\/p>\n<p>&nbsp;<\/p>\n<p><strong>La quota di iscrizione <\/strong>\u00e8 di 20,00 euro quale quota associativa 2018 a La Casa delle Artiste, da effettuarsi tramite bonifico bancario alle seguenti coordinate:<\/p>\n<p>IBAN: IT95F0339901600CC0010105128 presso Extrabanca Milano<br \/>\nconto intestato a LA CASA DELLE ARTISTE\u00a0 C.F. 97659160150<\/p>\n<p>Specificare la causale: Premio Poesia Casa Museo Alda Merini 2 ed.<\/p>\n<p>Nella mail di accompagnamento \u2013 con oggetto \u201cPremio Casa Museo Alda Merini \u2013 sez A.\u201d indicare i dati personali: indirizzo, breve notizia biografica\u00a0e la seguente dichiarazione:<br \/>\n\u201cDichiaro che le opere da me presentate al \u201cPremio Letterario Casa Museo Alda Merini 2 ed.\u201d sono opere di mia creazione personale, inedite, non premiate o segnalate in altri Premi. Sono consapevole che false attestazioni configurano un illecito perseguibile a norma di legge. Autorizzo il trattamento dei miei dati personali ai sensi della disciplina generale di tutela della privacy (L. n. 675\/1996; D. Lgs. n.196\/2003).\u201d\u00a0 Qualora il concorrente desideri partecipare con pseudonimo dovr\u00e0 specificarlo nella mail.<\/p>\n<p>Il mancato rispetto delle norme regolamentari comporter\u00e0 l\u2019esclusione dal Premio.<\/p>\n<p>&nbsp;<\/p>\n<p>La <strong>Giuria, <\/strong>per la sezione A, \u00e8 composta da:<\/p>\n<p><strong>Maria Attanasio (Presidente), Cinzia Marulli, Rita Pacilio, Giovanni Nuti.<\/strong><\/p>\n<p>Gli esiti della Giuria saranno comunicati direttamente agli interessati entro il 15\/9\/2018 e saranno pubblicati sul sito www.spazioaldamerini.org , www.lavitafelice.it.<\/p>\n<p>&nbsp;<\/p>\n<p><strong>Premi:<\/strong><\/p>\n<p>Primo classificato: premio in denaro \u20ac 300,00 e targa. Inoltre il testo vincitore verr\u00e0 musicato da Marzia Schenetti e Gianfranco Domizi con musiche originali<\/p>\n<p>Secondo classificato: buono acquisto libri per un valore di \u20ac 150,00 e targa.<\/p>\n<p>Terzo classificato: targa.<\/p>\n<p>&nbsp;<\/p>\n<p>La cerimonia di premiazione si terr\u00e0 il 20 ottobre 2018 alle ore 21.00 presso la Casa delle Arti \u2013 Spazio Alda Merini di Milano.<\/p>\n<h3><strong>SEZIONE B. Slam Poetry<\/strong><\/h3>\n<p>Presso la Casa delle Arti \u2013 Spazio Alda Merini di Milano (via Magolfa 32) sono previste 4 gare di Poetry Slam, dalle ore 17.00 alle ore 20.00 nelle seguenti date:<\/p>\n<ul>\n<li>sabato 12 maggio 2018<\/li>\n<li>sabato 16 giugno 2018<\/li>\n<li>sabato 14 luglio 2018<\/li>\n<li>sabato 22 settembre 2018<\/li>\n<\/ul>\n<p>I poeti in gara si confronteranno in una competizione a colpi di versi sul tema del premio \u2013 <em>L\u2019altro da me<\/em> &#8211; e saranno votati dal pubblico presente secondo le regole del Poetry Slam. I primi due classificati nelle singole gare si qualificheranno per la finale conclusiva del premio che si svolger\u00e0 il 20 ottobre 2018 a Milano nella cerimonia di premiazione, durante la quale i primi 3 classificati si aggiudicheranno i premi in palio. Il vincitore nelle singole gare del 12\/5 e 16\/6 si qualifica inoltre per la finale nazionale dello Slam Italia 2018, mentre il vincitore nelle gare del 14\/7 e 22\/9 si qualifica per la finale nazionale dello Slam Italia 2019.<\/p>\n<p>Per partecipare, inviare le candidature allegando una poesia e i propri dati e la data in cui si desidera partecipare alla mail: slamitaliapoesia@gmail.com, scrivendo alla voce oggetto: Premio Poesia Casa Museo Alda Merini. Per chi ha gi\u00e0 partecipato almeno una volta allo Slam Italia \u00e8 sufficiente inviare la sola richiesta di candidatura. \u00c8 possibile candidarsi a tutte le gare sopra indicate ma i poeti che si sono gi\u00e0 esibiti saranno accolti solo in mancanza del numero necessario per la gara. Non potranno ricandidarsi i vincitori delle singole gare. Far\u00e0 fede il regolamento integrale Slam Italia al seguente link: http:\/\/slamitalia.blogspot.it\/<\/p>\n<p>Le gare saranno coordinate dal poeta <strong>Bruno Rullo<\/strong> di Slam Italia. Per la partecipazione alle gare bisogna avere un\u2019et\u00e0 minima di 16 anni compiuti.<\/p>\n<p>La poesia pu\u00f2 essere letta solo dall\u2019autore e senza oggetti o abiti di scena. Non \u00e8 ammesso alcun tipo di accompagnamento musicale. Deve emergere la capacit\u00e0 di scrittura poetica e allo stesso tempo il talento performativo dell\u2019artista. Il poeta pu\u00f2 interagire con il pubblico nel corso della sua esibizione.<br \/>\nIl poeta partecipante ha a disposizione un tempo massimo di 3 minuti per ogni esibizione.<\/p>\n<p>La Giuria \u00e8 scelta tra il pubblico.<\/p>\n<p><strong>Premi (Gara del 20 ottobre)<\/strong><\/p>\n<p>Primo classificato: premio in denaro \u20ac 300,00 e targa.<\/p>\n<p>Secondo classificato: buono acquisto libri per un valore di \u20ac 150,00 e targa.<\/p>\n<p>Terzo classificato: targa.<\/p>\n<p><strong>\u00a0<\/strong><\/p>\n<h3><strong>SEZIONE C. Scuole \u2013 Videopoesia<\/strong><\/h3>\n<p>A partecipazione gratuita. La sezione \u00e8 rivolta agli studenti delle scuole superiori, pubbliche e private della Lombardia, che possono partecipare a livello singolo o con lavori di classe.<\/p>\n<p>Si richiede la realizzazione di una videopoesia con il tema del premio \u2013 <em>L\u2019altro da me<\/em> &#8211; di durata max 4 minuti il cui testo potr\u00e0 essere di creazione personale inedita o individuato tra quelli pubblicati, citandone la fonte.<\/p>\n<p>&nbsp;<\/p>\n<p><strong>Modalit\u00e0 di partecipazione<\/strong>: inviare una mail a premiocasamuseoaldamerini2@gmail.com con oggetto \u201cPremio Poesia Casa Museo Alda Merini \u2013 Sez C\u201d indicando:<\/p>\n<ul>\n<li>Il link del video caricato su Youtube.<\/li>\n<li>Per la partecipazione del singolo: i dati personali &#8211; indirizzo, breve notizia biografica\u00a0e la seguente dichiarazione:<br \/>\n\u201cAutorizzo il trattamento dei miei dati personali ai sensi della disciplina generale di tutela della privacy (L. n. 675\/1996; D. Lgs. n.196\/2003).\u201d<\/li>\n<li>Per la partecipazione della classe: i dati identificativi \u2013 classe, Istituto e l\u2019insegnante di riferimento &#8211; e la seguente dichiarazione:<br \/>\n\u201cAutorizzo il trattamento dei miei dati personali ai sensi della disciplina generale di tutela della privacy (L. n. 675\/1996; D. Lgs. n.196\/2003).\u201d<\/li>\n<\/ul>\n<p>Il mancato rispetto delle norme regolamentari comporter\u00e0 l\u2019esclusione dal Premio.<\/p>\n<p>&nbsp;<\/p>\n<p><strong>\u00a0<\/strong><strong>Termine ultimo:<\/strong> 30 giugno 2018<\/p>\n<p>&nbsp;<\/p>\n<p>La <strong>Giuria, <\/strong>per la sezione C, \u00e8 composta da:<\/p>\n<p><strong>Paolo Agrati (Presidente), Marzia Schenetti, Sabrina Amadori.<\/strong><\/p>\n<p>Gli esiti della Giuria saranno comunicati direttamente agli interessati entro il 15\/9\/2018 e saranno pubblicati sul sito www.spazioaldamerini.it<\/p>\n<p>&nbsp;<\/p>\n<p><strong>Premi:<\/strong><\/p>\n<p>Primo classificato: buono acquisto libri per un valore di \u20ac 150,00 e targa.<\/p>\n<p>Secondo classificato: targa.<\/p>\n<p>&nbsp;<\/p>\n<p>La cerimonia di premiazione si terr\u00e0 il 20 ottobre 2018 alle ore 21.00 presso la Casa delle Arti \u2013 Spazio Alda Merini di Milano.<\/p>\n<p>&nbsp;<\/p>\n<h3>COMPOSIZIONE GIURIA<\/h3>\n<p><a href=\"https:\/\/spazioaldamerinidotorg.files.wordpress.com\/2018\/03\/composizione-giuria1.pdf\">composizione Giuria<\/a> (Pdf)<\/p>\n<p><strong>\u00a0<\/strong><\/p>\n","protected":false},"excerpt":{"rendered":"<p>&nbsp; Bando 2 ed Premio Poesia Casa Museo Alda Merini (in Pdf) La 2^ edizione del premio prevede: sez. C di videopoesia, una sezione innovativa dedicata agli studenti delle scuole superiori della Lombardia per avvicinare i giovani alla poesia, sez. B dedicata al Poetry Slam con 4 sessioni intermedie da maggio a settembre, per favorire [&hellip;]<\/p>\n","protected":false},"author":1,"featured_media":2360,"comment_status":"open","ping_status":"open","sticky":false,"template":"","format":"standard","meta":[],"categories":[19],"tags":[29],"_links":{"self":[{"href":"https:\/\/lacasadelleartiste.it\/index.php?rest_route=\/wp\/v2\/posts\/2393"}],"collection":[{"href":"https:\/\/lacasadelleartiste.it\/index.php?rest_route=\/wp\/v2\/posts"}],"about":[{"href":"https:\/\/lacasadelleartiste.it\/index.php?rest_route=\/wp\/v2\/types\/post"}],"author":[{"embeddable":true,"href":"https:\/\/lacasadelleartiste.it\/index.php?rest_route=\/wp\/v2\/users\/1"}],"replies":[{"embeddable":true,"href":"https:\/\/lacasadelleartiste.it\/index.php?rest_route=%2Fwp%2Fv2%2Fcomments&post=2393"}],"version-history":[{"count":0,"href":"https:\/\/lacasadelleartiste.it\/index.php?rest_route=\/wp\/v2\/posts\/2393\/revisions"}],"wp:featuredmedia":[{"embeddable":true,"href":"https:\/\/lacasadelleartiste.it\/index.php?rest_route=\/wp\/v2\/media\/2360"}],"wp:attachment":[{"href":"https:\/\/lacasadelleartiste.it\/index.php?rest_route=%2Fwp%2Fv2%2Fmedia&parent=2393"}],"wp:term":[{"taxonomy":"category","embeddable":true,"href":"https:\/\/lacasadelleartiste.it\/index.php?rest_route=%2Fwp%2Fv2%2Fcategories&post=2393"},{"taxonomy":"post_tag","embeddable":true,"href":"https:\/\/lacasadelleartiste.it\/index.php?rest_route=%2Fwp%2Fv2%2Ftags&post=2393"}],"curies":[{"name":"wp","href":"https:\/\/api.w.org\/{rel}","templated":true}]}}