{"id":2356,"date":"2018-02-25T22:59:28","date_gmt":"2018-02-25T21:59:28","guid":{"rendered":"http:\/\/spazioaldamerini.org\/?p=2356"},"modified":"2018-02-25T22:59:28","modified_gmt":"2018-02-25T21:59:28","slug":"17-3-18-ore-21-00-mimmo-cavallo-ricorda-mia-martini","status":"publish","type":"post","link":"https:\/\/lacasadelleartiste.it\/?p=2356","title":{"rendered":"17 3 18 ore 21.00 Mimmo Cavallo ricorda Mia Martini"},"content":{"rendered":"<p><a href=\"https:\/\/spazioaldamerinidotorg.files.wordpress.com\/2018\/02\/cavallo-loc_db-web.jpg\"><img loading=\"lazy\" class=\"alignnone size-full wp-image-2357\" src=\"https:\/\/spazioaldamerinidotorg.files.wordpress.com\/2018\/02\/cavallo-loc_db-web.jpg\" alt=\"\" width=\"595\" height=\"842\" \/><\/a><\/p>\n<p>17 marzo 2018 &#8211; ore 21.00<\/p>\n<h3><strong>Mimmo Cavallo<\/strong> ricorda <strong>Mia Martini <\/strong><\/h3>\n<p>Live acoustic duo; Mimmo Cavallo: voce, chitarra acustica; Egidio Maggio: chitarra acustica.<\/p>\n<p><em>Contributo all\u2019ingresso \u20ac 10,00. Prenotazioni a info@lacasadelleartiste.it<\/em><\/p>\n<p>&nbsp;<\/p>\n<h3><span id=\"Biografia_artistica\" class=\"mw-headline\">Biografia artistica di Mimmo Cavallo<br \/>\n<\/span><\/h3>\n<p>Nato a Lizzano, in provincia di Taranto, Mimmo forgia la sua vena artistica trasferendosi dapprima Torino, successivamente a Roma. Il suo esordio avviene nel 1980 quando pubblica, edito dalla CGD, Siamo Meridionali che rappresenta un modo nuovo e fresco, soprattutto vitale, di parlare del Sud. La particolarit\u00e0 della sua musica e dei suoi testi, una miscela di rock ironico e graffiante unito a ballate dolcissime, ne fa subito uno dei cantautori pi\u00f9 originali della sua epoca. In seguito vengono pubblicati Uh, mamm\u00e0 sempre con la CGD e Stancami stancami musica con la Fonit Cetra. Scrive inoltre con Enzo Biagi Ma che storia \u00e8 questa, sigla della trasmissione televisiva La storia d\u2019Italia a fumetti, ed \u00e8 autore di canzoni cantate da Mia Martini, Gianni Morandi, Fiorella Mannoia, Ornella Vanoni. Dopo qualche anno di silenzio dovuto alla rottura verso un &#8220;certo mondo discografico&#8221; inizia il sodalizio con la DDD con la quale incide nel 1989, Non voglio essere uno spirito. L&#8217;ultimo suo disco \u00e8 l&#8217;autobiografico L\u2019incantautore.<br \/>\nLa discografia<\/p>\n<p>1980 &#8211; Siamo meridionali<br \/>\nSiamo meridionali \/ Ninetta \/ Tene &#8216;e ccorna \/ Diavoli e diavolette \/ Al convento \/ Non frenare treno \/ Lupo, lupo, lupo \/ &#8230; E aspetter\u00f2 la stella<\/p>\n<p>1981 &#8211; Uh, mamm\u00e0<br \/>\nUh, mamm\u00e0 \/ Notte a Roma \/ Con chi st\u00e0? \/ UrlaLauroRaurla \/ Sono nato medio \/ D.j. \/ Anna Anna mia \/ Come on America \/ Cos\u00ec vuole Dio<\/p>\n<p>1982 &#8211; Stancami stancami musica<br \/>\nStancami stancami musica \/ Tutto quello che farai \/ Gi\u00f9 le mani \/ Buon Natale Angelina \/ Aria di risorgimento? \/ Canto di galera \/ La civilt\u00e0 del cotone \/ Una canzone commerciale<\/p>\n<p>1989 &#8211; Non voglio essere uno spirito<br \/>\nNon voglio essere uno spirito \/ Voglio un amore grande \/ Felice carriera \/ Lo so che aspetti un figlio \/ Petrolio e benzina \/ Voglio un futuro possibile \/ I ragazzi di Beirut \/ Le donne del sud \/ La donna mia \/ Lavori in corso<\/p>\n<p>1992 &#8211; L&#8217;incantautore<br \/>\nSignor presidente \/ Il sud del pianeta (L&#8217;incantautore) \/ Le donne che amano troppo \/ Atz&#8230; !! \/ Estate italiana \/ Non t&#8217;arrabbi\u00e0 Maria \/ Di traffico si muore \/ Il fiato della notte<\/p>\n","protected":false},"excerpt":{"rendered":"<p>17 marzo 2018 &#8211; ore 21.00 Mimmo Cavallo ricorda Mia Martini Live acoustic duo; Mimmo Cavallo: voce, chitarra acustica; Egidio Maggio: chitarra acustica. Contributo all\u2019ingresso \u20ac 10,00. Prenotazioni a info@lacasadelleartiste.it &nbsp; Biografia artistica di Mimmo Cavallo Nato a Lizzano, in provincia di Taranto, Mimmo forgia la sua vena artistica trasferendosi dapprima Torino, successivamente a Roma. [&hellip;]<\/p>\n","protected":false},"author":1,"featured_media":2357,"comment_status":"open","ping_status":"open","sticky":false,"template":"","format":"standard","meta":[],"categories":[7],"tags":[29,36],"_links":{"self":[{"href":"https:\/\/lacasadelleartiste.it\/index.php?rest_route=\/wp\/v2\/posts\/2356"}],"collection":[{"href":"https:\/\/lacasadelleartiste.it\/index.php?rest_route=\/wp\/v2\/posts"}],"about":[{"href":"https:\/\/lacasadelleartiste.it\/index.php?rest_route=\/wp\/v2\/types\/post"}],"author":[{"embeddable":true,"href":"https:\/\/lacasadelleartiste.it\/index.php?rest_route=\/wp\/v2\/users\/1"}],"replies":[{"embeddable":true,"href":"https:\/\/lacasadelleartiste.it\/index.php?rest_route=%2Fwp%2Fv2%2Fcomments&post=2356"}],"version-history":[{"count":0,"href":"https:\/\/lacasadelleartiste.it\/index.php?rest_route=\/wp\/v2\/posts\/2356\/revisions"}],"wp:featuredmedia":[{"embeddable":true,"href":"https:\/\/lacasadelleartiste.it\/index.php?rest_route=\/wp\/v2\/media\/2357"}],"wp:attachment":[{"href":"https:\/\/lacasadelleartiste.it\/index.php?rest_route=%2Fwp%2Fv2%2Fmedia&parent=2356"}],"wp:term":[{"taxonomy":"category","embeddable":true,"href":"https:\/\/lacasadelleartiste.it\/index.php?rest_route=%2Fwp%2Fv2%2Fcategories&post=2356"},{"taxonomy":"post_tag","embeddable":true,"href":"https:\/\/lacasadelleartiste.it\/index.php?rest_route=%2Fwp%2Fv2%2Ftags&post=2356"}],"curies":[{"name":"wp","href":"https:\/\/api.w.org\/{rel}","templated":true}]}}