{"id":2320,"date":"2018-02-05T22:25:34","date_gmt":"2018-02-05T21:25:34","guid":{"rendered":"http:\/\/spazioaldamerini.org\/?p=2320"},"modified":"2018-02-05T22:25:34","modified_gmt":"2018-02-05T21:25:34","slug":"27-2-18-quo-vadis-la-milano-di-mario-corrieri-esposizione-e-vernisssage","status":"publish","type":"post","link":"https:\/\/lacasadelleartiste.it\/?p=2320","title":{"rendered":"27 2 18 \u00abQuo vadis?\u00bb La Milano di Mario Corrieri &#8211; esposizione e vernisssage"},"content":{"rendered":"<p><a href=\"https:\/\/spazioaldamerinidotorg.files.wordpress.com\/2018\/02\/loc-corrieri-web-ok.jpg\"><img loading=\"lazy\" class=\"alignnone size-large wp-image-2321\" src=\"https:\/\/spazioaldamerinidotorg.files.wordpress.com\/2018\/02\/loc-corrieri-web-ok.jpg?w=677\" alt=\"\" width=\"677\" height=\"1024\" \/><\/a><\/p>\n<p>&nbsp;<\/p>\n<p>27 febbraio 2018 &#8211; ore 18.30<\/p>\n<p>Inaugurazione dell&#8217;esposizione pittorica<\/p>\n<h3>QUO VADIS?\u00a0 La Milano di Mario Corrieri<\/h3>\n<p>La mostra sar\u00e0 visitabile fino al 11 marzo 2018<\/p>\n<p>&nbsp;<\/p>\n<p>https:\/\/www.corrierimario.com\/<\/p>\n<p>Mario Corrieri nasce a Messina nel 1949. Dopo gli studi superiori al Conservatorio di Milano si dedica per molti anni all&#8217;attivit\u00e0 musicale. Scopre nella sua giovinezza la passione per la pittura e approda quindi definitivamente alla professione di pittore. Vive e lavora a Milano ma si afferma su tutto il territorio nazionale con la realizzazione di paesaggi di campagna e paesaggi urbani. La campagna ritratta da Mario Corrieri \u00e8 quella lombarda, sia nell\u2019esplosione di vita primaverile (papaveri, girasoli, distese di lavanda) sia focalizzata nei luoghi dove le risaie, i ruscelli e la vegetazione rigogliosa sono protagonisti. Con il trasferimento in citt\u00e0 prendono vita anche i paesaggi urbani, che risentono della passione di Mario Corrieri per la fotografia. Questo ulteriore talento spinge il il pittore a soffermarsi sulle vedute periferiche, sugli scorci illuminati da lampioni o colorati dalla luce crepuscolare della Milano pi\u00f9 interessante che Mario Corrieri riporta poi nei suoi quadri. La tecnica di entrambi i paesaggi \u00e8 olio su tela, cos\u00ec come l\u2019utilizzo di tinte forti e il realismo delle vedute, esaltati in tutta la produzione artistica dell\u2019autore. Hanno scritto di lui: Duccio Trombadori, Giorgio Seveso, Vittore Castiglioni, Mario Micozzi, Gianfranco Ravasi, Giuliana Scim\u00e8.<\/p>\n","protected":false},"excerpt":{"rendered":"<p>&nbsp; 27 febbraio 2018 &#8211; ore 18.30 Inaugurazione dell&#8217;esposizione pittorica QUO VADIS?\u00a0 La Milano di Mario Corrieri La mostra sar\u00e0 visitabile fino al 11 marzo 2018 &nbsp; https:\/\/www.corrierimario.com\/ Mario Corrieri nasce a Messina nel 1949. Dopo gli studi superiori al Conservatorio di Milano si dedica per molti anni all&#8217;attivit\u00e0 musicale. Scopre nella sua giovinezza la [&hellip;]<\/p>\n","protected":false},"author":1,"featured_media":2321,"comment_status":"open","ping_status":"open","sticky":false,"template":"","format":"standard","meta":[],"categories":[16],"tags":[29],"_links":{"self":[{"href":"https:\/\/lacasadelleartiste.it\/index.php?rest_route=\/wp\/v2\/posts\/2320"}],"collection":[{"href":"https:\/\/lacasadelleartiste.it\/index.php?rest_route=\/wp\/v2\/posts"}],"about":[{"href":"https:\/\/lacasadelleartiste.it\/index.php?rest_route=\/wp\/v2\/types\/post"}],"author":[{"embeddable":true,"href":"https:\/\/lacasadelleartiste.it\/index.php?rest_route=\/wp\/v2\/users\/1"}],"replies":[{"embeddable":true,"href":"https:\/\/lacasadelleartiste.it\/index.php?rest_route=%2Fwp%2Fv2%2Fcomments&post=2320"}],"version-history":[{"count":0,"href":"https:\/\/lacasadelleartiste.it\/index.php?rest_route=\/wp\/v2\/posts\/2320\/revisions"}],"wp:featuredmedia":[{"embeddable":true,"href":"https:\/\/lacasadelleartiste.it\/index.php?rest_route=\/wp\/v2\/media\/2321"}],"wp:attachment":[{"href":"https:\/\/lacasadelleartiste.it\/index.php?rest_route=%2Fwp%2Fv2%2Fmedia&parent=2320"}],"wp:term":[{"taxonomy":"category","embeddable":true,"href":"https:\/\/lacasadelleartiste.it\/index.php?rest_route=%2Fwp%2Fv2%2Fcategories&post=2320"},{"taxonomy":"post_tag","embeddable":true,"href":"https:\/\/lacasadelleartiste.it\/index.php?rest_route=%2Fwp%2Fv2%2Ftags&post=2320"}],"curies":[{"name":"wp","href":"https:\/\/api.w.org\/{rel}","templated":true}]}}