{"id":2297,"date":"2018-01-29T23:47:52","date_gmt":"2018-01-29T22:47:52","guid":{"rendered":"http:\/\/spazioaldamerini.org\/?p=2297"},"modified":"2018-01-29T23:47:52","modified_gmt":"2018-01-29T22:47:52","slug":"21-2-18-lautismo-non-e-una-malattia","status":"publish","type":"post","link":"https:\/\/lacasadelleartiste.it\/?p=2297","title":{"rendered":"21 2 18 L&#8217;autismo non \u00e8 una malattia!"},"content":{"rendered":"<p><a href=\"https:\/\/spazioaldamerinidotorg.files.wordpress.com\/2018\/01\/miao-21-2-18-casa-merini-sm.jpg\"><img loading=\"lazy\" class=\"alignnone size-full wp-image-2298\" src=\"https:\/\/spazioaldamerinidotorg.files.wordpress.com\/2018\/01\/miao-21-2-18-casa-merini-sm.jpg\" alt=\"\" width=\"595\" height=\"842\" \/><\/a><\/p>\n<p><strong><u>In occasione della GIORNATA MONDIALE DELLA SINDROME DI ASPERGER <\/u><\/strong>\u202a<\/p>\n<p><strong><u>Mercoled\u00ec 21 febbraio 2018 \u2013 ore 18.30<\/u><\/strong><\/p>\n<p><strong><u>\u00a0<\/u><\/strong><\/p>\n<h3><strong><u>L\u2019AUTISMO NON \u00c8 UNA MALATTIA<\/u><\/strong><\/h3>\n<p>Presentazione del libro \u00ab<strong>Miaooo! La mia vita a quattro\u2026 ops\u2026 due zampe \u2013 Autobiografia di una ragazza autistica ad alto funzionamento<\/strong>\u00bb di Cristina Balzaretti e Thi Dung Giada Barzaghi (<a href=\"http:\/\/www.lavitafelice.it\/scheda-libro\/cristina-balzaretti-thi-dung-giada-barzaghi\/miaooo-la-mia-vita-a-quattro-ops-due-zampe-9788877997609-312573.html\">ed La Vita Felice, 2015<\/a>)<\/p>\n<p>Non esiste al momento attuale una pubblicazione di questo genere.<br \/>\n\u00c8 un libro unico perch\u00e9 \u00e8 la prima volta che una ragazzina di tredici anni, autistica ad alto funzionamento, scrive una autobiografia, dedicata soprattutto ai bambini e ai ragazzi per conoscere meglio questo particolare modo di percepire, essere e stare nella realt\u00e0 e nel mondo.<\/p>\n<p>Saranno presenti le autrici:<\/p>\n<p><strong>Cristina Balzaretti<\/strong>, insegnante e pedagogista ANPE, esperta in pedagogia dell&#8217;inclusione e delle marginalit\u00e0;<\/p>\n<p><strong>Thi Dung Giada Barzagh<\/strong>i;<\/p>\n<p><strong>Cristina De Faveri<\/strong>, mamma di Giada;<\/p>\n<p><strong>Simona Ravera<\/strong>, psicologa e psicoterapeuta, esperta di autismo.<\/p>\n<p>&nbsp;<\/p>\n<p>Il 18 Febbraio ricorre l\u2019anniversario della nascita di Hans Asperger, medico austriaco che per primo osserv\u00f2 delle caratteristiche comuni in alcuni bambini. Oggi dopo 110 anni queste caratteristiche prendono il nome di Sindrome di Asperger e quei bambini, sono bambini o persone asperger. La Sindrome di Asperger \u00e8 oggi inquadrata nei disturbi dello spettro autistico \u2013 \u201cspettro\u201d in quanto ha infinite sfumature e si manifesta in modi (o funzionamenti) molto differenti tra loro.<\/p>\n<p>&nbsp;<\/p>\n","protected":false},"excerpt":{"rendered":"<p>In occasione della GIORNATA MONDIALE DELLA SINDROME DI ASPERGER \u202a Mercoled\u00ec 21 febbraio 2018 \u2013 ore 18.30 \u00a0 L\u2019AUTISMO NON \u00c8 UNA MALATTIA Presentazione del libro \u00abMiaooo! La mia vita a quattro\u2026 ops\u2026 due zampe \u2013 Autobiografia di una ragazza autistica ad alto funzionamento\u00bb di Cristina Balzaretti e Thi Dung Giada Barzaghi (ed La Vita [&hellip;]<\/p>\n","protected":false},"author":1,"featured_media":2298,"comment_status":"open","ping_status":"open","sticky":false,"template":"","format":"standard","meta":[],"categories":[20],"tags":[29],"_links":{"self":[{"href":"https:\/\/lacasadelleartiste.it\/index.php?rest_route=\/wp\/v2\/posts\/2297"}],"collection":[{"href":"https:\/\/lacasadelleartiste.it\/index.php?rest_route=\/wp\/v2\/posts"}],"about":[{"href":"https:\/\/lacasadelleartiste.it\/index.php?rest_route=\/wp\/v2\/types\/post"}],"author":[{"embeddable":true,"href":"https:\/\/lacasadelleartiste.it\/index.php?rest_route=\/wp\/v2\/users\/1"}],"replies":[{"embeddable":true,"href":"https:\/\/lacasadelleartiste.it\/index.php?rest_route=%2Fwp%2Fv2%2Fcomments&post=2297"}],"version-history":[{"count":0,"href":"https:\/\/lacasadelleartiste.it\/index.php?rest_route=\/wp\/v2\/posts\/2297\/revisions"}],"wp:featuredmedia":[{"embeddable":true,"href":"https:\/\/lacasadelleartiste.it\/index.php?rest_route=\/wp\/v2\/media\/2298"}],"wp:attachment":[{"href":"https:\/\/lacasadelleartiste.it\/index.php?rest_route=%2Fwp%2Fv2%2Fmedia&parent=2297"}],"wp:term":[{"taxonomy":"category","embeddable":true,"href":"https:\/\/lacasadelleartiste.it\/index.php?rest_route=%2Fwp%2Fv2%2Fcategories&post=2297"},{"taxonomy":"post_tag","embeddable":true,"href":"https:\/\/lacasadelleartiste.it\/index.php?rest_route=%2Fwp%2Fv2%2Ftags&post=2297"}],"curies":[{"name":"wp","href":"https:\/\/api.w.org\/{rel}","templated":true}]}}