{"id":2274,"date":"2018-01-26T01:35:26","date_gmt":"2018-01-26T00:35:26","guid":{"rendered":"http:\/\/spazioaldamerini.org\/?p=2274"},"modified":"2018-01-26T01:35:26","modified_gmt":"2018-01-26T00:35:26","slug":"7-2-18-invito-con-gioco-al-giardino-della-poesia-ospite-ada-crippa","status":"publish","type":"post","link":"https:\/\/lacasadelleartiste.it\/?p=2274","title":{"rendered":"7 2 18 Invito con gioco al Giardino della poesia. Ospite: Ada Crippa"},"content":{"rendered":"<p><a href=\"https:\/\/spazioaldamerinidotorg.files.wordpress.com\/2018\/01\/giardino-poesia_crippa-web.jpg\"><img loading=\"lazy\" class=\"alignnone size-full wp-image-2275\" src=\"https:\/\/spazioaldamerinidotorg.files.wordpress.com\/2018\/01\/giardino-poesia_crippa-web.jpg\" alt=\"\" width=\"595\" height=\"842\" \/><\/a><\/p>\n<p>Il Giardino della Poesia, incontro settimanale del mercoled\u00ec a cura di Barbara Bonazzi e Gianfranco Carpine, avvia <strong>INVITO CON GIOCO<\/strong>: il primo mercoled\u00ec di ogni mese verr\u00e0 invitato un ospite con cui &#8220;giocare&#8221; in poesia.<\/p>\n<p>Il 7 febbraio 2018, alle ore 20.00 <strong>ADA CRIPPA<\/strong> sar\u00e0 la gradita ospite.<\/p>\n<p>L&#8217;incontro \u00e8 aperto cos\u00ec come il buffet per la consumazione solidale.<\/p>\n<p>&nbsp;<\/p>\n<p><a href=\"https:\/\/spazioaldamerinidotorg.files.wordpress.com\/2018\/01\/ada.jpg\"><img loading=\"lazy\" class=\"alignnone  wp-image-2276\" src=\"https:\/\/spazioaldamerinidotorg.files.wordpress.com\/2018\/01\/ada.jpg\" alt=\"\" width=\"418\" height=\"418\" \/><\/a><\/p>\n<p>Ada Crippa\u00a0 \u00e8 nata ad Agrate Brianza (MB) dove tuttora vive.<br \/>\nEx operaia, ha iniziato a scrivere poesia sin dall\u2019infanzia.<\/p>\n<p>Pubblicazioni di poesia:<\/p>\n<p><em>Antimenti,<\/em> raccolta antologica a tre voci (con Corrado Accordino e Dario Pardes Roques) pubblicata in proprio nel 1989;<em> Vele<\/em> (LietoColle, 2007); <em>Acqualuna<\/em> (Onirica Edizioni, 2011); Eco di neve (La Vita Felice, 2014); Tra l&#8217;aria senza forme (Caosfera, 2016); le plaquette Pulcinoelefante di A. Casiraghi <em>Libero suono<\/em> (2004) e <em>Albero<\/em> (2005).<\/p>\n<p>\u00c8 presente in diverse antologie tra le quali: <em>Ti bacio in bocca, Luce e notte, Corale per opera prima, Milano verso Roma, Il segreto delle fragole, Verba Agrestia<\/em> (LietoColle); <em>Poeti Lombard<\/em>i (Giulio Perrone Editore, 2006); <em>Donne si raccontano<\/em>, antologia per l\u2019otto marzo 2005\/6\/7\/8 (Ed. Santoro); <em>Kronos<\/em> (Onirica Ed., 2013); <em>Carovana dei versi<\/em> 2011\/12\/13 di Abrigliasciolta; <em>(S)frutta il Segno<\/em> (La Vita Felice, 2012); <em>Haiku \u2013 tra paralleli e meridiani<\/em> (FusibiliaLibri, 2013); <em>Caro Bastardo ti scrivo \u2013 storie di male e miele<\/em> (FusibiliaLibri, 2013); <em>IncastRimeTrici<\/em> (Arcipelago edizioni, 2013).<br \/>\nHa ottenuto diversi primi posti in concorsi letterari, finalista in \u00abPoesia di Strada\u00bb 2012 e segnalazioni di merito tra i quali \u00abLe voci della Luna\u00bb 2010.<\/p>\n<p>&nbsp;<\/p>\n","protected":false},"excerpt":{"rendered":"<p>Il Giardino della Poesia, incontro settimanale del mercoled\u00ec a cura di Barbara Bonazzi e Gianfranco Carpine, avvia INVITO CON GIOCO: il primo mercoled\u00ec di ogni mese verr\u00e0 invitato un ospite con cui &#8220;giocare&#8221; in poesia. Il 7 febbraio 2018, alle ore 20.00 ADA CRIPPA sar\u00e0 la gradita ospite. L&#8217;incontro \u00e8 aperto cos\u00ec come il buffet [&hellip;]<\/p>\n","protected":false},"author":1,"featured_media":2275,"comment_status":"open","ping_status":"open","sticky":false,"template":"","format":"standard","meta":[],"categories":[10],"tags":[29],"_links":{"self":[{"href":"https:\/\/lacasadelleartiste.it\/index.php?rest_route=\/wp\/v2\/posts\/2274"}],"collection":[{"href":"https:\/\/lacasadelleartiste.it\/index.php?rest_route=\/wp\/v2\/posts"}],"about":[{"href":"https:\/\/lacasadelleartiste.it\/index.php?rest_route=\/wp\/v2\/types\/post"}],"author":[{"embeddable":true,"href":"https:\/\/lacasadelleartiste.it\/index.php?rest_route=\/wp\/v2\/users\/1"}],"replies":[{"embeddable":true,"href":"https:\/\/lacasadelleartiste.it\/index.php?rest_route=%2Fwp%2Fv2%2Fcomments&post=2274"}],"version-history":[{"count":0,"href":"https:\/\/lacasadelleartiste.it\/index.php?rest_route=\/wp\/v2\/posts\/2274\/revisions"}],"wp:featuredmedia":[{"embeddable":true,"href":"https:\/\/lacasadelleartiste.it\/index.php?rest_route=\/wp\/v2\/media\/2275"}],"wp:attachment":[{"href":"https:\/\/lacasadelleartiste.it\/index.php?rest_route=%2Fwp%2Fv2%2Fmedia&parent=2274"}],"wp:term":[{"taxonomy":"category","embeddable":true,"href":"https:\/\/lacasadelleartiste.it\/index.php?rest_route=%2Fwp%2Fv2%2Fcategories&post=2274"},{"taxonomy":"post_tag","embeddable":true,"href":"https:\/\/lacasadelleartiste.it\/index.php?rest_route=%2Fwp%2Fv2%2Ftags&post=2274"}],"curies":[{"name":"wp","href":"https:\/\/api.w.org\/{rel}","templated":true}]}}