{"id":2243,"date":"2018-01-18T20:53:35","date_gmt":"2018-01-18T19:53:35","guid":{"rendered":"http:\/\/spazioaldamerini.org\/?p=2243"},"modified":"2018-01-18T20:53:35","modified_gmt":"2018-01-18T19:53:35","slug":"26-1-18-la-crudelta-dei-deboli-premessa-di-un-lager-di-luca-artioli","status":"publish","type":"post","link":"https:\/\/lacasadelleartiste.it\/?p=2243","title":{"rendered":"26 1 18 \u00abLa crudelt\u00e0 dei deboli &#8211; premessa di un lager\u00bb di Luca Artioli"},"content":{"rendered":"<p><a href=\"https:\/\/spazioaldamerinidotorg.files.wordpress.com\/2018\/01\/artioli-loc-web.jpg\"><img loading=\"lazy\" class=\"alignnone size-full wp-image-2244\" src=\"https:\/\/spazioaldamerinidotorg.files.wordpress.com\/2018\/01\/artioli-loc-web.jpg\" alt=\"\" width=\"595\" height=\"842\" \/><\/a><\/p>\n<p>&nbsp;<\/p>\n<p>In occasione della Giornata della Memoria, presentazione del libro di poesie di Luca Artioli<\/p>\n<h3>La crudelt\u00e0 dei deboli &#8211; premessa di un lager<\/h3>\n<p>(<a href=\"http:\/\/poesia.lavitafelice.it\/scheda-libro\/luca-artioli\/la-crudelta-dei-deboli-9788893461054-399317.html\">ed. la Vita Felice, 2016<\/a>)<\/p>\n<p>Diana Battaggia in dialogo con l&#8217;autore<\/p>\n<p>&nbsp;<\/p>\n<div><strong>Nota dell&#8217;autore<\/p>\n<p><\/strong><\/div>\n<div>Sono ormai passati pi\u00f9 di settant\u2019anni dalla fine della Seconda Guerra Mondiale e la storia sta lentamente accogliendo tra le sue braccia anche gli ultimi protagonisti di quel periodo, dove l\u2019uomo ha saputo dimostrare quanto possa essere violento e abominevole contro se stesso. Quando non ci saranno pi\u00f9 testimoni che potranno raccontare direttamente ci\u00f2 che \u00e8 avvenuto, inizier\u00e0 a emergerne il mito e i fatti potranno essere manipolati non appena le loro voci saranno sufficientemente lontane.<\/div>\n<div>La sacralizzazione, infatti, porta spesso con s\u00e9 un inganno, quello di svuotare di senso l\u2019evento per sostituirlo con un rituale, con un ricordo facilmente strumentalizzabile dalla politica, cos\u00ec come dai mass media.<\/div>\n<div>Che fare allora, se ricordare non basta?<\/div>\n<div>Quale approccio pu\u00f2 ritenersi corretto qualora si voglia affrontare tematiche afferenti al nazismo come l\u2019eugenetica e l\u2019eutanasia, senza inciampare nella facile retorica?<\/div>\n<div>La chiave interpretativa, a mio modo di vedere, sta nel sollecitare il lettore affinch\u00e9 possa compiere un\u2019analisi interiore completa, partendo innanzitutto dal restituire alla valenza storiografica dei fatti il suo ruolo imprescindibile e, successivamente, accettare la verit\u00e0 che quella stessa storia ci appartiene.<\/div>\n<div>Riconoscersi, dunque, non soltanto ricordare.<\/div>\n<div>Riconoscere che tutti noi siamo accomunati da un\u2019identit\u00e0 collettiva, dolente o nolente, che ha commesso ignobili efferatezze, sebbene non risultiamo esserne i diretti colpevoli.<\/div>\n<div>\u00c8 quindi questo l\u2019intento con cui ho deciso di dare alle stampe il libro: consegnare al lettore uno strumento che abbia la velleit\u00e0 di scuoterne la coscienza, che possa invitarlo ad assumere una posizione responsabile, stimolandolo a promuovere una propria rielaborazione critica.<\/div>\n<div>Mettere a nudo le contraddizioni che resero possibile quanto accaduto, infatti, potrebbe aiutarci a evitare che, un giorno non troppo lontano, questo avvenga nuovamente.<\/div>\n","protected":false},"excerpt":{"rendered":"<p>&nbsp; In occasione della Giornata della Memoria, presentazione del libro di poesie di Luca Artioli La crudelt\u00e0 dei deboli &#8211; premessa di un lager (ed. la Vita Felice, 2016) Diana Battaggia in dialogo con l&#8217;autore &nbsp; Nota dell&#8217;autore Sono ormai passati pi\u00f9 di settant\u2019anni dalla fine della Seconda Guerra Mondiale e la storia sta lentamente [&hellip;]<\/p>\n","protected":false},"author":1,"featured_media":2244,"comment_status":"open","ping_status":"open","sticky":false,"template":"","format":"standard","meta":[],"categories":[20],"tags":[29],"_links":{"self":[{"href":"https:\/\/lacasadelleartiste.it\/index.php?rest_route=\/wp\/v2\/posts\/2243"}],"collection":[{"href":"https:\/\/lacasadelleartiste.it\/index.php?rest_route=\/wp\/v2\/posts"}],"about":[{"href":"https:\/\/lacasadelleartiste.it\/index.php?rest_route=\/wp\/v2\/types\/post"}],"author":[{"embeddable":true,"href":"https:\/\/lacasadelleartiste.it\/index.php?rest_route=\/wp\/v2\/users\/1"}],"replies":[{"embeddable":true,"href":"https:\/\/lacasadelleartiste.it\/index.php?rest_route=%2Fwp%2Fv2%2Fcomments&post=2243"}],"version-history":[{"count":0,"href":"https:\/\/lacasadelleartiste.it\/index.php?rest_route=\/wp\/v2\/posts\/2243\/revisions"}],"wp:featuredmedia":[{"embeddable":true,"href":"https:\/\/lacasadelleartiste.it\/index.php?rest_route=\/wp\/v2\/media\/2244"}],"wp:attachment":[{"href":"https:\/\/lacasadelleartiste.it\/index.php?rest_route=%2Fwp%2Fv2%2Fmedia&parent=2243"}],"wp:term":[{"taxonomy":"category","embeddable":true,"href":"https:\/\/lacasadelleartiste.it\/index.php?rest_route=%2Fwp%2Fv2%2Fcategories&post=2243"},{"taxonomy":"post_tag","embeddable":true,"href":"https:\/\/lacasadelleartiste.it\/index.php?rest_route=%2Fwp%2Fv2%2Ftags&post=2243"}],"curies":[{"name":"wp","href":"https:\/\/api.w.org\/{rel}","templated":true}]}}