{"id":2196,"date":"2017-11-07T01:45:20","date_gmt":"2017-11-07T00:45:20","guid":{"rendered":"http:\/\/spazioaldamerini.org\/?p=2196"},"modified":"2017-11-07T01:45:20","modified_gmt":"2017-11-07T00:45:20","slug":"programma-eventi-dicembre-2017","status":"publish","type":"post","link":"https:\/\/lacasadelleartiste.it\/?p=2196","title":{"rendered":"Programma eventi dicembre 2017"},"content":{"rendered":"<p><a href=\"https:\/\/spazioaldamerinidotorg.files.wordpress.com\/2017\/11\/programma-dicembre-2017_def_1web.jpg\"><img loading=\"lazy\" class=\"alignnone size-full wp-image-2197\" src=\"https:\/\/spazioaldamerinidotorg.files.wordpress.com\/2017\/11\/programma-dicembre-2017_def_1web.jpg\" alt=\"\" width=\"595\" height=\"842\" \/><\/a><\/p>\n<p><a href=\"https:\/\/spazioaldamerinidotorg.files.wordpress.com\/2017\/11\/programma-dicembre-2017_def_2web.jpg\"><img loading=\"lazy\" class=\"alignnone size-full wp-image-2198\" src=\"https:\/\/spazioaldamerinidotorg.files.wordpress.com\/2017\/11\/programma-dicembre-2017_def_2web.jpg\" alt=\"\" width=\"595\" height=\"842\" \/><\/a><\/p>\n<p>&nbsp;<\/p>\n<p>Lo Spazio Alda Merini \u00e8 visitabile GRATUITAMENTE.<\/p>\n<p><strong>Orari di apertura:<\/strong><br \/>\nluned\u00ec: chiuso<br \/>\nmarted\u00ec: dalle 10.00 alle 13.00<br \/>\nmercoled\u00ec: dalle 10.00 alle 13.00 e dalle 20.00 alle 23.00<br \/>\ngioved\u00ec, venerd\u00ec, sabato e domenica dalle 17.00 alle 20.00.<\/p>\n<p><strong>CHIUSURA NATALIZIA<\/strong><\/p>\n<p>8 dicembre 2017 \u2013 CHIUSO<br \/>\ndal 23 al 27 dicembre e dal 30 al 3 gennaio CHIUSO (La Casa resta aperta il 28 e il 29 dicembre)<br \/>\n6 gennaio 2018 \u2013 CHIUSO<\/p>\n<p>&nbsp;<\/p>\n<p><strong>N.B. Per la conferma degli eventi indicati, suggeriamo di consultare il nostro sito <\/strong><a href=\"http:\/\/www.spazioaldamerini.org\"><strong>www.spazioaldamerini.org<\/strong><\/a><strong> in costante aggiornamento. \u00c8 sempre consigliata la prenotazione a <\/strong><a href=\"mailto:info@lacasadelleartiste.it\"><strong>info@lacasadelleartiste.it<\/strong><\/a><\/p>\n<p>&nbsp;<\/p>\n<p><strong>Tutti i mercoled\u00ec <\/strong>dalle ore 20.00: \u201cIl giardino di poesia \u2013 BarLab al Caff\u00e8 Letterario\u201d. Incontri aperti a poeti per la lettura e condivisione di propri testi, con incursioni musicali e canore. A cura di Barbara Bonazzi. <em>Ingresso gratuito \u2013 consumazione solidale.<\/em><\/p>\n<p>&nbsp;<\/p>\n<p><strong>Tutti i gioved\u00ec<\/strong> dalle ore 18.30: <strong>\u201c<\/strong>Atelier dell\u2019arte visiva\u201d. Per scambiare idee e progettazione nelle arti visive. A cura di Daniela Gilardoni. <em>Ingresso gratuito \u2013 consumazione solidale.<\/em><\/p>\n<p>&nbsp;<\/p>\n<p>Su prenotazione per gruppi di minimo 15 persone \u201cViaggio nel mondo di Alda Merini\u201d: notizie approfondite sulla vita e sulla poesia della Poetessa. A cura di Ave Comin (348.1022374).<\/p>\n<p>&nbsp;<\/p>\n<p><strong>1.12.17 ore 18.30<\/strong><\/p>\n<p>Massimo Pistoja con la raccolta poetica \u201cIl bacio che non ti ho mai dato\u201d; partecipa Edoardo Maffeo.<\/p>\n<p>&nbsp;<\/p>\n<p><strong>2.12.17 <\/strong>Nell\u2019ambito della rassegna \u201cL\u2019indifferenza dei buoni \u2013 Oltre la violenza\u201d:<\/p>\n<p>Ore 18.00 Inaugurazione della mostra collettiva di arti visive \u201cSeconda pelle\u201d, coordinata da Giuse Iannello. Il vernissage aprir\u00e0 con la performance teatrale \u201cLa pelle di Alda\u201d ideata da Giuse Iannello per la regia di Valerio Incerto. (La mostra sar\u00e0 visitabile fino al 9 dicembre)<\/p>\n<p>Ore 18.45 reading poetico performativo \u201cLa parola come seconda pelle\u201d; ideato da Agnese Coppola, con la partecipazione di poeti e degli studenti dell\u2019IIS Alessandrini di Abbiategrasso.<\/p>\n<p><strong>\u00a0<\/strong><\/p>\n<p><strong>3.12.17 ore 18.00<\/strong><\/p>\n<p>Presentazione del romanzo \u201cChiaro di Venere\u201d di Claudio Demurtas; relatore: Gianfranco Carpine.<\/p>\n<p><strong>\u00a0<\/strong><\/p>\n<p><strong>6.12.17 ore 18.30<\/strong><\/p>\n<p>Presentazione del romanzo di Agnese Coppola \u201cStrisce pedonali\u201d; relatore: Diana Battaggia.<\/p>\n<p><strong>\u00a0<\/strong><\/p>\n<p><strong>12.12.17 ore 18.30<\/strong><\/p>\n<p>\u00abUn 2\u00d712\u00bb Musica\/teatro con Martina Fragale e Giordano\u00a0Dall\u2019Armellina<\/p>\n<p><strong>\u00a0<\/strong><\/p>\n<p><strong>13 12 17 ore 18.30<\/strong><\/p>\n<p>Inaugurazione della mostra personale di Domenico Simonini. Lettura di poesie in dialetto sassolese di Emilio Rentocchini, tratte dalla raccolta \u201cLingua\u00a0Madre\u201d. La mostra sar\u00e0 visitabile fino al 7 gennaio 2018.<\/p>\n<p><strong>\u00a0<\/strong><\/p>\n<p><strong>15.12.17 ore 18.30<\/strong><\/p>\n<p>Presentazione del libro \u201cI colori della poesia\u201d di Luca Melzi; con Andrea Loddo e la pianista Maristella Mellera<\/p>\n<p><strong>\u00a0<\/strong><\/p>\n<p><strong>16.12.17 ore 17.30 <\/strong><\/p>\n<p>Presentazione dei libri \u201cNessuno mi vedr\u00e0 mai piangere\u201d di Laura Delpino e \u201cStati d\u2019animo\u201d di Luca Casella; con Marina Pratici.<\/p>\n<p><strong>\u00a0<\/strong><\/p>\n<p><strong>17.12.17 ore 17.30<\/strong><\/p>\n<p>Il Maestro Giovanni Nuti presenta il cofanetto \u201cAccarezzami musica \u2013 Il Canzoniere di Alda Merini\u201d. 6 CD, 1 DVD, 114 canzoni\u00a0di cui\u00a013 inedite, 21 brani\u00a0con la\u00a0voce recitante di Alda Merini, duetti di Giovanni Nuti\u00a0con\u00a029 artisti ospiti. Esecuzioni musicali dal vivo.<\/p>\n<p><strong>\u00a0<\/strong><\/p>\n<p><strong>\u00a0<\/strong><\/p>\n<p>**********<\/p>\n<p>Iscriviti e sostienici! Versa il tuo contributo sul conto \u201cLa casa delle Artiste\u201d mediante bonifico alle seguenti coordinate: IBAN: IT95F0339901600CC0010105128 presso Extrabanca Milano e diventa socio: con \u20ac 20,00 all\u2019anno potrai beneficiare di numerosi vantaggi <a href=\"https:\/\/spazioaldamerini.org\/2017\/01\/23\/campagna-tesseramento-2017-agevolazioni\/\">https:\/\/spazioaldamerini.org\/2017\/01\/23\/campagna-tesseramento-2017-agevolazioni\/<\/a><\/p>\n<p>&nbsp;<\/p>\n","protected":false},"excerpt":{"rendered":"<p>&nbsp; Lo Spazio Alda Merini \u00e8 visitabile GRATUITAMENTE. Orari di apertura: luned\u00ec: chiuso marted\u00ec: dalle 10.00 alle 13.00 mercoled\u00ec: dalle 10.00 alle 13.00 e dalle 20.00 alle 23.00 gioved\u00ec, venerd\u00ec, sabato e domenica dalle 17.00 alle 20.00. CHIUSURA NATALIZIA 8 dicembre 2017 \u2013 CHIUSO dal 23 al 27 dicembre e dal 30 al 3 gennaio [&hellip;]<\/p>\n","protected":false},"author":1,"featured_media":2197,"comment_status":"open","ping_status":"open","sticky":false,"template":"","format":"standard","meta":[],"categories":[7],"tags":[28],"_links":{"self":[{"href":"https:\/\/lacasadelleartiste.it\/index.php?rest_route=\/wp\/v2\/posts\/2196"}],"collection":[{"href":"https:\/\/lacasadelleartiste.it\/index.php?rest_route=\/wp\/v2\/posts"}],"about":[{"href":"https:\/\/lacasadelleartiste.it\/index.php?rest_route=\/wp\/v2\/types\/post"}],"author":[{"embeddable":true,"href":"https:\/\/lacasadelleartiste.it\/index.php?rest_route=\/wp\/v2\/users\/1"}],"replies":[{"embeddable":true,"href":"https:\/\/lacasadelleartiste.it\/index.php?rest_route=%2Fwp%2Fv2%2Fcomments&post=2196"}],"version-history":[{"count":0,"href":"https:\/\/lacasadelleartiste.it\/index.php?rest_route=\/wp\/v2\/posts\/2196\/revisions"}],"wp:featuredmedia":[{"embeddable":true,"href":"https:\/\/lacasadelleartiste.it\/index.php?rest_route=\/wp\/v2\/media\/2197"}],"wp:attachment":[{"href":"https:\/\/lacasadelleartiste.it\/index.php?rest_route=%2Fwp%2Fv2%2Fmedia&parent=2196"}],"wp:term":[{"taxonomy":"category","embeddable":true,"href":"https:\/\/lacasadelleartiste.it\/index.php?rest_route=%2Fwp%2Fv2%2Fcategories&post=2196"},{"taxonomy":"post_tag","embeddable":true,"href":"https:\/\/lacasadelleartiste.it\/index.php?rest_route=%2Fwp%2Fv2%2Ftags&post=2196"}],"curies":[{"name":"wp","href":"https:\/\/api.w.org\/{rel}","templated":true}]}}