{"id":2176,"date":"2017-11-07T02:22:52","date_gmt":"2017-11-07T01:22:52","guid":{"rendered":"http:\/\/spazioaldamerini.org\/?p=2176"},"modified":"2017-11-07T02:22:52","modified_gmt":"2017-11-07T01:22:52","slug":"3-12-17-claudio-demurtas-con-chiaro-di-venere","status":"publish","type":"post","link":"https:\/\/lacasadelleartiste.it\/?p=2176","title":{"rendered":"3 12 17 Claudio Demurtas con \u00abChiaro di Venere\u00bb"},"content":{"rendered":"<p><a href=\"https:\/\/spazioaldamerinidotorg.files.wordpress.com\/2017\/11\/img_5663.jpg\"><img loading=\"lazy\" class=\"alignnone size-large wp-image-2204\" src=\"https:\/\/spazioaldamerinidotorg.files.wordpress.com\/2017\/11\/img_5663.jpg?w=576\" alt=\"\" width=\"576\" height=\"1024\" \/><\/a><\/p>\n<p>ore 18.00<\/p>\n<h3>Presentazione del romanzo \u00abChiaro di Venere\u00bb di Claudio Demurtas; relatore Gianfranco Carpine.<\/h3>\n<p>Ingresso libero<\/p>\n<p>&nbsp;<\/p>\n<div class=\"field field-name-body field-type-text-with-summary field-label-hidden\">\n<div class=\"field-items\">\n<div class=\"field-item even\">\n<p>Dall\u2019atroce massacro nella piana delle Giare in Vietnam nel 1963, alla drammatica fine di Salvador Allende dieci anni pi\u00f9 tardi a opera di Pinochet, si dipana il filo della storia di Federico, una matricola universitaria di nome e di fatto che, sullo sfondo del suo amore tormentato per Luisella, confessa tutte le sue d\u00e9faillances sentimentali, politiche, sociali e religiose, ambientate in una Sardegna onirica, ma non per questo meno vera, che cela sotto nomi di fantasia paesaggi di Cagliari, Carbonia, Ilbono e della mitica Arbatax dalle rocce rosse.<\/p>\n<p>E questa matricola, disarmante e disarmata, cui non basta il papiro per affrancarsi dai luoghi comuni miserelli frutto per lo pi\u00f9 di pertinace mancanza d\u2019informazioni e di letture \u2013 all\u2019inizio dell\u2019anabasi la sua visione del mondo e delle cose era quasi tutta contenuta nelle cronache di calcio del &lt;&lt;Corriere delle Sport&gt;&gt; \u2013 capace per\u00f2 di critica e di autocritica, riuscir\u00e0 spandendo sudore e sofferenza a trovare se stesso, il mondo e gli altri e la vita e l\u2019amore attraverso vicende velate, a volte, da semplice ironia, a volte da umorismo o sberleffo amaro tout court, o camuffato talora da angoscia esistenziale vera e propria e maschera tragica.<\/p>\n<\/div>\n<\/div>\n<\/div>\n<div class=\"field field-name-field-note-autore field-type-text field-label-inline clearfix\">\n<div class=\"field-label\">Note sull&#8217;autore:<\/div>\n<div class=\"field-items\">\n<div class=\"field-item even\">\n<p><strong>Claudio Demurtas<\/strong> nasce nel 1942 a Mores in provincia di Sassari. I primi anni del dopoguerra li trascorre tra Ilbono presso i nonni paterni, Palermo dove vivono i nonni materni e Carbonia dove il padre si trasferisce per lavoro. Viene quindi a contatto con persone, lingua, ambienti diversi e talvolta incapaci di comunicare tra loro. Queste culture cos\u00ec lontane e portatrici di diversi valori sono fondamentali nella sua formazione e nella sua attivit\u00e0 di scrittore. Infatti, la mancanza di un\u2019identit\u00e0 legata a un territorio storicamente definito suscita in lui un\u2019angoscia esistenziale che \u00e8 la molla principale per la scrittura e nello stesso tempo gli permette di superare i limiti imposti dall\u2019ambiente mettendo ali all\u2019immaginario.<\/p>\n<p>Trasferitosi a Cagliari, consegue la maturit\u00e0 classica e si iscrive alla facolt\u00e0 di giurisprudenza pi\u00f9 per tradizione di famiglia che per vera attitudine agli studi giuridici. Dopo la laurea, conseguita nel 1967, accetta l\u2019incarico di assistente volontario del professore di Istituzioni di Diritto Romano che ha apprezzato la sua tesi, ma poi passa all\u2019insegnamento nella scuola media, attirato com&#8217;\u00e8 dalle problematiche giovanili che ha gi\u00e0 avuto modo di conoscere durante gli studi universitari. Insegna quindi Diritto ed Economia Politica per pi\u00f9 di 40 anni senza rimpianti e ripensamenti, avendo sempre come modello la scuola di Barbiana di don Milani. Inizia giovanissimo a scrivere poesie e testi per canzoni, e si avvicina al romanzo quasi per caso.<\/p>\n<p>Quattro i romanzi che ha scritto: <em>Chiaro di Venere, Via dei Misteri Gloriosi<\/em>, pubblicato da Todariana di Milano e che ha vinto il premio letterario Citt\u00e0 di Atella nel 1989 con un giuria presieduta da Domenico Rea (poi completamente rielaborato e diventato L\u2019altra met\u00e0 del cielo), <em>La mariposa<\/em>, pubblicato da Cocco di Cagliari, e <em>Uno sconosciuto amore<\/em>. Attualmente sta lavorando al quinto romanzo.<\/p>\n<\/div>\n<\/div>\n<\/div>\n","protected":false},"excerpt":{"rendered":"<p>ore 18.00 Presentazione del romanzo \u00abChiaro di Venere\u00bb di Claudio Demurtas; relatore Gianfranco Carpine. Ingresso libero &nbsp; Dall\u2019atroce massacro nella piana delle Giare in Vietnam nel 1963, alla drammatica fine di Salvador Allende dieci anni pi\u00f9 tardi a opera di Pinochet, si dipana il filo della storia di Federico, una matricola universitaria di nome e [&hellip;]<\/p>\n","protected":false},"author":1,"featured_media":2204,"comment_status":"open","ping_status":"open","sticky":false,"template":"","format":"standard","meta":[],"categories":[20],"tags":[28],"_links":{"self":[{"href":"https:\/\/lacasadelleartiste.it\/index.php?rest_route=\/wp\/v2\/posts\/2176"}],"collection":[{"href":"https:\/\/lacasadelleartiste.it\/index.php?rest_route=\/wp\/v2\/posts"}],"about":[{"href":"https:\/\/lacasadelleartiste.it\/index.php?rest_route=\/wp\/v2\/types\/post"}],"author":[{"embeddable":true,"href":"https:\/\/lacasadelleartiste.it\/index.php?rest_route=\/wp\/v2\/users\/1"}],"replies":[{"embeddable":true,"href":"https:\/\/lacasadelleartiste.it\/index.php?rest_route=%2Fwp%2Fv2%2Fcomments&post=2176"}],"version-history":[{"count":0,"href":"https:\/\/lacasadelleartiste.it\/index.php?rest_route=\/wp\/v2\/posts\/2176\/revisions"}],"wp:featuredmedia":[{"embeddable":true,"href":"https:\/\/lacasadelleartiste.it\/index.php?rest_route=\/wp\/v2\/media\/2204"}],"wp:attachment":[{"href":"https:\/\/lacasadelleartiste.it\/index.php?rest_route=%2Fwp%2Fv2%2Fmedia&parent=2176"}],"wp:term":[{"taxonomy":"category","embeddable":true,"href":"https:\/\/lacasadelleartiste.it\/index.php?rest_route=%2Fwp%2Fv2%2Fcategories&post=2176"},{"taxonomy":"post_tag","embeddable":true,"href":"https:\/\/lacasadelleartiste.it\/index.php?rest_route=%2Fwp%2Fv2%2Ftags&post=2176"}],"curies":[{"name":"wp","href":"https:\/\/api.w.org\/{rel}","templated":true}]}}