{"id":2147,"date":"2017-11-09T21:25:50","date_gmt":"2017-11-09T20:25:50","guid":{"rendered":"http:\/\/spazioaldamerini.org\/?p=2147"},"modified":"2017-11-09T21:25:50","modified_gmt":"2017-11-09T20:25:50","slug":"12-12-17-2x12-musica-teatro-con-martina-fragale-e-giordano-dallarmellina","status":"publish","type":"post","link":"https:\/\/lacasadelleartiste.it\/?p=2147","title":{"rendered":"12 12 17 \u00abUn 2&#215;12\u00bb Musica\/teatro con Martina Fragale e Giordano Dall\u2019Armellina"},"content":{"rendered":"<p><a href=\"https:\/\/spazioaldamerinidotorg.files.wordpress.com\/2017\/11\/dallarmellina-web.jpg\"><img loading=\"lazy\" class=\"alignnone wp-image-2148\" src=\"https:\/\/spazioaldamerinidotorg.files.wordpress.com\/2017\/11\/dallarmellina-web.jpg\" alt=\"\" width=\"489\" height=\"692\" \/><\/a><\/p>\n<p><strong>marted\u00ec 12 dicembre 2017 &#8211; ore 18.30<\/strong><\/p>\n<h2>Un 2&#215;12<\/h2>\n<table class=\"product_info\" border=\"0\" cellspacing=\"0\" cellpadding=\"0\">\n<tbody>\n<tr valign=\"top\">\n<td class=\"cell_1\"><\/td>\n<td class=\"cell_2\">\n<h3>12 racconti e 12 canzoni seguendo i binari del tram 2 a Milano<\/h3>\n<\/td>\n<\/tr>\n<\/tbody>\n<\/table>\n<p>Consumazione solidale \u20ac 8,00.<\/p>\n<p><span style=\"color:#0000ff;\">Prenotazioni via SMS a 335 8480412 indicando nome e 2&#215;12\u00a0 (no risposta vocale)<\/span><\/p>\n<p class=\"p2\"><strong>Milano sta cambiando. La vita vi pulsa frenetica ma dietro a questo fervore ci sono le esistenze della gente comune, ben evidenziate nei dodici racconti di Martina Fragale, che ci fa entrare nella fragilit\u00e0 e nella complessit\u00e0 dei personaggi pi\u00f9 vari che, per una ragione o per l\u2019altra, prendono il tram numero 2. \u00e8 attraverso quegli \u201cattori\u201d che l\u2019autrice ci descrive la Milano di oggi e di ieri guardando dai finestrini di un tram-teatro, che potremmo chiamare un <em>teatram<\/em>. Quando finiscono i racconti cominciano le canzoni e qui sta la novit\u00e0 assoluta di questo esperimento narrativo-musicale: infatti le dodici storie e le relative canzoni vanno intese come un tutt\u2019uno nel quale i due generi si completano a vicenda.<\/strong><\/p>\n<p class=\"p3\">Hanno partecipato al cd: Giordano Dall\u2019Armellina (voce e chitarra), Silvia Bozzeda (voce solista), Maurizio Deh\u00f2 (violino), Giampiero Nitti (organetto diatonico, fisarmonica, flauto e percussioni), Angelo Maffezzoli (flauto), Adriano Sangineto (arpa), Tiziano Menduto (fisarmonica), Gabriele Coltri (flauto e musette), Sandro Bramati (flauto), Danilo Bajocchi (basso, pianoforte e batteria). Inoltre, vi \u00e8 la partecipazione straordinaria di Claudio Fasoli (sax tenore) in <em>Capolinea<\/em>, canzone che ricorda lo storico locale di jazz dove aveva suonato, oltre a Fasoli stesso, anche Chet Baker.<\/p>\n<p class=\"p1\">I dodici racconti e i testi delle dodici canzoni di Martina Fragale compongono un mosaico bicromatico le cui tessere, pur avendo uno sfondo milanese, hanno un colore universale. Il tram stesso \u00e8 una metafora della vita che scorre e potrebbe calcare i binari di qualunque citt\u00e0. I riferimenti ai luoghi sono tutti milanesi ed \u00e8 a Milano che i personaggi devono rispondere con le loro rea-zioni e comportamenti che appartengono per\u00f2 a una umanit\u00e0 ferita e fragile in cui tutti, in vari modi, si possono riconoscere. Abbiamo scelto deliberatamente di scrivere dodici racconti con le relative canzoni poich\u00e9 nella cultura occidentale (e non solo) il dodici rappresenta l\u2019armonia e la pace. Da qui anche l\u2019idea per il titolo: \u00e8 un tram ideale e platonico che vorrebbe portare armonia nell\u2019incontro fra musica e parole.<\/p>\n<p>***<\/p>\n<p><strong>Martina Fragale<\/strong> \u00e8 giornalista e ghostwriter. Come autrice, ha scritto racconti per diverse antologie e nel 2013 ha pubblicato il romanzo <em>Chez Al\u00ec<\/em> (0111 Editore). Da sempre interessata a scoprire e coltivare nuovi sguardi sul paesaggio urbano, \u00e8 coautrice di <em>Re\/Search Milano<\/em> (una guida alla Milano underground edita da Agenzia X) e collabora con Gianni Biondillo al progetto <em>Sentieri Metropolitani<\/em>.<\/p>\n<p><strong>Giordano Dall\u2019Armellina<\/strong> (1950), musicista, saggista, ex insegnante di inglese, si occupa di canti narrativi (detti anche ballate) da pi\u00f9 di tre decenni. Facilitato dalla conoscenza di 5 lingue, ha potuto condurre ricerche nei pi\u00f9 importanti archivi europei per recuperare il nostro patrimonio comune europeo legato al canto popolare. Ha tenuto a tutt\u2019oggi pi\u00f9 di 1700 concerti e conferenze, in tutti e cinque i continenti, presso universit\u00e0, centri culturali, istituti di cultura, teatri, conservatori, folk-club e scuole. Ha pubblicato diversi articoli in riviste specializzate e saggi fra i quali Educazione letteraria e nuove tecnologie a cura di Paolo Balboni e in inglese Medieval British Ballads in a European Context. Collabora al momento con \u00abLineatrad\u00bb, la rivista on line di folk.<\/p>\n<p><a href=\"http:\/\/www.lavitafelice.it\/scheda-libro\/dallarmellina-giordano-martina-fragale\/un-2x12-9788893461733-465808.html\">Info sul volume + CD<\/a> (La Vita Felice, 2017)<\/p>\n","protected":false},"excerpt":{"rendered":"<p>marted\u00ec 12 dicembre 2017 &#8211; ore 18.30 Un 2&#215;12 12 racconti e 12 canzoni seguendo i binari del tram 2 a Milano Consumazione solidale \u20ac 8,00. Prenotazioni via SMS a 335 8480412 indicando nome e 2&#215;12\u00a0 (no risposta vocale) Milano sta cambiando. La vita vi pulsa frenetica ma dietro a questo fervore ci sono le [&hellip;]<\/p>\n","protected":false},"author":1,"featured_media":2148,"comment_status":"open","ping_status":"open","sticky":false,"template":"","format":"standard","meta":[],"categories":[7],"tags":[28,36],"_links":{"self":[{"href":"https:\/\/lacasadelleartiste.it\/index.php?rest_route=\/wp\/v2\/posts\/2147"}],"collection":[{"href":"https:\/\/lacasadelleartiste.it\/index.php?rest_route=\/wp\/v2\/posts"}],"about":[{"href":"https:\/\/lacasadelleartiste.it\/index.php?rest_route=\/wp\/v2\/types\/post"}],"author":[{"embeddable":true,"href":"https:\/\/lacasadelleartiste.it\/index.php?rest_route=\/wp\/v2\/users\/1"}],"replies":[{"embeddable":true,"href":"https:\/\/lacasadelleartiste.it\/index.php?rest_route=%2Fwp%2Fv2%2Fcomments&post=2147"}],"version-history":[{"count":0,"href":"https:\/\/lacasadelleartiste.it\/index.php?rest_route=\/wp\/v2\/posts\/2147\/revisions"}],"wp:featuredmedia":[{"embeddable":true,"href":"https:\/\/lacasadelleartiste.it\/index.php?rest_route=\/wp\/v2\/media\/2148"}],"wp:attachment":[{"href":"https:\/\/lacasadelleartiste.it\/index.php?rest_route=%2Fwp%2Fv2%2Fmedia&parent=2147"}],"wp:term":[{"taxonomy":"category","embeddable":true,"href":"https:\/\/lacasadelleartiste.it\/index.php?rest_route=%2Fwp%2Fv2%2Fcategories&post=2147"},{"taxonomy":"post_tag","embeddable":true,"href":"https:\/\/lacasadelleartiste.it\/index.php?rest_route=%2Fwp%2Fv2%2Ftags&post=2147"}],"curies":[{"name":"wp","href":"https:\/\/api.w.org\/{rel}","templated":true}]}}