{"id":2113,"date":"2017-11-07T02:01:27","date_gmt":"2017-11-07T01:01:27","guid":{"rendered":"http:\/\/spazioaldamerini.org\/?p=2113"},"modified":"2017-11-07T02:01:27","modified_gmt":"2017-11-07T01:01:27","slug":"2-12-17-seconda-pelle-esposizione-collettiva-di-arti-visive","status":"publish","type":"post","link":"https:\/\/lacasadelleartiste.it\/?p=2113","title":{"rendered":"2 12 17 SECONDA PELLE &#8211; esposizione collettiva di arti visive"},"content":{"rendered":"<p><a href=\"https:\/\/spazioaldamerinidotorg.files.wordpress.com\/2017\/11\/seconda-pelle-def-web.jpg\"><img loading=\"lazy\" class=\"alignnone size-full wp-image-2112\" src=\"https:\/\/spazioaldamerinidotorg.files.wordpress.com\/2017\/11\/seconda-pelle-def-web.jpg\" alt=\"\" width=\"595\" height=\"842\" \/><\/a><\/p>\n<p>Nell&#8217;ambito della rassegna &#8220;<a href=\"https:\/\/spazioaldamerini.org\/2017\/11\/06\/2111-9122017-rassegna-lindifferenza-dei-buoni-oltre-la-violenza\/\">L&#8217;indifferenza dei buoni &#8211; Oltre la violenza<\/a>&#8221;<\/p>\n<p><strong>2 dicembre 2017 ore 18.00<\/strong><\/p>\n<h3>Inaugurazione della mostra collettiva di arti visive\u00a0 &#8220;SECONDA PELLE&#8221;<\/h3>\n<p>In quanti modi si pu\u00f2 interpretare un tema? Sono infiniti gli stili, le tecniche, le idee che possono nascere e svilupparsi da una parola, da un input.<br \/>\nAvremo modo di verificarlo una volta di pi\u00f9 durante questa collettiva di arti visive, nata intorno alla parola PELLE, attraverso dipinti, fotografie, sculture, installazioni, performance.<br \/>\nLa pelle non \u00e8 solo involucro che racchiude e separa (un corpo o qualsiasi altro essere vivente), ma \u00e8 anche luogo privilegiato e fragile in cui le emozioni e la comunicazione si manifestano, interagendo con il mondo esterno.<br \/>\nIl critico di fotografia e poeta Enrico Prada dice cos\u00ec nell\u2019introduzione al catalogo della prima edizione di PELLE:<\/p>\n<p>\u201c Pelle. Sostantivo femminile. In senso generico: organo di rivestimento esterno del corpo dell\u2019uomo o degli animali. Ma pelle non \u00e8 solo involucro o scafandro per muscoli e ossa. Pelle \u00e8 anche luogo e strumento.<\/p>\n<p>Pelle \u00e8 strumento del tatto, il senso, tra i cinque, che dispensa sensazioni che hanno doppio movimento: in uscita (io tocco), in entrata (io sono toccato). Accarezzo, sono accarezzato.<br \/>\nPelle \u00e8 strumento di esperienza e conoscenza: <em>l\u2019ho vissuto sulla mia pelle<\/em>, recita il vocabolario. O strumento di istinto: non so spiegarlo, ma quella persona, <em>a pelle<\/em>, <em>mi piace\/non mi piace<\/em>.<\/p>\n<p>Pelle \u00e8 maestra: ci insegna il caldo, il freddo, in tutte le loro sfumature di tepore o gelo.<\/p>\n<p>Pelle \u00e8 luogo emotivo. Nel piacere: quella musica mi ha fatto venire<em> la pelle d\u2019oca <\/em>o nell\u2019orrore: una scena da far <em>accapponare la pelle<\/em>.<\/p>\n<p>Pelle \u00e8 luogo di colori. Arrossisce per timidezza, imbarazzo, collera. Imbrunisce con il sole, arando i campi o pescando in mare. Sbianca di paura o malattia; si fa cianotica per asfissia o congelamento; a tempo scaduto prende il pallore mortale della fine.<\/p>\n<p>Pelle \u00e8 luogo di piacere: canta e freme sotto carezze e abbracci. O al contatto di labbra dischiuse.<\/p>\n<p>Pelle \u00e8 luogo di discordia. Lo sanno i nativi d\u2019America, che gli Yankees chiamavano <em>pellerossa.<\/em> Basta che la pelle sia olivastra o nera o gialla o bianca per scatenare odio,\u00a0 violenza e diventare luogo di martirio: ferite, torture, mutilazioni infami.<br \/>\nPelle \u00e8 luogo della Memoria. Quella ancestrale e atavica di quando, immersi nell\u2019acqua, ritroviamo il piacere di essere stati pesci o feti. Quella quotidiana, quando le nostre rughe ci ricordano le nostre fatiche o i dispiaceri.<\/p>\n<p>Pelle \u00e8 un libro, cronaca del Tempo che scrive il nostro corpo: incanutisce i capelli, riempie di macchie mani e braccia, lascia cadere i seni e affloscia i muscoli.<\/p>\n<p>Anche la Terra \u00e8 Pelle. Con i suoi campi, erbe, monti, acque, sentieri e strade. Pelle che calpestiamo o navighiamo tutti i giorni.<\/p>\n<p>Pelle. Sostantivo femminile. In senso generico: organo di rivestimento esterno del corpo dell\u2019uomo o degli animali. Ma pelle non \u00e8 solo involucro o scafandro per muscoli e ossa. Pelle \u00e8 anche ci\u00f2 di cui \u00e8 rivestita la nostra anima.\u201d<br \/>\nGli Artisti che hanno accettato di interpretare questo tema sono:<\/p>\n<p style=\"margin:0;margin-bottom:.0001pt;\">&#8211; ANDROS<\/p>\n<p style=\"margin:0;margin-bottom:.0001pt;\">&#8211; NICOLETTA CANDIANI<\/p>\n<p style=\"margin:0;margin-bottom:.0001pt;\">&#8211; CRISTINA DI NAPOLI<\/p>\n<p style=\"margin:0;margin-bottom:.0001pt;\">&#8211; EVUZ ART<br \/>\n&#8211; GIUSE IANNELLO<\/p>\n<p style=\"margin:0;margin-bottom:.0001pt;\">&#8211; LORENZO LUCATELLI<\/p>\n<p style=\"margin:0;margin-bottom:.0001pt;\">&#8211; IOLE OLIVA<\/p>\n<p style=\"margin:0;margin-bottom:.0001pt;\">&#8211; NICOLA PALERMO<\/p>\n<p style=\"margin:0;margin-bottom:.0001pt;\">&#8211; AGOSTINA PALLONE<br \/>\n&#8211; PIERANGELO RUSSO<\/p>\n<p style=\"margin:0;margin-bottom:.0001pt;\">&#8211; CONSUELO SALA<br \/>\n&#8211; ELISABETTA ERICA TAGLIABUE<\/p>\n<p style=\"margin:0;margin-bottom:.0001pt;\">&#8211; PAOLO VECCHI<\/p>\n<p>Il vernissage aprir\u00e0 con la performance teatrale &#8220;LA PELLE DI ALDA&#8221; ideata da Giuse Iannello per la regia di VALERIO INCERTO e la partecipazione degli attori Elisabetta Ubezio e Pietro Temporin.<br \/>\nSi tratta di \u201cun\u2019intervista impossibile\u201d alla poetessa Alda Merini, icona di resilienza umana e femminile sottoposta a ogni sorta di violenza e prevaricazione, risponder\u00e0 con le parole contenute nelle sue poesie a domande relative al tema pelle.<\/p>\n<p>Vernissage della mostra di arti visive \u201cSeconda pelle\u201d: sabato 2 Dicembre 2018- ore 18,00<\/p>\n<p>La mostra sar\u00e0 visitabile fino a sabato 9 dicembre- ore 20,00 con i seguenti orari:<\/p>\n<p>luned\u00ec: chiuso<br \/>\nmarted\u00ec<span class=\"text_exposed_show\">: dalle 10.00 alle 13.00<br \/>\nmercoled\u00ec: dalle 10.00 alle 13.00 e dalle 20.00 alle 23.00<br \/>\ngioved\u00ec, venerd\u00ec, sabato e domenica dalle 17.00 alle 20.00.<\/span><\/p>\n<p>&nbsp;<\/p>\n<p>&nbsp;<\/p>\n","protected":false},"excerpt":{"rendered":"<p>Nell&#8217;ambito della rassegna &#8220;L&#8217;indifferenza dei buoni &#8211; Oltre la violenza&#8221; 2 dicembre 2017 ore 18.00 Inaugurazione della mostra collettiva di arti visive\u00a0 &#8220;SECONDA PELLE&#8221; In quanti modi si pu\u00f2 interpretare un tema? Sono infiniti gli stili, le tecniche, le idee che possono nascere e svilupparsi da una parola, da un input. Avremo modo di verificarlo [&hellip;]<\/p>\n","protected":false},"author":1,"featured_media":2112,"comment_status":"open","ping_status":"open","sticky":false,"template":"","format":"standard","meta":[],"categories":[13,16],"tags":[28,38],"_links":{"self":[{"href":"https:\/\/lacasadelleartiste.it\/index.php?rest_route=\/wp\/v2\/posts\/2113"}],"collection":[{"href":"https:\/\/lacasadelleartiste.it\/index.php?rest_route=\/wp\/v2\/posts"}],"about":[{"href":"https:\/\/lacasadelleartiste.it\/index.php?rest_route=\/wp\/v2\/types\/post"}],"author":[{"embeddable":true,"href":"https:\/\/lacasadelleartiste.it\/index.php?rest_route=\/wp\/v2\/users\/1"}],"replies":[{"embeddable":true,"href":"https:\/\/lacasadelleartiste.it\/index.php?rest_route=%2Fwp%2Fv2%2Fcomments&post=2113"}],"version-history":[{"count":0,"href":"https:\/\/lacasadelleartiste.it\/index.php?rest_route=\/wp\/v2\/posts\/2113\/revisions"}],"wp:featuredmedia":[{"embeddable":true,"href":"https:\/\/lacasadelleartiste.it\/index.php?rest_route=\/wp\/v2\/media\/2112"}],"wp:attachment":[{"href":"https:\/\/lacasadelleartiste.it\/index.php?rest_route=%2Fwp%2Fv2%2Fmedia&parent=2113"}],"wp:term":[{"taxonomy":"category","embeddable":true,"href":"https:\/\/lacasadelleartiste.it\/index.php?rest_route=%2Fwp%2Fv2%2Fcategories&post=2113"},{"taxonomy":"post_tag","embeddable":true,"href":"https:\/\/lacasadelleartiste.it\/index.php?rest_route=%2Fwp%2Fv2%2Ftags&post=2113"}],"curies":[{"name":"wp","href":"https:\/\/api.w.org\/{rel}","templated":true}]}}