{"id":2090,"date":"2017-11-06T22:42:28","date_gmt":"2017-11-06T21:42:28","guid":{"rendered":"http:\/\/spazioaldamerini.org\/?p=2090"},"modified":"2017-11-06T22:42:28","modified_gmt":"2017-11-06T21:42:28","slug":"2111-9122017-rassegna-lindifferenza-dei-buoni-oltre-la-violenza","status":"publish","type":"post","link":"https:\/\/lacasadelleartiste.it\/?p=2090","title":{"rendered":"21\/11-9\/12\/2017 Rassegna L&#8217;INDIFFERENZA DEI BUONI &#8211; OLTRE LA VIOLENZA"},"content":{"rendered":"<p><a href=\"https:\/\/spazioaldamerinidotorg.files.wordpress.com\/2017\/11\/brochure-violenza-def-web1.jpg\"><img loading=\"lazy\" class=\"alignnone size-full wp-image-2125\" src=\"https:\/\/spazioaldamerinidotorg.files.wordpress.com\/2017\/11\/brochure-violenza-def-web1.jpg\" alt=\"\" width=\"595\" height=\"842\" \/><\/a><\/p>\n<p>&nbsp;<\/p>\n<p>Dopo aver sperimentato la vasta partecipazione e l\u2019interesse riscontrato verso la rassegna \u201c<a href=\"https:\/\/spazioaldamerini.org\/category\/voci-dal-silenzio-la-resilienza-delle-donne\/\">Voci dal silenzio \u2013 La resilienza delle donne<\/a>\u201d nel maggio 2017, La Casa delle Artiste rinnova la proposta sul tema della violenza di genere e promuove la nuova rassegna<\/p>\n<p><strong>\u00a0<\/strong><\/p>\n<h3 style=\"text-align:center;\"><strong>L\u2019INDIFFERENZA DEI BUONI \u2013 OLTRE LA VIOLENZA<\/strong><\/h3>\n<h3 style=\"text-align:center;\"><strong>21 novembre \u2013 9 dicembre 2017<\/strong><\/h3>\n<p><strong>\u00a0<\/strong><\/p>\n<p>Il titolo \u00e8 scelto per incunearsi in quello stato di insensibilit\u00e0 e disinteresse che sempre pi\u00f9 spesso accompagna i crimini di violenza, o comunque, anche le fasi precedenti ai femminicidi. Il vicino che \u201csente\u201d, l\u2019amica che \u201csa\u201d, il collega che \u201cvede\u201d gli ematomi, si chiudono in un silenzio omertoso; non compete loro nulla e si barricano dietro quella che \u00e8 la peggiore condizione personale e sociale: l\u2019indifferenza, quella per cui si crede di essere incontaminati, \u201cbuoni\u201d.<\/p>\n<p>Martin Luther King: \u00abCi\u00f2 che mi spaventa non \u00e8 la violenza dei cattivi; \u00e8 l&#8217;indifferenza dei buoni.\u00bb<\/p>\n<p><strong>\u00a0<\/strong><\/p>\n<p><strong>21 novembre<\/strong><\/p>\n<p><strong>Ore 17.30: <\/strong>inaugurazione dell\u2019esposizione artistica \u201c<a href=\"https:\/\/spazioaldamerini.org\/2017\/10\/24\/21-11-17-paradigma-esposizione-artistica-di-carla-sanguineti\/\"><strong>Paradigma<\/strong>\u201d<\/a> di Carla Sanguineti con opere dedicate alla realt\u00e0 storica della donna in relazione alla violenza e alla guerra. L\u2019esposizione continuer\u00e0 sino al 29 novembre.<\/p>\n<p><strong>\u00a0<\/strong><\/p>\n<p><strong>24 novembre<\/strong><\/p>\n<p><strong>Ore 21.00: <\/strong>\u201c<a href=\"https:\/\/spazioaldamerini.org\/2017\/11\/06\/24-11-17-bambole-rotte-pedagogia-dei-sentimenti-tra-musica-teatro\/\"><strong>Bambole rotte<\/strong><\/a>\u201d (teatro) &#8211; Pedagogia dei Sentimenti tra Musica &amp; Teatro<strong>; <\/strong>performance dell\u2019attrice Micaela Turrisi con il dott. Duilio Loi (criminologo forense) e Marika Adele Campisi (cantautrice).<\/p>\n<p>&nbsp;<\/p>\n<p><strong>25 novembre<\/strong><\/p>\n<p><strong>Ore 15.00\/16.30<\/strong>: Inaugurazione del \u201c<strong><a href=\"https:\/\/spazioaldamerini.org\/2017\/11\/06\/25-11-17-wall-of-dolls-muro-di-bambole-a-casa-merini\/\">Muro delle Bambole<\/a>\u201d<\/strong> con Jo Squillo. Anche Casa Merini accoglie l\u2019installazione artistica creata da <strong>Jo Squillo<\/strong>\u00a0divenuta simbolo contro i femminicidi e la violenza sulle donne.<\/p>\n<p>&nbsp;<\/p>\n<p><strong>27 novembre<\/strong><\/p>\n<p><strong>Ore 21.00:<\/strong> <strong>\u201c<a href=\"https:\/\/spazioaldamerini.org\/2017\/11\/07\/27-11-17-midnight-lora-della-donna-gatto\/\">Midnight, l&#8217;ora della donna gatto<\/a>\u201d <\/strong>performance artistica con danzatrici, attrici e percussioniste coordinate da Silvia Bani sul tema della condizione della donna, con particolare attenzione alla sua determinazione e identit\u00e0.<\/p>\n<p>&nbsp;<\/p>\n<p><strong>29 novembre<\/strong><\/p>\n<p><strong>Ore 18.00:<a href=\"https:\/\/spazioaldamerini.org\/2017\/11\/07\/29-11-17-il-figlicidio-correlazione-con-il-femminicidio\/\"> IL FIGLICIDIO<\/a><\/strong> &#8211; <strong>correlazione con il FEMMINICIDIO<\/strong><\/p>\n<p>Si parler\u00e0 di FIGLICIDIO in Italia partendo dalla\u00a0\u00a0triste storia di Federico, ucciso dal pap\u00e0 mentre era affidato agli assistenti sociali, e del collegamento\u00a0con il femminicidio\u00a0(Era il 25 febbraio del 2009. Federico doveva incontrare il pap\u00e0 all\u2019interno degli uffici degli assistenti sociali di San Donato Milanese nell\u2019ambito di un incontro protetto. All\u2019improvviso, il padre, un egiziano di 53 anni che aveva gi\u00e0\u00a0manifestato problemi di scarso equilibrio, approfittando dell\u2019assenza di chi doveva vegliare sul bambino,\u00a0ha estratto una pistola e <strong>ha ucciso il piccolo con un colpo alla nuca. Poi lo ha accoltellato e con la stessa lama si \u00e8 tagliato le vene e si \u00e8 ucciso<\/strong><strong>.\u00a0<\/strong>Un bimbo conteso. Aveva\u00a0appena 8 anni. Da una parte la mamma, <strong>Antonella Penati<\/strong> che aveva pi\u00f9 volte chiesto aiuto.)<br \/>\nL\u2019Ass.ne Federico nel cuore presenta inoltre\u00a0 il libro &#8220;<strong>I nostri bambini meritano di pi\u00f9&#8221;<\/strong> di Serenella Pignotti. Intervengono: Diana De Marchi &#8211;\u00a0Presidente Commissione Pari Opportunit\u00e0\u00a0e Diritti Civili &#8211;\u00a0Comune di Milano; Dott.ssa Maria Serenella Pignotti &#8211;\u00a0 Medico Pediatra Ospedale Meyer, Medico Legale e Vice Presidente Ass.Federico nel cuore onlus; Antonella Penati &#8211; Presidente Associazione Federico nel cuore Onlus.<\/p>\n<p>&nbsp;<\/p>\n<p><strong>2 dicembre<\/strong><\/p>\n<p>Vernissage di \u201c<a href=\"https:\/\/spazioaldamerini.org\/2017\/11\/07\/2-12-17-seconda-pelle-esposizione-collettiva-di-arti-visive\/\"><strong>Seconda pelle<\/strong><\/a>\u201d, esposizione collettiva di artisti coordinati da Giuse Iannello.<br \/>\nLa mostra rester\u00e0 visitabile fino a sabato 9 dicembre.<\/p>\n<p><strong>Ore 18.30:<\/strong> Inaugurazione e reading performativo \u201c<a href=\"https:\/\/spazioaldamerini.org\/2017\/11\/07\/2-12-17-la-parola-come-seconda-pelle-reading-performativo\/\"><strong>La parola come seconda pelle<\/strong><\/a>\u201d ideato da Agnese Coppola, con la partecipazione di poeti e degli studenti dell\u2019IIS Alessandrini di Abbiategrasso.<\/p>\n<p>&nbsp;<\/p>\n<p><strong>INGRESSO LIBERO per tutti gli eventi<\/strong><\/p>\n<p>&nbsp;<\/p>\n","protected":false},"excerpt":{"rendered":"<p>&nbsp; Dopo aver sperimentato la vasta partecipazione e l\u2019interesse riscontrato verso la rassegna \u201cVoci dal silenzio \u2013 La resilienza delle donne\u201d nel maggio 2017, La Casa delle Artiste rinnova la proposta sul tema della violenza di genere e promuove la nuova rassegna \u00a0 L\u2019INDIFFERENZA DEI BUONI \u2013 OLTRE LA VIOLENZA 21 novembre \u2013 9 dicembre [&hellip;]<\/p>\n","protected":false},"author":1,"featured_media":2125,"comment_status":"open","ping_status":"open","sticky":false,"template":"","format":"image","meta":[],"categories":[13],"tags":[28,38],"_links":{"self":[{"href":"https:\/\/lacasadelleartiste.it\/index.php?rest_route=\/wp\/v2\/posts\/2090"}],"collection":[{"href":"https:\/\/lacasadelleartiste.it\/index.php?rest_route=\/wp\/v2\/posts"}],"about":[{"href":"https:\/\/lacasadelleartiste.it\/index.php?rest_route=\/wp\/v2\/types\/post"}],"author":[{"embeddable":true,"href":"https:\/\/lacasadelleartiste.it\/index.php?rest_route=\/wp\/v2\/users\/1"}],"replies":[{"embeddable":true,"href":"https:\/\/lacasadelleartiste.it\/index.php?rest_route=%2Fwp%2Fv2%2Fcomments&post=2090"}],"version-history":[{"count":0,"href":"https:\/\/lacasadelleartiste.it\/index.php?rest_route=\/wp\/v2\/posts\/2090\/revisions"}],"wp:featuredmedia":[{"embeddable":true,"href":"https:\/\/lacasadelleartiste.it\/index.php?rest_route=\/wp\/v2\/media\/2125"}],"wp:attachment":[{"href":"https:\/\/lacasadelleartiste.it\/index.php?rest_route=%2Fwp%2Fv2%2Fmedia&parent=2090"}],"wp:term":[{"taxonomy":"category","embeddable":true,"href":"https:\/\/lacasadelleartiste.it\/index.php?rest_route=%2Fwp%2Fv2%2Fcategories&post=2090"},{"taxonomy":"post_tag","embeddable":true,"href":"https:\/\/lacasadelleartiste.it\/index.php?rest_route=%2Fwp%2Fv2%2Ftags&post=2090"}],"curies":[{"name":"wp","href":"https:\/\/api.w.org\/{rel}","templated":true}]}}