{"id":2058,"date":"2017-10-20T21:51:30","date_gmt":"2017-10-20T19:51:30","guid":{"rendered":"http:\/\/spazioaldamerini.org\/?p=2058"},"modified":"2017-10-20T21:51:30","modified_gmt":"2017-10-20T19:51:30","slug":"5-11-17-mamma-a-carico-mia-figlia-ha-novantanni-di-e-con-gianna-coletti-teatro","status":"publish","type":"post","link":"https:\/\/lacasadelleartiste.it\/?p=2058","title":{"rendered":"5 11 17 \u00abMamma a carico &#8211; Mia figlia ha novant&#8217;anni\u00bb di e con Gianna Coletti (teatro)"},"content":{"rendered":"<p><a href=\"https:\/\/spazioaldamerinidotorg.files.wordpress.com\/2017\/10\/mammma-a-carico-casa-merini-web1.jpg\"><img loading=\"lazy\" class=\"alignnone size-large wp-image-2063\" src=\"https:\/\/spazioaldamerinidotorg.files.wordpress.com\/2017\/10\/mammma-a-carico-casa-merini-web1.jpg?w=748\" alt=\"\" width=\"748\" height=\"441\" \/><\/a><\/p>\n<p>5 novembre 2017 &#8211; ore 21.00<\/p>\n<h3>MAMMA A CARICO &#8211; MIA FIGLIA HA NOVANT\u2019ANNI [prova antigenerale]<\/h3>\n<p>DI E CON GIANNA COLETTI<br \/>\nDRAMMATURGIA GIANNA COLETTI E GABRIELE SCOTTI<\/p>\n<p>REGIA GABRIELE SCOTTI<\/p>\n<p>CON ESTRATTI DEL FILM \u201cTRA CINQUE MINUTI IN SCENA\u201d<br \/>\nREGIA LAURA CHIOSSONE, PRODUZIONE ROSSOFILM E MAREMOSSO<\/p>\n<p>&nbsp;<\/p>\n<p>Ingresso libero<\/p>\n<p>&nbsp;<\/p>\n<p>MILANO, 28 OTT &#8211; Ci sono migliaia di donne e di famiglie che si prendono cura di un genitore non pi\u00f9 autonomo, eppure, nonostante sia un tema sempre pi\u00f9 attuale, se ne parla poco. La vecchiaia malmessa \u00e8 un tab\u00f9, su cui alza il velo il monologo &#8216;Mamma a carico &#8211; Mia figlia ha novant&#8217;anni&#8217; scritto e interpretato dall&#8217;attrice Gianna Coletti, che debutter\u00e0 il 10 novembre al Teatro Linguaggicreativi di via Villoresi, a Milano. Ironico e struggente, il monologo diretto da Gabriele Scotti \u00e8 tratto dal libro &#8216;Mamma a carico &#8211; Mia figlia ha novant&#8217;anni&#8217; scritto dalla stessa Gianna Coletti (edito da Einaudi nel 2015). Il testo \u00e8 incentrato sul rapporto tra una donna di cinquant&#8217;anni, Gianna, e una vecchia ribelle di novanta, cieca, che non cammina pi\u00f9 e ha la testa che ogni tanto va per conto suo. Quella vecchia \u00e8 Anna, la madre di Gianna. Tra uno scontro e l&#8217;altro, sensi di colpa, una risata, una cantata, un ricordo, si dipana il loro rapporto, gi\u00e0 al centro del film &#8221;Tra cinque minuti in scen\u00e0 di Laura Chiossone.<br \/>\n(ANSA)<\/p>\n<p>&nbsp;<\/p>\n<p>&nbsp;<\/p>\n","protected":false},"excerpt":{"rendered":"<p>5 novembre 2017 &#8211; ore 21.00 MAMMA A CARICO &#8211; MIA FIGLIA HA NOVANT\u2019ANNI [prova antigenerale] DI E CON GIANNA COLETTI DRAMMATURGIA GIANNA COLETTI E GABRIELE SCOTTI REGIA GABRIELE SCOTTI CON ESTRATTI DEL FILM \u201cTRA CINQUE MINUTI IN SCENA\u201d REGIA LAURA CHIOSSONE, PRODUZIONE ROSSOFILM E MAREMOSSO &nbsp; Ingresso libero &nbsp; MILANO, 28 OTT &#8211; Ci [&hellip;]<\/p>\n","protected":false},"author":1,"featured_media":2063,"comment_status":"open","ping_status":"open","sticky":false,"template":"","format":"standard","meta":[],"categories":[7],"tags":[28],"_links":{"self":[{"href":"https:\/\/lacasadelleartiste.it\/index.php?rest_route=\/wp\/v2\/posts\/2058"}],"collection":[{"href":"https:\/\/lacasadelleartiste.it\/index.php?rest_route=\/wp\/v2\/posts"}],"about":[{"href":"https:\/\/lacasadelleartiste.it\/index.php?rest_route=\/wp\/v2\/types\/post"}],"author":[{"embeddable":true,"href":"https:\/\/lacasadelleartiste.it\/index.php?rest_route=\/wp\/v2\/users\/1"}],"replies":[{"embeddable":true,"href":"https:\/\/lacasadelleartiste.it\/index.php?rest_route=%2Fwp%2Fv2%2Fcomments&post=2058"}],"version-history":[{"count":0,"href":"https:\/\/lacasadelleartiste.it\/index.php?rest_route=\/wp\/v2\/posts\/2058\/revisions"}],"wp:featuredmedia":[{"embeddable":true,"href":"https:\/\/lacasadelleartiste.it\/index.php?rest_route=\/wp\/v2\/media\/2063"}],"wp:attachment":[{"href":"https:\/\/lacasadelleartiste.it\/index.php?rest_route=%2Fwp%2Fv2%2Fmedia&parent=2058"}],"wp:term":[{"taxonomy":"category","embeddable":true,"href":"https:\/\/lacasadelleartiste.it\/index.php?rest_route=%2Fwp%2Fv2%2Fcategories&post=2058"},{"taxonomy":"post_tag","embeddable":true,"href":"https:\/\/lacasadelleartiste.it\/index.php?rest_route=%2Fwp%2Fv2%2Ftags&post=2058"}],"curies":[{"name":"wp","href":"https:\/\/api.w.org\/{rel}","templated":true}]}}